{"id":116660,"date":"2025-12-18T16:07:16","date_gmt":"2025-12-18T16:07:16","guid":{"rendered":"https:\/\/www.europesays.com\/no\/116660\/"},"modified":"2025-12-18T16:07:16","modified_gmt":"2025-12-18T16:07:16","slug":"oppgang-pa-wall-street-etter-inflasjonstall-e24","status":"publish","type":"post","link":"https:\/\/www.europesays.com\/no\/116660\/","title":{"rendered":"Oppgang p\u00e5 Wall Street etter inflasjonstall \u2013 E24"},"content":{"rendered":"<p><img decoding=\"async\" class=\"image-asset hyperion-css-u06ts1\" data-test-tag=\"image-asset\" src=\"https:\/\/www.europesays.com\/no\/wp-content\/uploads\/2025\/12\/ba7d1da3-4e77-4859-9486-cc7f108e98b3\"  alt=\"\"  loading=\"eager\" fetchpriority=\"high\" style=\"aspect-ratio:1900 \/ 1267\"\/> Foto: Seth Wenig \/ APPublisert: <\/p>\n<p>For mindre enn 2 timer siden<\/p>\n<p>Oppdatert for mindre enn 50 minutter siden<\/p>\n<ul class=\"hyperion-css-pte5x0\">\n<li aria-label=\"link\" class=\"narrow-button hyperion-css-1sz7d3n\">Kopier lenke<\/li>\n<li aria-label=\"link\" class=\"wide-button hyperion-css-1sz7d3n\">Kopier lenke<\/li>\n<li aria-label=\"facebook\" class=\"narrow-button hyperion-css-1sz7d3n\">Del p\u00e5 Facebook<\/li>\n<li aria-label=\"facebook\" class=\"wide-button hyperion-css-1sz7d3n\">Del p\u00e5 Facebook<\/li>\n<li aria-label=\"email\" class=\"narrow-button hyperion-css-1sz7d3n\">Del med e-post<\/li>\n<li aria-label=\"email\" class=\"wide-button hyperion-css-1sz7d3n\">Del med e-post<\/li>\n<\/ul>\n<p class=\"hyperion-css-1lemvax\">Saken oppdateres<\/p>\n<p class=\"hyperion-css-1lemvax\"><strong>Slik ser det ut p\u00e5 store indekser i USA rett etter \u00e5pning:<\/strong><\/p>\n<ul class=\"hyperion-css-pkq1ci\" data-test-tag=\"list\">\n<li class=\"hyperion-css-12h2ush\">S&amp;P 500 er opp 1,07 prosent<\/li>\n<li class=\"hyperion-css-12h2ush\">Nasdaq Composite stiger 1,51prosent<\/li>\n<li class=\"hyperion-css-12h2ush\">Dow Jones er opp 0,85 prosent<\/li>\n<\/ul>\n<p class=\"hyperion-css-1lemvax\">Oppgangen kommer etter en t\u00f8ff handelsdag onsdag, der S&amp;P 500 og Dow Jones stengte ned for fjerde dag p\u00e5 rad. <\/p>\n<p class=\"hyperion-css-1lemvax\">Nasdaq Composite falt 1,8 prosent, presset ned av tap i ledende halvlederaksjer knyttet til kunstig intelligens-handelen, if\u00f8lge<a aria-label=\" CNBC\" class=\"default hyperion-css-1rezu2g\" href=\"https:\/\/www.cnbc.com\/2025\/12\/17\/stock-market-today-live-updates.html\" rel=\"noopener nofollow noreferrer\" data-test-tag=\"external-link\" target=\"_blank\"> CNBC<\/a>.<\/p>\n<p class=\"hyperion-css-1lemvax\">Micron Technology hopper opp med 13,30 prosent tidlig i handelen. <\/p>\n<p class=\"hyperion-css-1lemvax\">Selskapet leverte onsdag kvartalstall som langt overgikk forventningene. <\/p>\n<p class=\"hyperion-css-1lemvax\">Micron Technology som lager minnechips og lagringsteknologi til datamaskiner, rapporterte inntekter p\u00e5 13,64 milliarder dollar mot forventede 12,84 milliarder, skriver<a aria-label=\" CNBC\" class=\"default hyperion-css-1rezu2g\" href=\"https:\/\/www.cnbc.com\/2025\/12\/17\/micron-q1-earnings-forecast-memory-demand-ai.html\" rel=\"noopener nofollow noreferrer\" data-test-tag=\"external-link\" target=\"_blank\"> CNBC<\/a>.<\/p>\n<p class=\"hyperion-css-1lemvax\">Databrikkegiganten sp\u00e5r n\u00e5 inntekter p\u00e5 18,70 milliarder dollar i det innev\u00e6rende kvartalet, mot forventede 14,4 milliarder, if\u00f8lge <a aria-label=\"Bloomberg\" class=\"default hyperion-css-1rezu2g\" href=\"https:\/\/www.bloomberg.com\/news\/articles\/2025-12-17\/micron-gives-rosy-sales-forecast-after-ai-boom-spurs-demand\" rel=\"noopener nofollow noreferrer\" data-test-tag=\"external-link\" target=\"_blank\">Bloomberg<\/a>.<\/p>\n<p class=\"hyperion-css-1lemvax\">Microns konsernsjef Sanjay Mehrotra sier at veksten i kapasiteten p\u00e5 AI-datasentre f\u00f8rer til en kraftig \u00f8kning i ettersp\u00f8rselen etter h\u00f8yytelses- og h\u00f8ykapasitetsminne og -lagring, og at ettersp\u00f8rselen etter servere har \u00f8kt betydelig.<\/p>\n<p class=\"hyperion-css-1lemvax\">Ferske inflasjonstall fra USA ble i dag offentliggjort. <\/p>\n<p class=\"hyperion-css-1lemvax\">Den amerikanske prisveksten (KPI) kom inn p\u00e5 2,7 prosent i november. Kjerneinflasjonen landet p\u00e5 2,6 prosent.<\/p>\n<p class=\"hyperion-css-1lemvax\">P\u00e5 forh\u00e5nd var det ventet henholdsvis 3,1 prosent og 3,0 prosent, if\u00f8lge en Bloomberg-unders\u00f8kelse.<\/p>\n<p class=\"hyperion-css-1lemvax\">Dette er den f\u00f8rste oppdateringen etter at tallene for september ble publisert p\u00e5 etterskudd i oktober. Det skyldes nedstengningen av statsapparatet i h\u00f8st. Dagens rapport er for \u00f8vrig forsinket med \u00e9n uke.<\/p>\n","protected":false},"excerpt":{"rendered":"Foto: Seth Wenig \/ APPublisert: For mindre enn 2 timer siden Oppdatert for mindre enn 50 minutter siden&hellip;\n","protected":false},"author":2,"featured_media":116661,"comment_status":"","ping_status":"","sticky":false,"template":"","format":"standard","meta":{"footnotes":""},"categories":[5],"tags":[20,21,24,25,15,19,22,23,17,18,13,30,28,29,14,16,26,27],"class_list":{"0":"post-116660","1":"post","2":"type-post","3":"status-publish","4":"format-standard","5":"has-post-thumbnail","7":"category-overskrifter","8":"tag-breaking-news","9":"tag-breakingnews","10":"tag-featured-news","11":"tag-featurednews","12":"tag-headlines","13":"tag-hovedoppslag","14":"tag-latest-news","15":"tag-latestnews","16":"tag-main-news","17":"tag-mainnews","18":"tag-news","19":"tag-no","20":"tag-norge","21":"tag-norway","22":"tag-nyheter","23":"tag-overskrifter","24":"tag-top-stories","25":"tag-topstories"},"share_on_mastodon":{"url":"https:\/\/pubeurope.com\/@no\/115741435291597041","error":""},"_links":{"self":[{"href":"https:\/\/www.europesays.com\/no\/wp-json\/wp\/v2\/posts\/116660","targetHints":{"allow":["GET"]}}],"collection":[{"href":"https:\/\/www.europesays.com\/no\/wp-json\/wp\/v2\/posts"}],"about":[{"href":"https:\/\/www.europesays.com\/no\/wp-json\/wp\/v2\/types\/post"}],"author":[{"embeddable":true,"href":"https:\/\/www.europesays.com\/no\/wp-json\/wp\/v2\/users\/2"}],"replies":[{"embeddable":true,"href":"https:\/\/www.europesays.com\/no\/wp-json\/wp\/v2\/comments?post=116660"}],"version-history":[{"count":0,"href":"https:\/\/www.europesays.com\/no\/wp-json\/wp\/v2\/posts\/116660\/revisions"}],"wp:featuredmedia":[{"embeddable":true,"href":"https:\/\/www.europesays.com\/no\/wp-json\/wp\/v2\/media\/116661"}],"wp:attachment":[{"href":"https:\/\/www.europesays.com\/no\/wp-json\/wp\/v2\/media?parent=116660"}],"wp:term":[{"taxonomy":"category","embeddable":true,"href":"https:\/\/www.europesays.com\/no\/wp-json\/wp\/v2\/categories?post=116660"},{"taxonomy":"post_tag","embeddable":true,"href":"https:\/\/www.europesays.com\/no\/wp-json\/wp\/v2\/tags?post=116660"}],"curies":[{"name":"wp","href":"https:\/\/api.w.org\/{rel}","templated":true}]}}