{"id":116672,"date":"2025-12-18T16:26:07","date_gmt":"2025-12-18T16:26:07","guid":{"rendered":"https:\/\/www.europesays.com\/no\/116672\/"},"modified":"2025-12-18T16:26:07","modified_gmt":"2025-12-18T16:26:07","slug":"franske-vinbonder-i-krise-vurderer-a-slutte-nrk-klima","status":"publish","type":"post","link":"https:\/\/www.europesays.com\/no\/116672\/","title":{"rendered":"Franske vinb\u00f8nder i krise \u2013 vurderer \u00e5 slutte \u2013 NRK \u2013 Klima"},"content":{"rendered":"<p>\u2013 Siden jeg startet i 2016 har vi hatt en klimarelatert katastrofe hvert eneste \u00e5r, noen ganger to, tre eller til og med fire. Det sier vinbonden Fabrien Mariscal til AFP.<\/p>\n<p>Mariscal, som tok over ving\u00e5rden etter sin far, har 450 m\u00e5l med vinranker i Aude, s\u00f8r i Frankrike.<\/p>\n<p><strong>\u2013 De siste to-tre \u00e5rene har jeg mistet mellom 70 og 80 prosent av avlingen p\u00e5 grunn av ekstremv\u00e6r.<\/strong><\/p>\n<p>I \u00e5r var det heteb\u00f8lge som tok knekken p\u00e5 druene hans.<\/p>\n<p>\u2013 15. august steg temperaturen til 45\u201346 grader, samtidig som det var en varm vind. Alt ble brent, druene t\u00f8rket inn og var limt til vinrankene under innh\u00f8stingen. Jeg tapte 50 prosent av produksjonen, sier Mariscal.<\/p>\n<p>    \u2190<\/p>\n<ul data-scroll-container=\"\" role=\"list\">\n<li><img alt=\"Hans Cosson-Eide, redaksjonsleder for klima og teknologi.\"  width=\"3840\" height=\"962\" loading=\"lazy\"\/>Derfor blir Europa varmere\n<p>Heteb\u00f8lgene i Europa kommer oftere, varer lengre, og n\u00e5r h\u00f8yere temperaturer enn f\u00f8r.<\/p>\n<p>Forskerne er n\u00e5 tydelige p\u00e5 at dette i stor grad skyldes menneskeskapte klimagassutslipp.<\/p>\n<p>Sveip for \u00e5 lese mer om hvordan sommerne har endret seg, og hva vi kan gj\u00f8re med det.<\/p>\n<\/li>\n<li><img alt=\"En mann kj\u00f8ler seg ned med vann fra en fontene i Spania.\"  width=\"3840\" height=\"2160\" loading=\"lazy\"\/>\n<p>\n        AP\n      <\/p>\n<p>S\u00e5 mye varmere har det blitt<\/p>\n<p>Sannsynligheten for heteb\u00f8lger i verden er nesten tre ganger s\u00e5 stor n\u00e5, som den var f\u00f8r den industrielle revolusjonen.<\/p>\n<p>Store deler av Europa har de siste \u00e5rene hatt makstemperaturer rundt 10 grader varmere enn normalt.<\/p>\n<\/li>\n<li><img alt=\"En kvinne slapper av i varmen i Tuileries-parken i Paris.\"  width=\"3840\" height=\"1281\" loading=\"lazy\"\/>\n<p>\n        AP\n      <\/p>\n<p>Hver grad teller<\/p>\n<p>Forskere har studert menneskers p\u00e5virkning p\u00e5 klimaet siden tidlig 1900-tall, og bevisene har blitt sterkere siden. Likevel har verdens utslipp fortsatt \u00e5 \u00f8ke.<\/p>\n<p>Dersom den globale oppvarmingen n\u00e5r 2 grader, vil antallet heteb\u00f8lger i verden trolig doble seg fra dagens niv\u00e5. 4 graders oppvarming kan doble antallet heteb\u00f8lger enda en gang, if\u00f8lge FNs klimapanel.<\/p>\n<p>Men n\u00e5 skjer det noe.<\/p>\n<\/li>\n<li><img alt=\"Barn leker i en fontene i Aten.\"  width=\"3840\" height=\"2160\" loading=\"lazy\"\/>\n<p>\n        AP\n      <\/p>\n<p>Finnes det h\u00e5p?<\/p>\n<p>Det kan hende verden <a href=\"https:\/\/www.nytimes.com\/2024\/05\/30\/climate\/carbon-emissions-falling-global.html\" rel=\"nofollow noopener\" target=\"_blank\">omsider har n\u00e5dd utslippstoppen<\/a>. Jo mindre klimagasser vi slipper ut, jo mindre vil disse endringene fortsette \u00e5 eskalere.<\/p>\n<p>Mange storbyer har ogs\u00e5 blitt flinkere til \u00e5 h\u00e5ndtere heteb\u00f8lger. Slike tiltak har allerede gjort at f\u00e6rre d\u00f8r av heten, enn de ellers ville gjort.<\/p>\n<\/li>\n<\/ul>\n<p>\u2192<\/p>\n<p>I tillegg til klimaproblemene sliter vinb\u00f8ndene med \u00f8kte kostnader.<\/p>\n<p><strong>\u2013 Vi taper penger s\u00e5 fort vi st\u00e5r opp om morgenen, uten en gang \u00e5 g\u00e5 p\u00e5 jobb, sier Mariscal.<\/strong><\/p>\n<p><img decoding=\"async\"   src=\"data:image\/gif;base64,R0lGODlhAQABAIAAAAAAAP\/\/\/yH5BAEAAAAALAAAAAABAAEAAAIBRAA7\" loading=\"eager\" alt=\"et stort \u00e5ker med avlinger\" title=\"Foto: AFP\"\/><\/p>\n<p class=\"\">H\u00f8stfargene har spredt seg p\u00e5 vinrankene i Camplong-d&#8217;Aude,<br \/>\ns\u00f8r i Frankrike.<\/p>\n<p>Foto: AFP<\/p>\n<p>Elendig vinh\u00f8st<\/p>\n<p>Det er ikke bare Mariscal som er fortvilet over \u00e5rets vinh\u00f8st.<\/p>\n<p>Vinbladet La Revue du vin de France skriver at det i \u00e5r ventes en h\u00f8st p\u00e5 35,9 millioner hektoliter. En hektoliter er 100 liter, eller 133 vanlige vinflasker.<\/p>\n<p><strong>Det er 16 prosent lavere enn gjennomsnittet for de siste fem \u00e5rene.<\/strong><\/p>\n<p><img decoding=\"async\"   src=\"data:image\/gif;base64,R0lGODlhAQABAIAAAAAAAP\/\/\/yH5BAEAAAAALAAAAAABAAEAAAIBRAA7\" loading=\"eager\" alt=\"En person arbeider i en vinmark om h\u00f8sten, ved busker med oransje bladverk. Omgivelsene er preget av \u00e5pen jord og noen tr\u00e6r. Skyene p\u00e5 himmelen er lysere, og landskapet har en naturlig skilnad. Det er skj\u00e6r av brunt og gr\u00f8nt i bakgrunnen.\" title=\"Foto: IDRISS BIGOU-GILLES \/ AFP \/ NTB\"\/><\/p>\n<p class=\"\">Fabien Mariscal ser p\u00e5 skadene p\u00e5 vinplantene sine som er kommet av t\u00f8rke og ekstrem varme.<\/p>\n<p>Foto: IDRISS BIGOU-GILLES \/ AFP \/ NTB<\/p>\n<p>Tollmurer<\/p>\n<p>P\u00e5 toppen av en d\u00e5rlig vinh\u00f8st kommer tollmurer som er satt opp i noen av de viktigste eksportlandene for fransk vin.<\/p>\n<p>President Donald Trump har innf\u00f8rt en toll p\u00e5 15 prosent p\u00e5 varer fra EU, en toll som ogs\u00e5 gjelder vin.<\/p>\n<p><strong><a href=\"https:\/\/www.theguardian.com\/world\/2025\/nov\/23\/french-winemakers-sales-slump-crisis-talks\" ec-id=\"https:\/\/www.theguardian.com\/world\/2025\/nov\/23\/french-winemakers-sales-slump-crisis-talks\" ec-name=\"The Guardian\" rel=\"nofollow noopener\" target=\"_blank\">The Guardian<\/a> skriver at Kina i sommer innf\u00f8rte toll p\u00e5 32,2 prosent p\u00e5 mange vinbaserte brennevinsdrikker, som cognac og armagnac.<\/strong><\/p>\n<p><img decoding=\"async\"   src=\"data:image\/gif;base64,R0lGODlhAQABAIAAAAAAAP\/\/\/yH5BAEAAAAALAAAAAABAAEAAAIBRAA7\" loading=\"eager\" alt=\"B\u00f8nder demonstrerer med plakat\" title=\"Foto: Reuters\"\/><\/p>\n<p class=\"\">\u00abIkke noe land uten b\u00f8nder\u00bb var et av slagordene da vinb\u00f8ndene demonstrerte i Beziers 15. november.<\/p>\n<p>Foto: Reuters<\/p>\n<p>Drikker mindre vin<\/p>\n<p>I tillegg til klima og toll drikkes det stadig mindre vin. Bransjenettstedet <a href=\"https:\/\/www.vinetur.com\/en\/2025112793764\/global-wine-consumption-plunges-to-63-year-low-as-us-sales-drop-72-in-2024.html\" ec-id=\"https:\/\/www.vinetur.com\/en\/2025112793764\/global-wine-consumption-plunges-to-63-year-low-as-us-sales-drop-72-in-2024.html\" ec-name=\"Vinetur\" rel=\"nofollow noopener\" target=\"_blank\">Vinetur<\/a> skriver at p\u00e5 verdensbasis gikk salget ned 12,5 prosent fra 2017 til 2024.<\/p>\n<p><strong>I fjor ble det solgt 217,2 millioner hektoliter vin i verden. Ikke siden 1961 har det v\u00e6rt solgt s\u00e5 lite vin.<\/strong><\/p>\n<p>Vinetur trekker frem flere grunner til nedgangen. Mange unge dropper vin til fordel for energidrikker og annet. \u00d8l vokser frem i det som tradisjonelt var vinland.<\/p>\n<p><img decoding=\"async\"   src=\"data:image\/gif;base64,R0lGODlhAQABAIAAAAAAAP\/\/\/yH5BAEAAAAALAAAAAABAAEAAAIBRAA7\" loading=\"eager\" alt=\"en person som st\u00e5r i en blomstereng.\" title=\"Foto: AFP\"\/><\/p>\n<p class=\"\">Vinrankene p\u00e5 Le Cellier d&#8217;Orfee s\u00f8r i Frankrike skal n\u00e5 beskj\u00e6res f\u00f8r vinteren.<\/p>\n<p>Foto: AFP<\/p>\n<p>Vokser ikke opp med vin<\/p>\n<p>F\u00f8r 1956 var det tillatt \u00e5 servere vin til skolem\u00e5ltider i Frankrike. Da ble det innf\u00f8rt forbud mot \u00e5 gi vin til barn under 14 \u00e5r. Statistikken viser at den generasjonen som vokste opp med vin, n\u00e5 er p\u00e5 vei til \u00e5 d\u00f8 ut.<\/p>\n<p>I <a href=\"https:\/\/www.vinetsociete.fr\/etude\/barometre-francais-vin\/\" ec-id=\"https:\/\/www.vinetsociete.fr\/etude\/barometre-francais-vin\/\" ec-name=\"en meningsm\u00e5ling for Vin &amp; Soci\u00e9t\u00e9\" rel=\"nofollow noopener\" target=\"_blank\">en meningsm\u00e5ling for Vin &amp; Soci\u00e9t\u00e9<\/a> denne m\u00e5neden sier 77 prosent av franskmennene at de drikker vin. Det er ned fra 85 prosent i 2019, en kraftig nedgang p\u00e5 seks \u00e5r.<\/p>\n<p>Og de som drikker, drikker mindre. 88 prosent av franskmenn sier de holder seg til helseanbefalinger om hvor mye de skal drikke.<\/p>\n<p><img decoding=\"async\"   src=\"data:image\/gif;base64,R0lGODlhAQABAIAAAAAAAP\/\/\/yH5BAEAAAAALAAAAAABAAEAAAIBRAA7\" loading=\"eager\" alt=\"Flere flasker med r\u00f8dvin st\u00e5r p\u00e5 et bord, hver med unike etiketter. Vinene stammer fra forskjellige ving\u00e5rder i Pauillac. Omgivelsene er uklare, men en innend\u00f8rs setting antydes. Bildet fokuserer p\u00e5 vinproduktene uten mennesker til stede.\" title=\"Foto: Benoit Tessier \/ Reuters \/ NTB\"\/><\/p>\n<p class=\"\">Sist vinter var det ingen flasker med alkoholfri vin \u00e5 se p\u00e5 den store messen Wine Paris. I februar neste \u00e5r kommer 62 produsenter.<\/p>\n<p>Foto: Benoit Tessier \/ Reuters \/ NTB<\/p>\n<p>Alkoholfri vin<\/p>\n<p>I Frankrike har det vakt oppsikt at noen produsenter pr\u00f8ver seg med alkoholfri vin, skriver AFP.<\/p>\n<p>Under den store vinmessen Wine Paris, som arrangeres i februar neste \u00e5r, skal det for f\u00f8rste gang v\u00e6re en avdeling for alkoholfrie varianter av vin og brennevin.<\/p>\n<p>Til sammen 62 produsenter skal stille ut sine produkter. Vinkelneren Laurent Derh\u00e9 sier at vi n\u00e5 oppf\u00f8rer oss annerledes ved bordet.<\/p>\n<p><strong>\u2013 Vi drikker mindre for \u00e5 kunne spise bedre, sier Derh\u00e9 til nettstedet <a href=\"https:\/\/www.larvf.com\/le-salon-wine-paris-2026-mettra-en-avant-le-vin-desalcoolise,4909867.asp\" ec-id=\"https:\/\/www.larvf.com\/le-salon-wine-paris-2026-mettra-en-avant-le-vin-desalcoolise,4909867.asp\" ec-name=\"larvf.com\" rel=\"nofollow noopener\" target=\"_blank\">larvf.com<\/a>.<\/strong><\/p>\n<p><img decoding=\"async\"   src=\"data:image\/gif;base64,R0lGODlhAQABAIAAAAAAAP\/\/\/yH5BAEAAAAALAAAAAABAAEAAAIBRAA7\" loading=\"eager\" alt=\"En maskin i felten\" title=\"Foto: AFP\"\/><\/p>\n<p class=\"\">En traktor pl\u00f8yer opp vinranker i Roquefort-des-Corbieres sist vinter. Franske vinb\u00f8nder f\u00e5r n\u00e5 st\u00f8tte til \u00e5 kvitte seg med vinranker.<\/p>\n<p>Foto: AFP<\/p>\n<p>Krisem\u00f8te i Paris<\/p>\n<p>Tidligere i h\u00f8st var det krisem\u00f8te mellom vinprodusentene og landbruksdepartementet.<\/p>\n<p>Resultatet ble at staten gir 150 millioner euro \u2013 vel 1,8 milliarder kroner \u2013 til vinb\u00f8nder som g\u00e5r med kvitte seg med vinrankene.<\/p>\n<p><strong>I fjor ble 270 kvadratkilometer med vindruer pl\u00f8yet opp og \u00f8delagt. I \u00e5r kan det bli nye 350 km\u00b2.<\/strong><\/p>\n<p>Lokale klager imidlertid over pl\u00f8yingen og sier at det \u00f8ker faren for store skogbranner.<\/p>\n<p><img decoding=\"async\"   src=\"data:image\/gif;base64,R0lGODlhAQABAIAAAAAAAP\/\/\/yH5BAEAAAAALAAAAAABAAEAAAIBRAA7\" loading=\"eager\" alt=\"Demonstranter holder en trekiste med et kors og et skilt som sier &quot;La R\u00e9publique tue la viticulture&quot;. Omgivelsene er en bygate om kvelden med palmer i bakgrunnen. Deltakerne har ulike kl\u00e6r og tatoveringer, noe som indikerer en aktiv og engasjert gruppe. Handlingen indikerer protest mot forhold som ang\u00e5r vinproduksjonen.\" title=\"Foto: Manon Cruz \/ Reuters \/ NTB\"\/><\/p>\n<p class=\"\">Demonstrerende b\u00f8nder i Beziers 15. november med kister og plakat med teksten \u00abRepublikken dreper vindyrkingen\u00bb.<\/p>\n<p>Foto: Manon Cruz \/ Reuters \/ NTB<\/p>\n<p>1100 milliarder i \u00e5ret<\/p>\n<p>For Frankrike er krise i vinindustrien alvorlig for \u00f8konomien. Terre de Vins skriver at fransk vin og brennevin omsetter for 92 milliarder euro \u2013 over 1100 milliarder norske kroner \u2013 i \u00e5ret.<\/p>\n<p>Sammen med luksusvarer (som Dior og YSL) og flyproduksjon er det en av landets tre store industrier.<\/p>\n<p>N\u00e5 viser en m\u00e5ling gjort av <a href=\"https:\/\/www.franceagrimer.fr\/\" ec-id=\"https:\/\/www.franceagrimer.fr\/\" ec-name=\"FranceAgriMer\" rel=\"nofollow noopener\" target=\"_blank\">FranceAgriMer<\/a> at 20 prosent av landets vinb\u00f8nder vurderer \u00e5 f\u00e5 seg noe annet \u00e5 gj\u00f8re.<\/p>\n<p>I h\u00f8st samlet vinb\u00f8nder seg til en demonstrasjon i Beziers. If\u00f8lge AFP var det mellom 4000 og 7000 til stede.<\/p>\n<p><strong>\u2013 Vin er ikke en offentlig fiende, det er kultur, det er arv, det er glede og deling rundt et bord, sa vinbonde J\u00e9r\u00f4me Despey under demonstrasjonen.<\/strong><\/p>\n<p>          Temperatur i verden siden 1880<br \/>\n      sammenlignet med snittet i perioden 1991-2020+0,5\u00b0Csammenlignet med normalen?Trykk for forklaring normaltemperatur<\/p>\n<p>1880<\/p>\n<p>1900<\/p>\n<p>1920<\/p>\n<p>1940<\/p>\n<p>1960<\/p>\n<p>1980<\/p>\n<p>2000<\/p>\n<p>2020<\/p>\n<p><a class=\"klimastatus-link-2rXk0X svelte-bswcvn\" href=\"https:\/\/www.nrk.no\/klima\/status\" rel=\"nofollow noopener\" target=\"_blank\">G\u00e5 til NRKs Klimastatus<br \/>\n      <\/a>Hvorfor er de fleste \u00e5rene bl\u00e5 og kaldere enn normalen?<\/p>\n<p>Dette er fordi alle \u00e5rene n\u00e5 sammenlignes med en ny normal, det vil si gjennomsnittet av v\u00e6r i 30-\u00e5rsperioden 1991-2020. Disse 30 \u00e5rene har v\u00e6rt uvanlig varme. De fleste andre \u00e5r blir derfor kaldere enn normalt.<\/p>\n<p>Inntil nylig brukte forskerne en normalperiode som gikk fra 1961-1990. I disse \u00e5rene var det relativt kaldt. Det begynner \u00e5 bli en god stund siden 1960-tallet og den nye normalen gj\u00f8r at vi kan sammenlignet v\u00e6ret med klimaet (normalen) som folk faktisk opplever i dag.<\/p>\n<p>Normal-perioden blir bestemt av Verdens meteorologiorganisasjon (WMO), og brukes i alle land. P\u00e5 den m\u00e5ten kan vi sammenligne v\u00e6ret i Norge med andre land og vi kan m\u00e5le endringer over hele kloden.<\/p>\n<p>Hvordan kan man regne ut \u00e9n temperatur for hele verden?<\/p>\n<p>Dette tallet er resultat av et komplisert regnestykke. <\/p>\n<p>Det gj\u00f8res m\u00e5linger med termometre b\u00e5de p\u00e5 land og p\u00e5 havoverflaten (p\u00e5 havet er termometrene festet til b\u00f8yer). Noen steder st\u00e5r termometrene tett, ander steder er det langt mellom dem. Ved hjelp av statistisk metode klarer forskerne \u00e5 gi m\u00e5lingene ulik vekt, slik at alle omr\u00e5der f\u00e5r like stor betydning:<\/p>\n<p>Dataene som brukes i denne grafen kommer fra amerikanske NOAA. De har delt kloden inn i ruter p\u00e5 5\u00b0 x 5\u00b0 og regner ut \u00e9n temperatur for hver rute. Da kan de igjen regne seg frem til et globalt tall, for hver m\u00e5ned eller for hvert \u00e5r. De kan ogs\u00e5 lage tall for temperaturen bare over havet eller bare over land, eller for den nordlige og s\u00f8rlige halvkule. Rutene p\u00e5 polene er mindre enn langs ekvator p\u00e5 grunn av klodens krumming. Dette tar forskerne ogs\u00e5 hensyn til i regnestykket sitt.<\/p>\n<p>Andre, som for eksempel NASA eller Hadley Centre, regner p\u00e5 litt andre m\u00e5ter enn NOAA. Derfor er det gjerne sm\u00e5 forskjeller p\u00e5 de ulike datasettene. Trenden de viser er uansett den samme: Siden 1880 har verden blitt varmere.<\/p>\n<p>Publisert<\/p>\n<p>18.12.2025, kl. 16.58<\/p>\n","protected":false},"excerpt":{"rendered":"\u2013 Siden jeg startet i 2016 har vi hatt en klimarelatert katastrofe hvert eneste \u00e5r, noen ganger to,&hellip;\n","protected":false},"author":2,"featured_media":116673,"comment_status":"","ping_status":"","sticky":false,"template":"","format":"standard","meta":{"footnotes":""},"categories":[12],"tags":[20,21,24,25,15,22,23,13,30,28,29,14,16,26,27,42,43,44,45],"class_list":{"0":"post-116672","1":"post","2":"type-post","3":"status-publish","4":"format-standard","5":"has-post-thumbnail","7":"category-verden","8":"tag-breaking-news","9":"tag-breakingnews","10":"tag-featured-news","11":"tag-featurednews","12":"tag-headlines","13":"tag-latest-news","14":"tag-latestnews","15":"tag-news","16":"tag-no","17":"tag-norge","18":"tag-norway","19":"tag-nyheter","20":"tag-overskrifter","21":"tag-top-stories","22":"tag-topstories","23":"tag-verden","24":"tag-world","25":"tag-world-news","26":"tag-worldnews"},"share_on_mastodon":{"url":"https:\/\/pubeurope.com\/@no\/115741509885512640","error":""},"_links":{"self":[{"href":"https:\/\/www.europesays.com\/no\/wp-json\/wp\/v2\/posts\/116672","targetHints":{"allow":["GET"]}}],"collection":[{"href":"https:\/\/www.europesays.com\/no\/wp-json\/wp\/v2\/posts"}],"about":[{"href":"https:\/\/www.europesays.com\/no\/wp-json\/wp\/v2\/types\/post"}],"author":[{"embeddable":true,"href":"https:\/\/www.europesays.com\/no\/wp-json\/wp\/v2\/users\/2"}],"replies":[{"embeddable":true,"href":"https:\/\/www.europesays.com\/no\/wp-json\/wp\/v2\/comments?post=116672"}],"version-history":[{"count":0,"href":"https:\/\/www.europesays.com\/no\/wp-json\/wp\/v2\/posts\/116672\/revisions"}],"wp:featuredmedia":[{"embeddable":true,"href":"https:\/\/www.europesays.com\/no\/wp-json\/wp\/v2\/media\/116673"}],"wp:attachment":[{"href":"https:\/\/www.europesays.com\/no\/wp-json\/wp\/v2\/media?parent=116672"}],"wp:term":[{"taxonomy":"category","embeddable":true,"href":"https:\/\/www.europesays.com\/no\/wp-json\/wp\/v2\/categories?post=116672"},{"taxonomy":"post_tag","embeddable":true,"href":"https:\/\/www.europesays.com\/no\/wp-json\/wp\/v2\/tags?post=116672"}],"curies":[{"name":"wp","href":"https:\/\/api.w.org\/{rel}","templated":true}]}}