{"id":116674,"date":"2025-12-18T16:27:08","date_gmt":"2025-12-18T16:27:08","guid":{"rendered":"https:\/\/www.europesays.com\/no\/116674\/"},"modified":"2025-12-18T16:27:08","modified_gmt":"2025-12-18T16:27:08","slug":"politikk-sogndal-set-bremsen-pa-da-ma-alle-ta-stilling-til-saka-pa-nytt-sogn-avis","status":"publish","type":"post","link":"https:\/\/www.europesays.com\/no\/116674\/","title":{"rendered":"Politikk | Sogndal set bremsen p\u00e5: \u2013 D\u00e5 m\u00e5 alle ta stilling til saka p\u00e5 nytt &#8211; Sogn Avis"},"content":{"rendered":"<ol>\n<li><a href=\"https:\/\/news.google.com\/rss\/articles\/CBMipAFBVV95cUxPRXpHVWxrM2lIWFBZNnMzREwzRzZIN2pVTzVpeGhNTnFxMGpRc0dCWGZqRlhCV0tEZVcwVGpuem1kTGx5LTlDcmI3Z3FzSE5NaWhpZWhYWXcyZTY3YXJaUDdUWjZ4ZWlkLTRaV2M0cjZPODEzR2FpUnNWaXJVcHJvQS1UMHNELWtvaDltMHk4MDBJNExyT0Q2S2d5a3g3OHc1dUtIZA?oc=5\" target=\"_blank\" rel=\"nofollow noopener\">Politikk | Sogndal set bremsen p\u00e5: \u2013 D\u00e5 m\u00e5 alle ta stilling til saka p\u00e5 nytt<\/a>&nbsp;&nbsp;Sogn Avis<\/li>\n<li><a href=\"https:\/\/news.google.com\/rss\/articles\/CBMiqAFBVV95cUxQeWRxc0xWZHRFSW1nUjlGSURCdElUNDVHQXQ5dElZcVhoNkJKcjdIU1ROQ2J1UDIwbW9fTFNVOVJzQXlRbkd3cG4zMGlqdjc4Q1p4c1kyYlgwRVZaYzhkQnpiMGEzOXdZMHNrdVAwUHpKMVc5UzNVc1lBNmRwaXdnXzhjcDVoZjdYX3VnbTRKaFBnUmdaMDBuQkFEU2ppTl81blNOeXA2VHg?oc=5\" target=\"_blank\" rel=\"nofollow noopener\">Samarbeidet kan ha stranda: \u2013 Det er jo ingen som har ein plan B her<\/a>&nbsp;&nbsp;Sogn Avis<\/li>\n<li><a href=\"https:\/\/news.google.com\/rss\/articles\/CBMinAFBVV95cUxNQ005TXlOOF9yXzNUU25XM3BIYkpiVndnUmlSVUN5V01lOXZVdmRJSjVSUHlGc2JRaDVyRDVWY3A3eTI5bUw3RzJtQmRCUXVVN281dXFUb21IZmN1U0txUm12azdGQ2N4Q1NvQkl4VnJubHc0WEdoaVBCYjA5MUxmNzVwQlpJaFdHczlKXzdybXZ6bnlIQVpMY28wejM?oc=5\" target=\"_blank\" rel=\"nofollow noopener\">Seier nei: No m\u00e5 alle ta stilling til barnevern p\u00e5 nytt<\/a>&nbsp;&nbsp;Porten.no<\/li>\n<li><a href=\"https:\/\/news.google.com\/rss\/articles\/CBMijwFBVV95cUxOdzBldDhfaEZrTVNNUks4bTF1VE5VS3lKQWpjaGQ2cUV2RFZfbWhyLXhEUEJVdjRHVDYyelFHUkNQaFdhWTdMVUd5bDEweHdjQlV4Q2wxRkRLUnZjMlZzbF9XSGhNaTBjUkpTOVFBTVhuZ0ZvZ2ZmcXFlVVNFQlYtd2VpMTlVeFpwb19Dd3kxZw?oc=5\" target=\"_blank\" rel=\"nofollow noopener\">\u00c5rdal, Politikk | \u00c5rdal seier klart ja til Nav: \u2013 Har vekt kjensler<\/a>&nbsp;&nbsp;Sogn Avis<\/li>\n<li><a href=\"https:\/\/news.google.com\/rss\/articles\/CBMirgFBVV95cUxQRVFranFkSWR3anlWekpORmh1YUdCUGlTMHhtQUNMdEdGdFp1bU82eTB4QV80VWlIaDJER0QwUHNJNGdNQmlkMmtLNzV1V2ZabkIzYTAzNGZxZHYtZ3FSVi1SYkZGNXlZeDFDaTItSE5FbE9kWWZabkFjbnBlelZSS19JaWNZSDVxR1hzTi1qX2FuYUJXZzM3YlUyZG1CVjhLNWVUcTFxcHAxWHd5dVE?oc=5\" target=\"_blank\" rel=\"nofollow noopener\">Luster, Interkommunalt samarbeid | Blir beden om \u00e5 ta to steg tilbake n\u00e5r det gjeld Nav, men: \u2013 Toget er g\u00e5tt<\/a>&nbsp;&nbsp;Sogn Avis<\/li>\n<\/ol>\n","protected":false},"excerpt":{"rendered":"Politikk | Sogndal set bremsen p\u00e5: \u2013 D\u00e5 m\u00e5 alle ta stilling til saka p\u00e5 nytt&nbsp;&nbsp;Sogn Avis Samarbeidet&hellip;\n","protected":false},"author":2,"featured_media":116675,"comment_status":"","ping_status":"","sticky":false,"template":"","format":"standard","meta":{"footnotes":""},"categories":[10],"tags":[20,21,24,25,15,22,23,13,30,28,29,14,16,26,27],"class_list":{"0":"post-116674","1":"post","2":"type-post","3":"status-publish","4":"format-standard","5":"has-post-thumbnail","7":"category-norge","8":"tag-breaking-news","9":"tag-breakingnews","10":"tag-featured-news","11":"tag-featurednews","12":"tag-headlines","13":"tag-latest-news","14":"tag-latestnews","15":"tag-news","16":"tag-no","17":"tag-norge","18":"tag-norway","19":"tag-nyheter","20":"tag-overskrifter","21":"tag-top-stories","22":"tag-topstories"},"share_on_mastodon":{"url":"https:\/\/pubeurope.com\/@no\/115741513684080150","error":""},"_links":{"self":[{"href":"https:\/\/www.europesays.com\/no\/wp-json\/wp\/v2\/posts\/116674","targetHints":{"allow":["GET"]}}],"collection":[{"href":"https:\/\/www.europesays.com\/no\/wp-json\/wp\/v2\/posts"}],"about":[{"href":"https:\/\/www.europesays.com\/no\/wp-json\/wp\/v2\/types\/post"}],"author":[{"embeddable":true,"href":"https:\/\/www.europesays.com\/no\/wp-json\/wp\/v2\/users\/2"}],"replies":[{"embeddable":true,"href":"https:\/\/www.europesays.com\/no\/wp-json\/wp\/v2\/comments?post=116674"}],"version-history":[{"count":0,"href":"https:\/\/www.europesays.com\/no\/wp-json\/wp\/v2\/posts\/116674\/revisions"}],"wp:featuredmedia":[{"embeddable":true,"href":"https:\/\/www.europesays.com\/no\/wp-json\/wp\/v2\/media\/116675"}],"wp:attachment":[{"href":"https:\/\/www.europesays.com\/no\/wp-json\/wp\/v2\/media?parent=116674"}],"wp:term":[{"taxonomy":"category","embeddable":true,"href":"https:\/\/www.europesays.com\/no\/wp-json\/wp\/v2\/categories?post=116674"},{"taxonomy":"post_tag","embeddable":true,"href":"https:\/\/www.europesays.com\/no\/wp-json\/wp\/v2\/tags?post=116674"}],"curies":[{"name":"wp","href":"https:\/\/api.w.org\/{rel}","templated":true}]}}