{"id":116676,"date":"2025-12-18T16:30:15","date_gmt":"2025-12-18T16:30:15","guid":{"rendered":"https:\/\/www.europesays.com\/no\/116676\/"},"modified":"2025-12-18T16:30:15","modified_gmt":"2025-12-18T16:30:15","slug":"hjem-til-jul-snekker-gard-lokke-kjempestas","status":"publish","type":"post","link":"https:\/\/www.europesays.com\/no\/116676\/","title":{"rendered":"\u00abHjem til jul\u00bb-snekker Gard L\u00f8kke: \u2013 Kjempestas"},"content":{"rendered":"\n<p class=\"_paragraph_o9xde_4 _paragraph_xtcu6_10 layout-component text-serif-m layout-normal text-serif-m layout-padded\"><strong class=\"_strong_o9xde_25\">NB: Du kan trygt lese videre uten \u00e5 f\u00e5 servert store spoilere.<\/strong><\/p>\n<p class=\"_paragraph_o9xde_4 _paragraph_xtcu6_10 layout-component text-serif-m layout-normal text-serif-m layout-padded\">\u00abNorges kjekkeste mann\u00bb, \u00abHerregud, han er pen\u00bb, \u00abAlle dr\u00f8mmer om han n\u00e5\u00bb og \u00abJeg \u00f8nsker meg en snekker Bo til jul\u00bb, kan vi lese i kommentarfeltet til en <a href=\"https:\/\/www.vg.no\/tag\/netflix?utm_source=vg-article&amp;utm_medium=auto-tagger&amp;utm_campaign=j0P87A\" class=\"_link_o9xde_39\" rel=\"nofollow noopener\" target=\"_blank\">Netflix<\/a>-video med L\u00f8kke p\u00e5 <a href=\"https:\/\/www.tiktok.com\/@netflixnorge\/video\/7584782488325672214\" class=\"_link_o9xde_39\" rel=\"nofollow noopener\" target=\"_blank\">TikTok<\/a>.<\/p>\n<p class=\"_paragraph_o9xde_4 _paragraph_xtcu6_10 layout-component text-serif-m layout-normal text-serif-m layout-padded\">\u2013 Det er helt \u00e6rlig litt overraskende, skriver L\u00f8kke i et e-post-intervju med VG. <\/p>\n<p class=\"_paragraph_o9xde_4 _paragraph_xtcu6_10 layout-component text-serif-m layout-normal text-serif-m layout-padded\">\u2013 Men det er kjempestas og hyggelig at s\u00e5 mange liker karakteren min!<\/p>\n<p class=\"_paragraph_o9xde_4 _paragraph_xtcu6_10 layout-component text-serif-m layout-normal text-serif-m layout-padded\">26-\u00e5ringen spiller nemlig \u00abhandyman\u00bb Bo i <a href=\"https:\/\/www.vg.no\/rampelys\/i\/K8vlpX\/anmeldelse-hjem-til-jul-sesong-3\" data-track-element-type=\"Link\" data-track-id=\"link:K8vlpX\" class=\"_link_o9xde_39\" rel=\"nofollow noopener\" target=\"_blank\">sesong tre av \u00abHjem til jul\u00bb<\/a>. <\/p>\n<p class=\"_paragraph_o9xde_4 _paragraph_xtcu6_10 layout-component text-serif-m layout-normal text-serif-m layout-padded\">Ellers florerer det med forelskelseserkl\u00e6ringer p\u00e5 TikTok fra b\u00e5de menn og kvinner over hele verden: \u00abBooo, kom til Tyskland!\u00bb, \u00abJeg har ingenting \u00e5 si, som er s\u00f8mmelig\u00bb og \u00abDu k\u00e4re lille Snickar-Bo\u00bb (med referanse til Emil i L\u00f8nnebergets \u00ablille snickerbo\u00bb).<\/p>\n<p class=\"_paragraph_o9xde_4 _paragraph_xtcu6_10 layout-component text-serif-m layout-normal text-serif-m layout-padded\">\u00abHvor finnes du, Bo?\u00bb, sp\u00f8r denne gr\u00e5tende tyske mannen, mens han f\u00e5r tr\u00f8st fra kj\u00e6resten sin:<\/p>\n<p class=\"_paragraph_o9xde_4 _paragraph_xtcu6_10 layout-component text-serif-m layout-normal text-serif-m layout-padded\">Og veeeeldig mange trenger plutselig nytt kj\u00f8kken. <\/p>\n<p class=\"_paragraph_o9xde_4 _paragraph_xtcu6_10 layout-component text-serif-m layout-normal text-serif-m layout-padded\">\u2013 Det nok finnes bedre h\u00e5ndverkere enn meg til \u00e5 gj\u00f8re den jobben, sier L\u00f8kke og sender en latter-emoji.<\/p>\n<p><img alt=\"Ida Elise Broch som Johanne og Gard L\u00f8kke som Bo i \u00abHjem til jul\u00bb.  Foto: NETFLIX\" class=\"_image_qp4xg_65 layout-component layout-normal\" data-fullscreen- data-track-element-type=\"Article image fullscreen\" data-track-name=\"ImageFullscreen\" decoding=\"async\" loading=\"lazy\" height=\"1668\" itemprop=\"image\"  src=\"https:\/\/www.europesays.com\/no\/wp-content\/uploads\/2025\/12\/ce5cf110-85e3-4f88-afbc-a15f2ef4cbac\"  style=\"object-position:0% 0%\" width=\"2500\"\/>Ida Elise Broch som Johanne og Gard L\u00f8kke som Bo i \u00abHjem til jul\u00bb.  Foto: NETFLIX<\/p>\n<p class=\"_paragraph_o9xde_4 _paragraph_xtcu6_10 layout-component text-serif-m layout-normal text-serif-m layout-padded\">\u00abHjem til jul\u00bb topper listen med de mest sette Netflix-seriene i Norge akkurat n\u00e5.<\/p>\n<p class=\"_paragraph_o9xde_4 _paragraph_xtcu6_10 layout-component text-serif-m layout-normal text-serif-m layout-padded\">I skrivende stund ligger den ogs\u00e5 som nummer 10 p\u00e5 listen over de mest sette ikke-engelske seriene hos str\u00f8mmegiganten globalt \u2013 med n\u00e6r seks millioner sette timer.<\/p>\n<p class=\"_paragraph_o9xde_4 _paragraph_xtcu6_10 layout-component text-serif-m layout-normal text-serif-m layout-padded\">P\u00e5 L\u00f8kkes egen <a href=\"https:\/\/www.instagram.com\/p\/DSKnYt9kuhT\/?hl=en&amp;img_index=1\" class=\"_link_o9xde_39\" rel=\"nofollow noopener\" target=\"_blank\">Instagram<\/a> f\u00e5r han meldinger fra s\u00e5 langt unna som Mexico og Colorado<\/p>\n<p class=\"_paragraph_o9xde_4 _paragraph_xtcu6_10 layout-component text-serif-m layout-normal text-serif-m layout-padded\"><strong class=\"_strong_o9xde_25\">\u2013 Hva slags meldinger f\u00e5r du i innboksen?<\/strong><\/p>\n<p class=\"_paragraph_o9xde_4 _paragraph_xtcu6_10 layout-component text-serif-m layout-normal text-serif-m layout-padded\">\u2013 Det g\u00e5r mest i meldinger om at de er glad for at det kom en ny sesong, og at de liker rollen min. Alt fra Tokyo til Tyskland, svensker, dansker og nordmenn, men ogs\u00e5 folk fra resten av verden, sender meldinger.<\/p>\n<p><img alt=\"Gard L\u00f8kke som snekker Bo.  Foto: NETFLIX\" class=\"_image_qp4xg_65 layout-component layout-normal\" data-fullscreen- data-track-element-type=\"Article image fullscreen\" data-track-name=\"ImageFullscreen\" decoding=\"async\" loading=\"lazy\" height=\"1668\" itemprop=\"image\"  src=\"https:\/\/www.europesays.com\/no\/wp-content\/uploads\/2025\/12\/d8b7bb51-aee5-474d-9a48-1a7920559468\"  style=\"object-position:0% 0%\" width=\"2500\"\/>Gard L\u00f8kke som snekker Bo.  Foto: NETFLIX<\/p>\n<p class=\"_paragraph_o9xde_4 _paragraph_xtcu6_10 layout-component text-serif-m layout-normal text-serif-m layout-padded\"><strong class=\"_strong_o9xde_25\">\u2013 Hva er det hyggeligste de skriver?<\/strong><\/p>\n<p class=\"_paragraph_o9xde_4 _paragraph_xtcu6_10 layout-component text-serif-m layout-normal text-serif-m layout-padded\">\u2013 Det er ekstra hyggelig \u00e5 h\u00f8re fra folk i Gudbrandsdalen, som sier at de f\u00f8ler seg representert, og at jeg klarte dialekten godt. <\/p>\n<p class=\"_paragraph_o9xde_4 _paragraph_xtcu6_10 layout-component text-serif-m layout-normal text-serif-m layout-padded\">L\u00f8kke setter ogs\u00e5 stor pris p\u00e5 respons fra hjembyen Lillehammer \u2013 fra mennesker som sier at det er stas \u00e5 f\u00f8lge med p\u00e5 ham.<\/p>\n<p class=\"_paragraph_o9xde_4 _paragraph_xtcu6_10 layout-component text-serif-m layout-normal text-serif-m layout-padded\"><strong class=\"_strong_o9xde_25\">\u2013 Hva er det dr\u00f8yeste de skriver?<\/strong><\/p>\n<p class=\"_paragraph_o9xde_4 _paragraph_xtcu6_10 layout-component text-serif-m layout-normal text-serif-m layout-padded\">\u2013 Det dr\u00f8yeste er at de fortsatt er \u00abTeam Jonas\u00bb etter denne sesongen! svarer L\u00f8kke sp\u00f8kefullt og sikter til den svenske rollefiguren (spilt av Felix Sandman, 27) fra tidligere sesonger.<\/p>\n<p class=\"_paragraph_o9xde_4 _paragraph_xtcu6_10 layout-component text-serif-m layout-normal text-serif-m layout-padded\">Han legger til:<\/p>\n<p class=\"_paragraph_o9xde_4 _paragraph_xtcu6_10 layout-component text-serif-m layout-normal text-serif-m layout-padded\">\u2013 Dette er ikke s\u00e5 dr\u00f8yt kanskje, mer morsomt, men det er mange som sp\u00f8r om videohilsener til enten julebord eller bursdager. S\u00e5 her har jeg jo noe \u00e5 lene meg p\u00e5 dersom skuespill ikke skulle fungere.<\/p>\n<p><img alt=\"TV-TRIO: F.v.: Gard L\u00f8kke, Herman T\u00f8mmeraas og John Carew spiller alle i siste sesong av \u00abHjem til jul\u00bb.  Foto: Mattis Sandblad \/ VG\" class=\"_image_qp4xg_65 layout-component layout-normal\" data-fullscreen- data-track-element-type=\"Article image fullscreen\" data-track-name=\"ImageFullscreen\" decoding=\"async\" loading=\"lazy\" height=\"3226\" itemprop=\"image\"  src=\"https:\/\/www.europesays.com\/no\/wp-content\/uploads\/2025\/12\/f555a979-abbb-4d95-9376-173587c86009\"  style=\"object-position:0% 0%\" width=\"4301\"\/>TV-TRIO: F.v.: Gard L\u00f8kke, Herman T\u00f8mmeraas og John Carew spiller alle i siste sesong av \u00abHjem til jul\u00bb.  Foto: Mattis Sandblad \/ VG<\/p>\n<p class=\"_paragraph_o9xde_4 _paragraph_xtcu6_10 layout-component text-serif-m layout-normal text-serif-m layout-padded\">L\u00f8kke pr\u00f8ver \u00e5 svare alle han kjenner. <\/p>\n<p class=\"_paragraph_o9xde_4 _paragraph_xtcu6_10 layout-component text-serif-m layout-normal text-serif-m layout-padded\">\u2013 Men det er ogs\u00e5 hyggelig \u00e5 svare folk som har hatt en fin opplevelse med serien.<\/p>\n<p class=\"_paragraph_o9xde_4 _paragraph_xtcu6_10 layout-component text-serif-m layout-normal text-serif-m layout-padded\">Og det mange lurer p\u00e5, er om skuespilleren er ledig p\u00e5 markedet.<\/p>\n<p class=\"_paragraph_o9xde_4 _paragraph_xtcu6_10 layout-component text-serif-m layout-normal text-serif-m layout-padded\">\u2013 Jeg har verdens beste kj\u00e6reste, betror han \u2013 uten \u00e5 ville r\u00f8pe hvem hun er.<\/p>\n<p class=\"_paragraph_o9xde_4 _paragraph_xtcu6_10 layout-component text-serif-m layout-normal text-serif-m layout-padded\">Mer snakkesalig er han n\u00e5r VG sp\u00f8r om hva han mener er viktige egenskaper hos en partner.<\/p>\n<p class=\"_paragraph_o9xde_4 _paragraph_xtcu6_10 layout-component text-serif-m layout-normal text-serif-m layout-padded\">\u2013 Alle kvalitetene kj\u00e6resten min har! Skal jeg nevne noe, f\u00f8ler jeg at hun virkelig ser meg, og er t\u00e5lmodig og st\u00f8ttende i de tingene jeg \u00f8nsker \u00e5 gj\u00f8re i livet. Hun inspirerer meg b\u00e5de jobbrelatert og personlig, og vi liker hverandre akkurat som vi er \u2013 p\u00e5 d\u00e5rlige og gode dager.<\/p>\n<p class=\"_paragraph_o9xde_4 _paragraph_xtcu6_10 layout-component text-serif-m layout-normal text-serif-m layout-padded\">I VGs uh\u00f8ytidelige avstemning tidligere denne m\u00e5neden over hvem som er seernes dr\u00f8mmeprins i sesong tre av \u00abHjem til jul\u00bb, har et <a href=\"https:\/\/www.vg.no\/rampelys\/i\/L40dAx\/hjem-til-jul-gutta-blir-satt-ut-av-sjekkespoersmaal\" data-track-element-type=\"Link\" data-track-id=\"link:L40dAx\" class=\"_link_o9xde_39\" rel=\"nofollow noopener\" target=\"_blank\">overveiende flertall svart L\u00f8kke<\/a>.<\/p>\n<p class=\"_paragraph_o9xde_4 _paragraph_xtcu6_10 layout-component text-serif-m layout-normal text-serif-m layout-padded\">Mange lurer p\u00e5 om det blir en sesong fire av \u00abHjem til jul\u00bb.<\/p>\n<p class=\"_paragraph_o9xde_4 _paragraph_xtcu6_10 layout-component text-serif-m layout-normal text-serif-m layout-padded\">\u2013 Det hadde v\u00e6rt veldig kult! Rent egoistisk s\u00e5 h\u00e5per jeg p\u00e5 \u00e5 f\u00e5 sjansen til \u00e5 jobbe mer med \u00abHjem til jul\u00bb-familien! Men jeg er litt usikker p\u00e5 om det skjer.<\/p>\n<p class=\"_paragraph_o9xde_4 _paragraph_xtcu6_10 layout-component text-serif-m layout-normal text-serif-m layout-padded\">26-\u00e5ringen har spilt i flere filmer og serier. Han st\u00e5r ogs\u00e5 p\u00e5 rollelisten til <a href=\"https:\/\/www.vg.no\/rampelys\/i\/QMG3XP\/anmeldelse-affeksjonsverdi\" data-track-element-type=\"Link\" data-track-id=\"link:QMG3XP\" class=\"_link_o9xde_39\" rel=\"nofollow noopener\" target=\"_blank\">\u00abAffeksjonsverdi\u00bb<\/a>, som nylig havnet p\u00e5 flere av <a href=\"https:\/\/www.vg.no\/rampelys\/i\/pB6wQj\/affeksjonsverdi-kom-med-paa-oscar-kortlisten\" data-track-element-type=\"Link\" data-track-id=\"link:pB6wQj\" class=\"_link_o9xde_39\" rel=\"nofollow noopener\" target=\"_blank\">Oscar-akademiets kortlister<\/a>.<\/p>\n<p class=\"_paragraph_o9xde_4 _paragraph_xtcu6_10 layout-component text-serif-m layout-normal text-serif-m layout-padded\">\u2013 Du m\u00e5 nok vite at jeg er med for \u00e5 se de to sekundene jeg dukker opp i prat med Stellan Skarsgaard. Men det \u00e5 v\u00e6re p\u00e5 sett som skuespiller en dag med Joachim Trier (regiss\u00f8r, red.anm.), var en dr\u00f8m som gikk i oppfyllelse, sier L\u00f8kke.<\/p>\n<p class=\"_paragraph_o9xde_4 _paragraph_xtcu6_10 layout-component text-serif-m layout-normal text-serif-m layout-padded\">\u2013 Det var en fantastisk opplevelse. At filmen gj\u00f8r det s\u00e5 bra internasjonalt, er veldig imponerende og ikke minst viktig. Jeg h\u00e5per det kan ha politisk slagkraft hjemme i Norge, i en bl\u00f8dende kulturbransje. <\/p>\n<p><img alt=\"Gard L\u00f8kke deler selfie fra Thailand, der han oppholder seg akkurat n\u00e5.  Foto: PRIVAT\" class=\"_image_qp4xg_65 layout-component layout-normal\" data-fullscreen- data-track-element-type=\"Article image fullscreen\" data-track-name=\"ImageFullscreen\" decoding=\"async\" loading=\"lazy\" height=\"1122\" itemprop=\"image\"  src=\"https:\/\/www.europesays.com\/no\/wp-content\/uploads\/2025\/12\/ed94bcb2-ecd5-4d5b-91f4-6ed05efecf2a\"  style=\"object-position:0% 0%\" width=\"1595\"\/>Gard L\u00f8kke deler selfie fra Thailand, der han oppholder seg akkurat n\u00e5.  Foto: PRIVAT<\/p>\n<p class=\"_paragraph_o9xde_4 _paragraph_xtcu6_10 layout-component text-serif-m layout-normal text-serif-m layout-padded\">Julen tilbringer L\u00f8kke i Thailand med en kompis. Han bestemte seg for en litt annerledes jul i \u00e5r, og endte opp med en spontanbestilling i sommer. <\/p>\n<p class=\"_paragraph_o9xde_4 _paragraph_xtcu6_10 layout-component text-serif-m layout-normal text-serif-m layout-padded\">\u2013 Kanskje jeg feirer med en kokosn\u00f8tt og kveldsbad. Det er veldig varmt her nede, opplyser han og sender selfie fra en krok i skyggen.<\/p>\n<p class=\"_paragraph_o9xde_4 _paragraph_xtcu6_10 layout-component text-serif-m layout-normal text-serif-m layout-padded\">\u2013 Det er ogs\u00e5 fint med nye impulser. Da gleder jeg meg enda mer til jul hjemme neste \u00e5r. \u00abHjem til jul, sesong fire: Johanne er i Thailand\u00bb, fleiper han.<\/p>\n<p class=\"_paragraph_o9xde_4 _paragraph_xtcu6_10 layout-component text-serif-m layout-normal text-serif-m layout-padded\">Til neste \u00e5r venter filminnspilling i Danmark med den danske regiss\u00f8ren Jonas Risvig (31) \u2013 og norske Jonas Oftebro (29) p\u00e5 rollelisten.<\/p>\n<p class=\"_paragraph_o9xde_4 _paragraph_xtcu6_10 layout-component text-serif-m layout-normal text-serif-m layout-padded\">\u2013 Jeg gleder meg veldig. Den handler om et ishockeymilj\u00f8 som st\u00e5r overfor noen problemer, forklarer L\u00f8kke \u2013 og r\u00f8per at rollen han spiller er \u00abganske langt unna Bo i v\u00e6rem\u00e5te\u00bb. <\/p>\n<p class=\"_paragraph_o9xde_4 _paragraph_xtcu6_10 layout-component text-serif-m layout-normal text-serif-m layout-padded\">\u2013 Filmen kommer p\u00e5 kino og p\u00e5 Netflix. Jeg f\u00f8ler meg veldig takknemlig for at jeg f\u00e5r s\u00e5nne tilbud.<\/p>\n<p>Les ogs\u00e5<\/p>\n<p id=\"product-15864\" aria-expanded=\"false\" class=\"product-overview _productOverview_1m98o_134\">Evig single Johanne er lei av de konstante kommentarene om sivilstatusen sin, og legger ut p\u00e5 en 24-dagers jakt etter et kj\u00e6resteemne hun kan ta med hjem til jul.<\/p>\n<p><a class=\"_imgCont_1m98o_174\" href=\"https:\/\/saga.vg.no\/show\/hjem-til-jul-1\" rel=\"nofollow noopener\" target=\"_blank\"><img decoding=\"async\" src=\"https:\/\/www.europesays.com\/no\/wp-content\/uploads\/2025\/12\/7882476691688887065\" loading=\"lazy\" alt=\"Hjem til jul\"\/><\/a>    <script async src=\"\/\/www.instagram.com\/embed.js\"><\/script><script async src=\"\/\/www.tiktok.com\/embed.js\"><\/script><\/p>\n","protected":false},"excerpt":{"rendered":"NB: Du kan trygt lese videre uten \u00e5 f\u00e5 servert store spoilere. \u00abNorges kjekkeste mann\u00bb, \u00abHerregud, han er&hellip;\n","protected":false},"author":2,"featured_media":116677,"comment_status":"","ping_status":"","sticky":false,"template":"","format":"standard","meta":{"footnotes":""},"categories":[58],"tags":[71,14062,220,30,28,29,3222,207,72],"class_list":{"0":"post-116676","1":"post","2":"type-post","3":"status-publish","4":"format-standard","5":"has-post-thumbnail","7":"category-underholdning","8":"tag-entertainment","9":"tag-gard-lokke","10":"tag-netflix","11":"tag-no","12":"tag-norge","13":"tag-norway","14":"tag-sosiale-medier","15":"tag-tv","16":"tag-underholdning"},"share_on_mastodon":{"url":"https:\/\/pubeurope.com\/@no\/115741525786053886","error":""},"_links":{"self":[{"href":"https:\/\/www.europesays.com\/no\/wp-json\/wp\/v2\/posts\/116676","targetHints":{"allow":["GET"]}}],"collection":[{"href":"https:\/\/www.europesays.com\/no\/wp-json\/wp\/v2\/posts"}],"about":[{"href":"https:\/\/www.europesays.com\/no\/wp-json\/wp\/v2\/types\/post"}],"author":[{"embeddable":true,"href":"https:\/\/www.europesays.com\/no\/wp-json\/wp\/v2\/users\/2"}],"replies":[{"embeddable":true,"href":"https:\/\/www.europesays.com\/no\/wp-json\/wp\/v2\/comments?post=116676"}],"version-history":[{"count":0,"href":"https:\/\/www.europesays.com\/no\/wp-json\/wp\/v2\/posts\/116676\/revisions"}],"wp:featuredmedia":[{"embeddable":true,"href":"https:\/\/www.europesays.com\/no\/wp-json\/wp\/v2\/media\/116677"}],"wp:attachment":[{"href":"https:\/\/www.europesays.com\/no\/wp-json\/wp\/v2\/media?parent=116676"}],"wp:term":[{"taxonomy":"category","embeddable":true,"href":"https:\/\/www.europesays.com\/no\/wp-json\/wp\/v2\/categories?post=116676"},{"taxonomy":"post_tag","embeddable":true,"href":"https:\/\/www.europesays.com\/no\/wp-json\/wp\/v2\/tags?post=116676"}],"curies":[{"name":"wp","href":"https:\/\/api.w.org\/{rel}","templated":true}]}}