{"id":116680,"date":"2025-12-18T16:35:15","date_gmt":"2025-12-18T16:35:15","guid":{"rendered":"https:\/\/www.europesays.com\/no\/116680\/"},"modified":"2025-12-18T16:35:15","modified_gmt":"2025-12-18T16:35:15","slug":"skal-vi-ringe-politiet-for-deg","status":"publish","type":"post","link":"https:\/\/www.europesays.com\/no\/116680\/","title":{"rendered":"\u2013 Skal vi ringe politiet for deg?"},"content":{"rendered":"\n<ul class=\"_list_o9xde_3 _list_64s2r_85 _unordered_o9xde_106 text-sans-m\">\n<li class=\"_item_o9xde_30\">Barne- og familieminister Lene V\u00e5gslid ble med Barnevernvakten i Oslo p\u00e5 jobb.<\/li>\n<li class=\"_item_o9xde_30\">Barn rekrutteres til vold via sosiale medier som TikTok og Snapchat, men utgj\u00f8r likevel en liten del av statistikken.<\/li>\n<li class=\"_item_o9xde_30\">En stor utfordring i dag er barna som faller mellom psykiatrien og barnevernet \u2013 og ender opp i sistnevnte.<\/li>\n<\/ul>\n<p>Vis mer <\/p>\n<p class=\"_paragraph_o9xde_4 _paragraph_xtcu6_10 layout-component text-serif-m layout-normal text-serif-m layout-padded\">Noen timer tidligere gikk V\u00e5gslid opp trappene til andre etasje p\u00e5 politihuset p\u00e5 Gr\u00f8nland i Oslo.<\/p>\n<p class=\"_paragraph_o9xde_4 _paragraph_xtcu6_10 layout-component text-serif-m layout-normal text-serif-m layout-padded\">Det er her Barnevernvakten i Oslo holder til \u2013 akuttberedskapen for hovedstadens mest utsatte barn.<\/p>\n<p class=\"_paragraph_o9xde_4 _paragraph_xtcu6_10 layout-component text-serif-m layout-normal text-serif-m layout-padded\">Statsr\u00e5den skal f\u00f8lge Heidi, Beate og Nina og nestleder Susanne Devik Hope p\u00e5 kveldsvakt.<\/p>\n<p><img alt=\"Foto: Helge Mikalsen \/ VG\" class=\"_image_qp4xg_65 layout-component layout-normal\" data-fullscreen- data-track-element-type=\"Article image fullscreen\" data-track-name=\"ImageFullscreen\" decoding=\"async\" loading=\"lazy\" height=\"5422\" itemprop=\"image\"  src=\"https:\/\/www.europesays.com\/no\/wp-content\/uploads\/2025\/12\/2b11debc-3a6c-48f4-aab8-99a9de5aee21\"  style=\"object-position:0% 0%\" width=\"7870\"\/>Foto: Helge Mikalsen \/ VG<\/p>\n<p class=\"_paragraph_o9xde_4 _paragraph_xtcu6_10 layout-component text-serif-m layout-normal text-serif-m layout-padded\">Foran en vegg av kosedyr f\u00e5r vi h\u00f8re om de sakene som f\u00f8lges tett akkurat n\u00e5:<\/p>\n<p class=\"_paragraph_o9xde_4 _paragraph_xtcu6_10 layout-component text-serif-m layout-normal text-serif-m layout-padded\">Unge gutter som presses til voldsoppdrag, jenter som er savnet fra institusjoner og ten\u00e5ringer som kan ha forsvunnet inn i Oslos rusmilj\u00f8.<\/p>\n<p class=\"_paragraph_o9xde_4 _paragraph_xtcu6_10 layout-component text-serif-m layout-normal text-serif-m layout-padded\">\u2013 Utenom det s\u00e5 er det kj\u00f8pt inn fire pledd. De skal ned i bilene, to i hver, til eventuelle nyf\u00f8dte som fryser, sier en ansatt som er i ferd med \u00e5 klokke ut av dagvakten sin.<\/p>\n<p><img alt=\"Foto: Helge Mikalsen \/ VG\" class=\"_image_qp4xg_65 layout-component layout-normal\" data-fullscreen- data-track-element-type=\"Article image fullscreen\" data-track-name=\"ImageFullscreen\" decoding=\"async\" loading=\"lazy\" height=\"5466\" itemprop=\"image\"  src=\"https:\/\/www.europesays.com\/no\/wp-content\/uploads\/2025\/12\/a984c6c8-def8-4b7d-b201-6cfe22693233\"  style=\"object-position:0% 0%\" width=\"7903\"\/>Foto: Helge Mikalsen \/ VG<\/p>\n<p class=\"_paragraph_o9xde_4 _paragraph_xtcu6_10 layout-component text-serif-m layout-normal text-serif-m layout-padded\"><strong class=\"_strong_o9xde_25\">Denne h\u00f8sten har <\/strong>barna som trenger barnevernet, ogs\u00e5 gjort mange redde.<\/p>\n<p class=\"_paragraph_o9xde_4 _paragraph_xtcu6_10 layout-component text-serif-m layout-normal text-serif-m layout-padded\">Ten\u00e5ringer kastet granater i Pilestredet og p\u00e5 Str\u00f8mmen. Kripos advarer om rekruttering til vold via TikTok og Snapchat. Flere titalls oppdrag skal v\u00e6re avverget.<\/p>\n<p><img alt=\"Younas Mohammad-Roe, leder for Barnevernvakten i Oslo.  Foto: Helge Mikalsen \/ VG\" class=\"_image_qp4xg_65 layout-component layout-normal\" data-fullscreen- data-track-element-type=\"Article image fullscreen\" data-track-name=\"ImageFullscreen\" decoding=\"async\" loading=\"lazy\" height=\"5407\" itemprop=\"image\"  src=\"https:\/\/www.europesays.com\/no\/wp-content\/uploads\/2025\/12\/776a739e-1159-4d9e-b380-0f4a732a4f53\"  style=\"object-position:0% 0%\" width=\"7403\"\/>Younas Mohammad-Roe, leder for Barnevernvakten i Oslo.  Foto: Helge Mikalsen \/ VG<\/p>\n<p class=\"_paragraph_o9xde_4 _paragraph_xtcu6_10 layout-component text-serif-m layout-normal text-serif-m layout-padded\">\u2013 Man har sett barn bli utnyttet f\u00f8r, men den typen rekruttering er et relativt nytt fenomen: At det g\u00e5r gjennom ulike ledd og er s\u00e5 systematisk. Barn kan til \u00e5 begynne med v\u00e6re motivert, men s\u00e5 kan de ikke trekke seg ut og st\u00e5r dermed i en situasjon der de utnyttes, sier Younas Mohammad-Roe, leder for Barnevernvakten i Oslo.<\/p>\n<p class=\"_paragraph_o9xde_4 _paragraph_xtcu6_10 layout-component text-serif-m layout-normal text-serif-m layout-padded\">\u2013 Der m\u00e5 vi i barnevernet v\u00e6re gode til \u00e5 f\u00e5 til en relasjon der barnet kan \u00e5pne seg om hva som har skjedd og hvorfor, fortsetter Mohammad-Roe.<\/p>\n<p class=\"_paragraph_o9xde_4 _paragraph_xtcu6_10 layout-component text-serif-m layout-normal text-serif-m layout-padded\"><strong class=\"_strong_o9xde_25\">En ensom julestjerne<\/strong> henger i vinduet over Beate da vakttelefonen ringer.<\/p>\n<p><img alt=\"\" class=\"_image_qp4xg_65 layout-component layout-normal\" data-fullscreen- data-track-element-type=\"Article image fullscreen\" data-track-name=\"ImageFullscreen\" decoding=\"async\" loading=\"lazy\" height=\"1280\" itemprop=\"image\"  src=\"https:\/\/www.europesays.com\/no\/wp-content\/uploads\/2025\/12\/e5019f55-a71d-4fa6-abf8-835ef088dc18\"  style=\"object-position:0% 0%\" width=\"1920\"\/><\/p>\n<p class=\"_paragraph_o9xde_4 _paragraph_xtcu6_10 layout-component text-serif-m layout-normal text-serif-m layout-padded\">Det gjelder en ten\u00e5ringsjente som er i tr\u00f8bbel. Situasjonen er i ferd med \u00e5 eskalere der hun er.<\/p>\n<p class=\"_paragraph_o9xde_4 _paragraph_xtcu6_10 layout-component text-serif-m layout-normal text-serif-m layout-padded\">I l\u00f8pet av kort tid blir det flere telefoner.<\/p>\n<p class=\"_paragraph_o9xde_4 _paragraph_xtcu6_10 layout-component text-serif-m layout-normal text-serif-m layout-padded\">\u2013 Skal vi ringe politiet for deg? sp\u00f8r Heidi, som sitter med ryggen til Beate.<\/p>\n<p class=\"_paragraph_o9xde_4 _paragraph_xtcu6_10 layout-component text-serif-m layout-normal text-serif-m layout-padded\"><strong class=\"_strong_o9xde_25\">S\u00e5 tar vaktlaget<\/strong> en avgj\u00f8relse om at de m\u00e5 dra ut for \u00e5 m\u00f8te jenta ansikt til ansikt.<\/p>\n<p class=\"_paragraph_o9xde_4 _paragraph_xtcu6_10 layout-component text-serif-m layout-normal text-serif-m layout-padded\">Statsr\u00e5den havner i midtsetet bak i den lille Kia-bilen til Barnevernvakten, som svinger seg gjennom sentrumsgatene.<\/p>\n<p class=\"_paragraph_o9xde_4 _paragraph_xtcu6_10 layout-component text-serif-m layout-normal text-serif-m layout-padded\">Fremme p\u00e5 adressen forsvinner Susanne og Heidi inn for \u00e5 snakke med jenta.<\/p>\n<p class=\"_paragraph_o9xde_4 _paragraph_xtcu6_10 layout-component text-serif-m layout-normal text-serif-m layout-padded\">\u2013 Hva tenker du n\u00e5 som du ser dette utspille seg live?<\/p>\n<p class=\"_paragraph_o9xde_4 _paragraph_xtcu6_10 layout-component text-serif-m layout-normal text-serif-m layout-padded\">\u2013 Jeg tenker at de gj\u00f8r en enormt viktig jobb, svarer V\u00e5gslid fra baksetet.<\/p>\n<p class=\"_paragraph_o9xde_4 _paragraph_xtcu6_10 layout-component text-serif-m layout-normal text-serif-m layout-padded\">\u2013 Og s\u00e5 h\u00f8rer vi her under bilturen hvordan de st\u00e5r i vanskelige vurderinger, men de l\u00e5ser seg ikke til noen fordommer eller forestillinger i forkant. De er opptatt av \u00e5 g\u00e5 inn i situasjonen og finne ut hva de kan hjelpe med, sier statsr\u00e5den.<\/p>\n<p><img alt=\"Foto: Helge Mikalsen \/ VG\" class=\"_image_qp4xg_65 layout-component layout-normal\" data-fullscreen- data-track-element-type=\"Article image fullscreen\" data-track-name=\"ImageFullscreen\" decoding=\"async\" loading=\"lazy\" height=\"5476\" itemprop=\"image\"  src=\"https:\/\/www.europesays.com\/no\/wp-content\/uploads\/2025\/12\/e02935f4-b36a-4b1d-9f5e-cf43f6bf7719\"  style=\"object-position:0% 0%\" width=\"7929\"\/>Foto: Helge Mikalsen \/ VG<\/p>\n<p class=\"_paragraph_o9xde_4 _paragraph_xtcu6_10 layout-component text-serif-m layout-normal text-serif-m layout-padded\">Mens luften raskt svinner fra bilkupeen, forteller V\u00e5gslid at hun er godt kjent med kritikken mot barnevernet som kommer fra mange ulike kanter.<\/p>\n<p class=\"_paragraph_o9xde_4 _paragraph_xtcu6_10 layout-component text-serif-m layout-normal text-serif-m layout-padded\">\u2013 Og vi har utfordringer, for all del, men den daglige jobben som skjer her, med folk som tar telefonene, reiser ut og hjelper familiene; de utgj\u00f8r en enorm forskjell i folks liv, sier hun.<\/p>\n<p class=\"_paragraph_o9xde_4 _paragraph_xtcu6_10 layout-component text-serif-m layout-normal text-serif-m layout-padded\">\u2013 Politiet kaller dem samfunnets engler, og jeg er enig.<\/p>\n<p class=\"_paragraph_o9xde_4 _paragraph_xtcu6_10 layout-component text-serif-m layout-normal text-serif-m layout-padded\"><strong class=\"_strong_o9xde_25\">Et av sp\u00f8rsm\u00e5lene<\/strong> Barnevernvakten f\u00e5r ofte i desember, er om de ser en oppgang i saker i julen.<\/p>\n<p class=\"_paragraph_o9xde_4 _paragraph_xtcu6_10 layout-component text-serif-m layout-normal text-serif-m layout-padded\">Svaret p\u00e5 det er nei. Det viser statistikken deres.<\/p>\n<p class=\"_paragraph_o9xde_4 _paragraph_xtcu6_10 layout-component text-serif-m layout-normal text-serif-m layout-padded\">\u2013 Men de sakene vi har, s\u00e6rlig julaften, p\u00e5 kvelden, de gj\u00f8r et stort inntrykk. Det er klart det er spesielt n\u00e5r du har det s\u00e5 vanskelig at du m\u00e5 ha Barnevernvakten hjem til deg p\u00e5 julaften, forteller nestleder Susanne Devik Hope.<\/p>\n<p><img alt=\"\" class=\"_image_qp4xg_65 layout-component layout-normal\" data-fullscreen- data-track-element-type=\"Article image fullscreen\" data-track-name=\"ImageFullscreen\" decoding=\"async\" loading=\"lazy\" height=\"1280\" itemprop=\"image\"  src=\"https:\/\/www.europesays.com\/no\/wp-content\/uploads\/2025\/12\/517fb03a-4bf5-4ae3-8b86-93487dcfde2d\"  style=\"object-position:0% 0%\" width=\"1920\"\/><\/p>\n<p class=\"_paragraph_o9xde_4 _paragraph_xtcu6_10 layout-component text-serif-m layout-normal text-serif-m layout-padded\">Noe annet statistikken forteller om de 3378 barna som Barnevernvakten i Oslo bisto i 2024, er at det var en liten andel som dreide seg om barnets kriminalitet:<\/p>\n<p class=\"_paragraph_o9xde_4 _paragraph_xtcu6_10 layout-component text-serif-m layout-normal text-serif-m layout-padded\">Under fem prosent, noe som likevel utgjorde 142 barn. Og i 2025 holder andelen seg stabil.<\/p>\n<p class=\"_paragraph_o9xde_4 _paragraph_xtcu6_10 layout-component text-serif-m layout-normal text-serif-m layout-padded\">Det er langt vanligere at Barnevakten m\u00e5 hjelpe til p\u00e5 grunn av konflikt i hjemmet, fysisk mishandling eller fordi barn er savnet av foreldre eller institusjonen de bor p\u00e5.<\/p>\n<p><img alt=\"Foto: Helge Mikalsen \/ VG\" class=\"_image_qp4xg_65 layout-component layout-normal\" data-fullscreen- data-track-element-type=\"Article image fullscreen\" data-track-name=\"ImageFullscreen\" decoding=\"async\" loading=\"lazy\" height=\"5421\" itemprop=\"image\"  src=\"https:\/\/www.europesays.com\/no\/wp-content\/uploads\/2025\/12\/967407a6-6c16-4efa-9632-158be75904a3\"  style=\"object-position:0% 0%\" width=\"7545\"\/>Foto: Helge Mikalsen \/ VG<\/p>\n<p class=\"_paragraph_o9xde_4 _paragraph_xtcu6_10 layout-component text-serif-m layout-normal text-serif-m layout-padded\"><strong class=\"_strong_o9xde_25\">Bilen til Barnevernvakten<\/strong> har naturligvis barnesikring p\u00e5 bakd\u00f8rene. B\u00e5de statsr\u00e5den og VG sitter fast, mens tiden g\u00e5r og luften stadig blir tynnere.<\/p>\n<p class=\"_paragraph_o9xde_4 _paragraph_xtcu6_10 layout-component text-serif-m layout-normal text-serif-m layout-padded\">Utenfor bilen har politiet n\u00e5 kontroll p\u00e5 situasjonen.<\/p>\n<p class=\"_paragraph_o9xde_4 _paragraph_xtcu6_10 layout-component text-serif-m layout-normal text-serif-m layout-padded\">V\u00e5gslid vil tilbake til politihuset for \u00e5 f\u00f8lge arbeidet til Barnevernvakten.<\/p>\n<p class=\"_paragraph_o9xde_4 _paragraph_xtcu6_10 layout-component text-serif-m layout-normal text-serif-m layout-padded\">Det er n\u00e5 krabbingen begynner.<\/p>\n<p class=\"_paragraph_o9xde_4 _paragraph_xtcu6_10 layout-component text-serif-m layout-normal text-serif-m layout-padded\">F\u00f8rst frem til forsetet, s\u00e5 ut via passasjerd\u00f8ren, lutrygget, f\u00f8r hun diskret \u00e5pner bakd\u00f8ren for VG.<\/p>\n<p class=\"_paragraph_o9xde_4 _paragraph_xtcu6_10 layout-component text-serif-m layout-normal text-serif-m layout-padded\"><strong class=\"_strong_o9xde_25\">Tilbake p\u00e5 politihuset<\/strong> har Barnevernvakten f\u00e5tt inn enda en hastesak og rykket ut.<\/p>\n<p class=\"_paragraph_o9xde_4 _paragraph_xtcu6_10 layout-component text-serif-m layout-normal text-serif-m layout-padded\">Sp\u00f8rsm\u00e5let er om det er nok plasser til begge barna de har m\u00f8tt i kveld.<\/p>\n<p class=\"_paragraph_o9xde_4 _paragraph_xtcu6_10 layout-component text-serif-m layout-normal text-serif-m layout-padded\">Per n\u00e5 er det kun \u00e9n ledig seng p\u00e5 akuttinstitusjonene i hele Oslo kommune til denne typen plasseringer.<\/p>\n<p class=\"_paragraph_o9xde_4 _paragraph_xtcu6_10 layout-component text-serif-m layout-normal text-serif-m layout-padded\">\u2013 Vi er litt stresset for det ogs\u00e5 da, sier nestleder Susanne.<\/p>\n<p><img alt=\"\" class=\"_image_qp4xg_65 layout-component layout-normal\" data-fullscreen- data-track-element-type=\"Article image fullscreen\" data-track-name=\"ImageFullscreen\" decoding=\"async\" loading=\"lazy\" height=\"1280\" itemprop=\"image\"  src=\"https:\/\/www.europesays.com\/no\/wp-content\/uploads\/2025\/12\/7322ab64-1698-4e26-98c2-0033ef22ee1d\"  style=\"object-position:0% 0%\" width=\"1920\"\/><\/p>\n<p class=\"_paragraph_o9xde_4 _paragraph_xtcu6_10 layout-component text-serif-m layout-normal text-serif-m layout-padded\">Heidi krysser fingrene og forteller at akuttplasser var et stort problem for et par \u00e5r siden. Da kunne barn i verste fall havne i arresten fordi det ikke var andre alternativer.<\/p>\n<p class=\"_paragraph_o9xde_4 _paragraph_xtcu6_10 layout-component text-serif-m layout-normal text-serif-m layout-padded\">N\u00e5 er situasjonen langt bedre. I dag trekker leder Mohammad-Roe frem tilfellene som faller mellom psykiatrien og barnevernet som \u00e9n av de st\u00f8rste utfordringene.<\/p>\n<p class=\"_paragraph_o9xde_4 _paragraph_xtcu6_10 layout-component text-serif-m layout-normal text-serif-m layout-padded\">\u2013 Vi kan oppleve \u00e5 st\u00e5 i en situasjon der vi mener at de som har best kompetanse til \u00e5 hjelpe barnet n\u00e5, er psykiatrien, men s\u00e5 ender barnet likevel opp i en barnevernsinstitusjon \u2013 fordi terskelen for \u00e5 bli innlagt i helsevesenet er h\u00f8y, forklarer Mohammad-Roe.<\/p>\n<p><img alt=\"Foto: Helge Mikalsen \/ VG\" class=\"_image_qp4xg_65 layout-component layout-normal\" data-fullscreen- data-track-element-type=\"Article image fullscreen\" data-track-name=\"ImageFullscreen\" decoding=\"async\" loading=\"lazy\" height=\"5330\" itemprop=\"image\"  src=\"https:\/\/www.europesays.com\/no\/wp-content\/uploads\/2025\/12\/1a09a6fc-a0c1-4e78-a898-666f030afcf3\"  style=\"object-position:0% 0%\" width=\"7907\"\/>Foto: Helge Mikalsen \/ VG<\/p>\n<p class=\"_paragraph_o9xde_4 _paragraph_xtcu6_10 layout-component text-serif-m layout-normal text-serif-m layout-padded\"><strong class=\"_strong_o9xde_25\">Jenta som nestleder<\/strong> Susanne og Heidi rykket ut til, er ogs\u00e5 et grensetilfelle.<\/p>\n<p class=\"_paragraph_o9xde_4 _paragraph_xtcu6_10 layout-component text-serif-m layout-normal text-serif-m layout-padded\">Vilk\u00e5rene for \u00e5 ta i bruk tvang er sv\u00e6rt strenge, men akkurat n\u00e5 mener de at jenta trenger \u00e5 bli plassert i alle fall for denne natten.<\/p>\n<p class=\"_paragraph_o9xde_4 _paragraph_xtcu6_10 layout-component text-serif-m layout-normal text-serif-m layout-padded\">V\u00e5gslid sitter i en sofa og f\u00f8lger de l\u00f8pende vurderingene.<\/p>\n<p class=\"_paragraph_o9xde_4 _paragraph_xtcu6_10 layout-component text-serif-m layout-normal text-serif-m layout-padded\">\u2013 Her ser vi at lovverk, regler og praksis sammen ender opp i ekstremt vanskelige vurderinger. I barnevernsdebatten kan du av og til f\u00e5 et inntrykk av barnevernet i Norge bare kommer og henter unger. S\u00e5nn er det ikke. Det er veldig strenge regler og vilk\u00e5r, sier hun.<\/p>\n<p class=\"_paragraph_o9xde_4 _paragraph_xtcu6_10 layout-component text-serif-m layout-normal text-serif-m layout-padded\">Kort tid senere stikker Susanne bortom igjen og forteller at juristen har godkjent at jenta skal plasseres.<\/p>\n<p><img alt=\"Foto: Helge Mikalsen \/ VG\" class=\"_image_qp4xg_65 layout-component layout-normal\" data-fullscreen- data-track-element-type=\"Article image fullscreen\" data-track-name=\"ImageFullscreen\" decoding=\"async\" loading=\"lazy\" height=\"5347\" itemprop=\"image\"  src=\"https:\/\/www.europesays.com\/no\/wp-content\/uploads\/2025\/12\/ec5c0f26-8f5a-4748-982c-18e1291df7de\"  style=\"object-position:0% 0%\" width=\"7072\"\/>Foto: Helge Mikalsen \/ VG<\/p>\n<p class=\"_paragraph_o9xde_4 _paragraph_xtcu6_10 layout-component text-serif-m layout-normal text-serif-m layout-padded\">Men f\u00e5r begge barna de har hentet i kveld plass?<\/p>\n<p class=\"_paragraph_o9xde_4 _paragraph_xtcu6_10 layout-component text-serif-m layout-normal text-serif-m layout-padded\">\u2013 Heldigvis fikk vi ogs\u00e5 beskjed om at det var \u00e9n plass til. S\u00e5 da har vi to plasser, sier Susanne.<\/p>\n<p class=\"_paragraph_o9xde_4 _paragraph_xtcu6_10 layout-component text-serif-m layout-normal text-serif-m layout-padded\">\u2013 Men n\u00e5 m\u00e5 vi kj\u00f8re henne opp dit.<\/p>\n","protected":false},"excerpt":{"rendered":"Barne- og familieminister Lene V\u00e5gslid ble med Barnevernvakten i Oslo p\u00e5 jobb. Barn rekrutteres til vold via sosiale&hellip;\n","protected":false},"author":2,"featured_media":116681,"comment_status":"","ping_status":"","sticky":false,"template":"","format":"standard","meta":{"footnotes":""},"categories":[10],"tags":[3540,20,21,24,25,15,22,23,7261,13,30,28,29,14,16,26,27],"class_list":{"0":"post-116680","1":"post","2":"type-post","3":"status-publish","4":"format-standard","5":"has-post-thumbnail","7":"category-norge","8":"tag-barnevern","9":"tag-breaking-news","10":"tag-breakingnews","11":"tag-featured-news","12":"tag-featurednews","13":"tag-headlines","14":"tag-latest-news","15":"tag-latestnews","16":"tag-lene-vagslid","17":"tag-news","18":"tag-no","19":"tag-norge","20":"tag-norway","21":"tag-nyheter","22":"tag-overskrifter","23":"tag-top-stories","24":"tag-topstories"},"share_on_mastodon":{"url":"https:\/\/pubeurope.com\/@no\/115741545450772425","error":""},"_links":{"self":[{"href":"https:\/\/www.europesays.com\/no\/wp-json\/wp\/v2\/posts\/116680","targetHints":{"allow":["GET"]}}],"collection":[{"href":"https:\/\/www.europesays.com\/no\/wp-json\/wp\/v2\/posts"}],"about":[{"href":"https:\/\/www.europesays.com\/no\/wp-json\/wp\/v2\/types\/post"}],"author":[{"embeddable":true,"href":"https:\/\/www.europesays.com\/no\/wp-json\/wp\/v2\/users\/2"}],"replies":[{"embeddable":true,"href":"https:\/\/www.europesays.com\/no\/wp-json\/wp\/v2\/comments?post=116680"}],"version-history":[{"count":0,"href":"https:\/\/www.europesays.com\/no\/wp-json\/wp\/v2\/posts\/116680\/revisions"}],"wp:featuredmedia":[{"embeddable":true,"href":"https:\/\/www.europesays.com\/no\/wp-json\/wp\/v2\/media\/116681"}],"wp:attachment":[{"href":"https:\/\/www.europesays.com\/no\/wp-json\/wp\/v2\/media?parent=116680"}],"wp:term":[{"taxonomy":"category","embeddable":true,"href":"https:\/\/www.europesays.com\/no\/wp-json\/wp\/v2\/categories?post=116680"},{"taxonomy":"post_tag","embeddable":true,"href":"https:\/\/www.europesays.com\/no\/wp-json\/wp\/v2\/tags?post=116680"}],"curies":[{"name":"wp","href":"https:\/\/api.w.org\/{rel}","templated":true}]}}