{"id":116684,"date":"2025-12-18T16:38:13","date_gmt":"2025-12-18T16:38:13","guid":{"rendered":"https:\/\/www.europesays.com\/no\/116684\/"},"modified":"2025-12-18T16:38:13","modified_gmt":"2025-12-18T16:38:13","slug":"devon-aokis-ektemann-arrestert-etter-pakjorsel-i-florida","status":"publish","type":"post","link":"https:\/\/www.europesays.com\/no\/116684\/","title":{"rendered":"Devon Aokis ektemann arrestert etter p\u00e5kj\u00f8rsel i Florida"},"content":{"rendered":"<p class=\"kicker t20\" style=\"\">P\u00e5kj\u00f8rsel:\u00a0<\/p>\n<p>  Ektemannen til Hollywood-stjernen Devon Aoki ble arrestert etter p\u00e5kj\u00f8rsel.<\/p>\n<p>\n    STAKK AV: Devon Aokis ektemann James Bailey ble arrestert og skal ha stukket fra \u00e5stedet etter hendelsen. Foto: NTB \/ Shutterstock editiorial\n  <\/p>\n<p id=\"text\" class=\"svelte-1bgec1z\">I samarbeid med<\/p>\n<p>     <img decoding=\"async\" src=\"https:\/\/www.europesays.com\/no\/wp-content\/uploads\/2025\/12\/fishermansFriend.png\" alt=\"kommersiell logo\" class=\"svelte-1bgec1z\"\/>          <\/p>\n<p>Ektemannen til \u00ab2 Fast 2 Furious\u00bb-stjernen Devon Aoki (43) er arrestert etter en p\u00e5kj\u00f8rsel i Florida.<\/p>\n<p>James Bailey (40) kj\u00f8rte en Audi SQ7 SUV i Coral Gables mandag da han p\u00e5kj\u00f8rte en mann som sto p\u00e5 en sparkesykkel, if\u00f8lge en arrestrapport som <a href=\"https:\/\/www.tmz.com\/2025\/12\/18\/2-fast-2-furious-star-husband-arrested-hit-run\/\" rel=\"nofollow noopener\" target=\"_blank\">TMZ<\/a> har f\u00e5tt tak i.<\/p>\n<p>        \u00abSPILLET\u00bb: Magnus Helle l\u00f8y til de andre deltakerne om dette. Video: \u00abSpillet\u00bb\/TV 2, R\u00f8d L\u00f8per\/ Nora Skavhaug<\/p>\n<p>Rapporten skal vise at sparkesykkelf\u00f8reren befant seg i et fotgjengerfelt da han ble truffet. Bailey skal deretter ha kj\u00f8rt fra stedet og dratt hjem. En video som TV-stasjonen <a href=\"https:\/\/www.local10.com\/news\/local\/2025\/12\/16\/husband-of-2-fast-2-furious-actress-devon-aoki-injures-man-in-coral-gables-hit-and-run-cops-say\/\" rel=\"nofollow noopener\" target=\"_blank\">WPLG Local 10<\/a> har f\u00e5tt tak i, skal vise etterspillet av p\u00e5kj\u00f8rselen. Der skal offeret be sj\u00e5f\u00f8ren om \u00e5 flytte Audien bort fra foten hans f\u00f8r han faller til bakken av smerte.<\/p>\n<p>        <img loading=\"lazy\" decoding=\"async\" src=\"https:\/\/www.europesays.com\/no\/wp-content\/uploads\/2025\/12\/84004598.webp\" width=\"667\" height=\"381\" title=\"\u00ab2 FAST 2 FURIOUS\u00bb: Tyrese, Devon Aoki og den bortg\u00e5tte Paul Walker p\u00e5 premieren til filmen\u00ab 2 Fast 2 Furious\u00bb i 2003. Foto: NTB \/ Shutterstock editorial\" alt=\"\" class=\"\" style=\"--aspect-ratio-image: 1.75; \"\/><\/p>\n<p>\n        \u00ab2 FAST 2 FURIOUS\u00bb: Tyrese, Devon Aoki og den bortg\u00e5tte Paul Walker p\u00e5 premieren til filmen\u00ab 2 Fast 2 Furious\u00bb i 2003. Foto: NTB \/ Shutterstock editorial\n    <\/p>\n<p>Politiet opplyser at offeret p\u00e5dro seg to fotbrudd og et stor bl\u00e5merke p\u00e5 venstre legg. Kj\u00e6resten hans, som ogs\u00e5 var p\u00e5 stedet, kontaktet politiet og ga en beskrivelse av Baileys bil.<\/p>\n<p>    <a itemprop=\"url\" href=\"https:\/\/www.seher.no\/kjendis\/supermodellen-ble-mor-igjen\/64437644\" rel=\"nofollow noopener\" target=\"_blank\"><\/p>\n<p>        <img loading=\"lazy\" decoding=\"async\" src=\"https:\/\/www.europesays.com\/no\/wp-content\/uploads\/2025\/12\/64437665.webp\" width=\"980\" height=\"441\" title=\"Supermodellen ble mor igjen\" alt=\"\" class=\"lazyload\" style=\"--aspect-ratio-image: 2.22; \"\/><\/p>\n<p>        Supermodellen ble mor igjen<\/p>\n<p>    <\/a><\/p>\n<p>Med beskrivelsen sporet politiet Bailey ved hjelp av nummerskiltlesere og overv\u00e5kningskameraer. Politifolkene dro til bilens registrerte adresse &#8211; en villa til 9,1 millioner dollar som Bailey deler med Aoki.<\/p>\n<p>Politiet sier Aoki var hjemme da de kom og snakket med etterforskerne. Hun fortalte at hun ikke visste hvor Audien var. Da politifolkene var i ferd med \u00e5 dra, kj\u00f8rte Bailey opp i SUV-en og l\u00f8p inn i huset sitt, hvor han l\u00e5ste seg inne.<\/p>\n<p>    <a itemprop=\"url\" href=\"https:\/\/www.seher.no\/kjendis\/dukker-opp\/78503144\" rel=\"nofollow noopener\" target=\"_blank\"><\/p>\n<p>        <img loading=\"lazy\" decoding=\"async\" src=\"https:\/\/www.europesays.com\/no\/wp-content\/uploads\/2025\/12\/78502540.webp\" width=\"980\" height=\"441\" title=\"Dukker opp\" alt=\"\" class=\"lazyload\" style=\"--aspect-ratio-image: 2.22; \"\/><\/p>\n<p>        Dukker opp<\/p>\n<p>    <\/a><\/p>\n<p>Minutter senere kom Bailey ut og overga seg. Han ble arrestert for p\u00e5kj\u00f8rsel med alvorlig kroppsskade og motstand uten vold.\u00a0<\/p>\n<p>Han ble l\u00f8slatt tirsdag.<\/p>\n","protected":false},"excerpt":{"rendered":"P\u00e5kj\u00f8rsel:\u00a0 Ektemannen til Hollywood-stjernen Devon Aoki ble arrestert etter p\u00e5kj\u00f8rsel. STAKK AV: Devon Aokis ektemann James Bailey ble&hellip;\n","protected":false},"author":2,"featured_media":116685,"comment_status":"","ping_status":"","sticky":false,"template":"","format":"standard","meta":{"footnotes":""},"categories":[58],"tags":[14063,71,14064,479,2543,30,28,29,72],"class_list":{"0":"post-116684","1":"post","2":"type-post","3":"status-publish","4":"format-standard","5":"has-post-thumbnail","7":"category-underholdning","8":"tag-devon-aoki","9":"tag-entertainment","10":"tag-fast-and-furious","11":"tag-kjendis","12":"tag-kjendisdesken","13":"tag-no","14":"tag-norge","15":"tag-norway","16":"tag-underholdning"},"share_on_mastodon":{"url":"https:\/\/pubeurope.com\/@no\/115741557214635779","error":""},"_links":{"self":[{"href":"https:\/\/www.europesays.com\/no\/wp-json\/wp\/v2\/posts\/116684","targetHints":{"allow":["GET"]}}],"collection":[{"href":"https:\/\/www.europesays.com\/no\/wp-json\/wp\/v2\/posts"}],"about":[{"href":"https:\/\/www.europesays.com\/no\/wp-json\/wp\/v2\/types\/post"}],"author":[{"embeddable":true,"href":"https:\/\/www.europesays.com\/no\/wp-json\/wp\/v2\/users\/2"}],"replies":[{"embeddable":true,"href":"https:\/\/www.europesays.com\/no\/wp-json\/wp\/v2\/comments?post=116684"}],"version-history":[{"count":0,"href":"https:\/\/www.europesays.com\/no\/wp-json\/wp\/v2\/posts\/116684\/revisions"}],"wp:featuredmedia":[{"embeddable":true,"href":"https:\/\/www.europesays.com\/no\/wp-json\/wp\/v2\/media\/116685"}],"wp:attachment":[{"href":"https:\/\/www.europesays.com\/no\/wp-json\/wp\/v2\/media?parent=116684"}],"wp:term":[{"taxonomy":"category","embeddable":true,"href":"https:\/\/www.europesays.com\/no\/wp-json\/wp\/v2\/categories?post=116684"},{"taxonomy":"post_tag","embeddable":true,"href":"https:\/\/www.europesays.com\/no\/wp-json\/wp\/v2\/tags?post=116684"}],"curies":[{"name":"wp","href":"https:\/\/api.w.org\/{rel}","templated":true}]}}