{"id":116686,"date":"2025-12-18T16:42:06","date_gmt":"2025-12-18T16:42:06","guid":{"rendered":"https:\/\/www.europesays.com\/no\/116686\/"},"modified":"2025-12-18T16:42:06","modified_gmt":"2025-12-18T16:42:06","slug":"skal-undersoke-milliardsprekker-i-forsvaret","status":"publish","type":"post","link":"https:\/\/www.europesays.com\/no\/116686\/","title":{"rendered":"Skal unders\u00f8ke milliardsprekker i Forsvaret"},"content":{"rendered":"<p class=\"kicker t15 font-weight-bold m-font-weight-bold color_mobile_no_bg_color quaternary color_mobile_quaternary font-Trim text-case-transform-upper mobile-hasTextPadding\" style=\"\">Nyheter<\/p>\n<p>    Kontroll- og konstitusjonskomiteen p\u00e5 Stortinget varsler at de skal g\u00e5 gjennom overskridelser p\u00e5 Forsvarsmateriells rammeavtaler.<\/p>\n<p>\n        KONTROLL: Forsvarsminister Tore O. Sandvik og Forsvarsdepartementet m\u00e5 svare p\u00e5 sp\u00f8rsm\u00e5l innen 5. januar.<br \/>\n        Foto: Jo Straube, Forsvarets forum\n    <\/p>\n<p><a href=\"https:\/\/www.dn.no\/politikk\/kontrollkomiteen-har-startet-undersokelser-av-ukjente-milliardsprekker-i-forsvaret\/2-1-1918201\" target=\"_blank\" rel=\"nofollow noopener\">Dagens N\u00e6ringsliv<\/a>\u00a0har hatt flere artikler om rammeavtaler som er overskredet, interne advarsler om lovbrudd, og frykt for b\u00f8ter dersom sakene ble kjent i offentligheten.<\/p>\n<p>DN viser blant annet til en ukjent sprekk p\u00e5 390 millioner kroner p\u00e5 fire ulike IT-avtaler.<\/p>\n<p>Overfor\u00a0<a href=\"https:\/\/www.dn.no\/forsvar-og-sikkerhet\/graderte-sprekk-risikoen-vurderes-som-hoy-dersom-overforbruket-blir-offentlig-kjent\/2-1-1901404\" target=\"_blank\" rel=\"nofollow noopener\">avisa<\/a>\u00a0har direkt\u00f8r Gro J\u00e6re i Forsvarsmateriell sagt at det var feil \u00e5 gradere dokumenter om saken.<\/p>\n<p>I et\u00a0<a href=\"https:\/\/www.stortinget.no\/globalassets\/pdf\/initiativsaker\/rammeavtaler-forsvarssektoren\/brev_09desember_rammeavtaler_forsvarssektoren.pdf\" target=\"_blank\" rel=\"nofollow noopener\">brev<\/a>\u00a0til forsvarsminister Tore O. Sandvik (Ap), signert komit\u00e9leder Per-Willy Amundsen (Frp), ber\u00a0kontrollkomiteen\u00a0blant annet om en oversikt over \u00abdet samlede overforbruket p\u00e5 inng\u00e5tte rammeavtaler\u00bb i forsvarssektoren.<\/p>\n<p>Det var R\u00f8dt som tok initiativ til komiteens unders\u00f8kelser.<\/p>\n<p>\u2013 Det g\u00e5r ikke an at offentlige etater som forvalter milliarder av kroner, hemmeligstempler sitt eget pengerot, sier Hege Bae Nyholt, som representerer R\u00f8dt i\u00a0kontrollkomiteen, til DN.<\/p>\n<p>Eksterne granskere har if\u00f8lge avisen funnet totalt 4,9 milliarder kroner i overforbruk mellom 2016 til 2023, og de ansl\u00e5r at et milliardbel\u00f8p var brukt p\u00e5 ulovlige anskaffelser. Funnene f\u00f8rte til at en rekke tiltak ble iverksatt i Forsvaret, if\u00f8lge forsvarssjef Eirik Kristoffersen.<\/p>\n<p>\u2013 Disse tiltakene har bidratt til en bedre kontroll b\u00e5de med inng\u00e5else og forvaltning av rammeavtaler i forsvarssektoren, sa han til DN onsdag.<\/p>\n<p>Forsvarsdepartementet har f\u00e5tt frist fram til 5. januar med \u00e5 svare p\u00e5 sp\u00f8rsm\u00e5lene fra\u00a0kontrollkomiteen.<\/p>\n","protected":false},"excerpt":{"rendered":"Nyheter Kontroll- og konstitusjonskomiteen p\u00e5 Stortinget varsler at de skal g\u00e5 gjennom overskridelser p\u00e5 Forsvarsmateriells rammeavtaler. KONTROLL: Forsvarsminister&hellip;\n","protected":false},"author":2,"featured_media":87232,"comment_status":"","ping_status":"","sticky":false,"template":"","format":"standard","meta":{"footnotes":""},"categories":[12],"tags":[20,21,24,25,15,22,23,13,30,28,29,14,16,26,27,42,43,44,45],"class_list":{"0":"post-116686","1":"post","2":"type-post","3":"status-publish","4":"format-standard","5":"has-post-thumbnail","7":"category-verden","8":"tag-breaking-news","9":"tag-breakingnews","10":"tag-featured-news","11":"tag-featurednews","12":"tag-headlines","13":"tag-latest-news","14":"tag-latestnews","15":"tag-news","16":"tag-no","17":"tag-norge","18":"tag-norway","19":"tag-nyheter","20":"tag-overskrifter","21":"tag-top-stories","22":"tag-topstories","23":"tag-verden","24":"tag-world","25":"tag-world-news","26":"tag-worldnews"},"share_on_mastodon":{"url":"https:\/\/pubeurope.com\/@no\/115741572832167105","error":""},"_links":{"self":[{"href":"https:\/\/www.europesays.com\/no\/wp-json\/wp\/v2\/posts\/116686","targetHints":{"allow":["GET"]}}],"collection":[{"href":"https:\/\/www.europesays.com\/no\/wp-json\/wp\/v2\/posts"}],"about":[{"href":"https:\/\/www.europesays.com\/no\/wp-json\/wp\/v2\/types\/post"}],"author":[{"embeddable":true,"href":"https:\/\/www.europesays.com\/no\/wp-json\/wp\/v2\/users\/2"}],"replies":[{"embeddable":true,"href":"https:\/\/www.europesays.com\/no\/wp-json\/wp\/v2\/comments?post=116686"}],"version-history":[{"count":0,"href":"https:\/\/www.europesays.com\/no\/wp-json\/wp\/v2\/posts\/116686\/revisions"}],"wp:featuredmedia":[{"embeddable":true,"href":"https:\/\/www.europesays.com\/no\/wp-json\/wp\/v2\/media\/87232"}],"wp:attachment":[{"href":"https:\/\/www.europesays.com\/no\/wp-json\/wp\/v2\/media?parent=116686"}],"wp:term":[{"taxonomy":"category","embeddable":true,"href":"https:\/\/www.europesays.com\/no\/wp-json\/wp\/v2\/categories?post=116686"},{"taxonomy":"post_tag","embeddable":true,"href":"https:\/\/www.europesays.com\/no\/wp-json\/wp\/v2\/tags?post=116686"}],"curies":[{"name":"wp","href":"https:\/\/api.w.org\/{rel}","templated":true}]}}