{"id":116687,"date":"2025-12-18T16:43:10","date_gmt":"2025-12-18T16:43:10","guid":{"rendered":"https:\/\/www.europesays.com\/no\/116687\/"},"modified":"2025-12-18T16:43:10","modified_gmt":"2025-12-18T16:43:10","slug":"enighet-i-fiskeriforhandlingene-mellom-norge-og-russland","status":"publish","type":"post","link":"https:\/\/www.europesays.com\/no\/116687\/","title":{"rendered":"Enighet i fiskeriforhandlingene mellom Norge og Russland"},"content":{"rendered":"\n<p class=\"_lead_o9xde_2 _lead_xtcu6_50 layout-component text-serif-m layout-normal text-serif-l layout-component layout-wide layout-padded _wide_17hqh_1 layout-padded\">Norge og Russland er enige om firskerisamarbeidet. I \u00e5r var det ventet s\u00e6rlig krevende forhandlinger mellom landene.<\/p>\n<p><img alt=\"Norge og Russland har blitt enige om fiskerisamarbeidet i Barentshavet neste \u00e5r, Fiskeri- og havminister Marianne Sivertsen N\u00e6ss (Ap) kaller forhandlingene for \u00abutfordrende\u00bb, men er forn\u00f8yd med resultatet. Foto: Ole Berg-Rusten \/ NTB\" class=\"_image_qp4xg_65 layout-component layout-wide\" data-fullscreen- data-track-element-type=\"Article image fullscreen\" data-track-name=\"ImageFullscreen\" fetchpriority=\"high\" decoding=\"sync\" loading=\"eager\" height=\"5741\" itemprop=\"image\"  src=\"https:\/\/www.europesays.com\/no\/wp-content\/uploads\/2025\/12\/5293bdc6-6121-4634-8a29-959b464d9d2c\"  style=\"object-position:0% 0%\" width=\"8924\"\/>Norge og Russland har blitt enige om fiskerisamarbeidet i Barentshavet neste \u00e5r, Fiskeri- og havminister Marianne Sivertsen N\u00e6ss (Ap) kaller forhandlingene for \u00abutfordrende\u00bb, men er forn\u00f8yd med resultatet. Foto: Ole Berg-Rusten \/ NTB<\/p>\n<ul aria-hidden=\"true\" class=\"_images_ntbth_112\">\n<li><a class=\"_link_ntbth_117\" href=\"https:\/\/www.vg.no\/forfatter\/ntb\" style=\"z-index:1\" title=\"NTB\" rel=\"nofollow noopener\" target=\"_blank\"><img alt=\"Bilde av NTB\" class=\"_image_ntbth_93\" fetchpriority=\"low\" loading=\"lazy\" decoding=\"async\" itemprop=\"image\"  src=\"https:\/\/www.europesays.com\/no\/wp-content\/uploads\/2025\/12\/1766076190_326_c33980b0-5d07-4027-84a1-813f90a7c8d6\"  width=\"480\"\/><\/a><\/li>\n<\/ul>\n<p> Oppdatert torsdag 18. desember kl. 17:39     <\/p>\n<p class=\"_paragraph_o9xde_4 _paragraph_xtcu6_10 layout-component text-serif-m layout-normal text-serif-m layout-padded\">De to landene forhandler om forvaltningen av felles fiskebestander i Barentshavet, blant annet torsk, hyse og lodde.<\/p>\n<p class=\"_paragraph_o9xde_4 _paragraph_xtcu6_10 layout-component text-serif-m layout-normal text-serif-m layout-padded\">\u2013 Avtalen er s\u00e6rlig viktig i en tid hvor vi har hatt en betydelig reduksjon i torskekvoten over flere \u00e5r. Vi har n\u00e5 satt en torskekvote for 2026 p\u00e5 et niv\u00e5 som bidrar til en gjenoppbygging av bestanden, sier fiskeri- og havminister Marianne Sivertsen N\u00e6ss (Ap) i en pressemelding.<\/p>\n<p>Lav torskekvote<\/p>\n<p class=\"_paragraph_o9xde_4 _paragraph_xtcu6_10 layout-component text-serif-m layout-normal text-serif-m layout-padded\">Torskekvoten for 2026 er den laveste siden 1991, og er fastsatt til 285.000 tonn, noe som er en nedgang p\u00e5 16 prosent fra \u00e5rets kvote. Kvoten for hyse \u00f8ker med 16 prosent, mens totalkvoten for bl\u00e5kveite er p\u00e5 omtrent det samme som i \u00e5r og snabeluerkvoten \u00f8ker med 3 prosent.<\/p>\n<p class=\"_paragraph_o9xde_4 _paragraph_xtcu6_10 layout-component text-serif-m layout-normal text-serif-m layout-padded\">Som i \u00e5r blir det heller ikke i 2026 \u00e5pnet for et loddefiske.<\/p>\n<p class=\"_paragraph_o9xde_4 _paragraph_xtcu6_10 layout-component text-serif-m layout-normal text-serif-m layout-padded\">Det var ventet at forhandlingene kunne bli s\u00e6rlig krevende i \u00e5r, blant annet fordi Norge i sommer varslet full utestengelse av to russiske rederier etter mistanke om spionasje.<\/p>\n<p>Utfordrende forhandlingsklima<\/p>\n<p class=\"_paragraph_o9xde_4 _paragraph_xtcu6_10 layout-component text-serif-m layout-normal text-serif-m layout-padded\">Ministeren bekrefter at \u00e5rets forhandlinger har v\u00e6rt utfordrende.<\/p>\n<p class=\"_paragraph_o9xde_4 _paragraph_xtcu6_10 layout-component text-serif-m layout-normal text-serif-m layout-padded\">\u2013 Listef\u00f8ringen av de to russiske rederiene har satt sitt preg p\u00e5 forhandlingene, men jeg er glad for at vi p\u00e5 tross av dette er kommet fram til en enighet som skal bidra til en b\u00e6rekraftig forvaltning av de viktige fiskeressursene i nord, sier hun.<\/p>\n<p class=\"_paragraph_o9xde_4 _paragraph_xtcu6_10 layout-component text-serif-m layout-normal text-serif-m layout-padded\">Partene er ogs\u00e5 blitt enige om et felles norsk-russisk forskningsprogram for 2026 og videref\u00f8ring av felles tekniske reguleringstiltak for fisket.<\/p>\n<p class=\"_paragraph_o9xde_4 _paragraph_xtcu6_10 layout-component text-serif-m layout-normal text-serif-m layout-padded\">De norsk-russiske fiskeriforhandlingene har p\u00e5g\u00e5tt siden 1975 og er viktige for \u00e5 sikre b\u00e6rekraftig forvaltning av fiskeressursene i nord.<\/p>\n","protected":false},"excerpt":{"rendered":"Norge og Russland er enige om firskerisamarbeidet. I \u00e5r var det ventet s\u00e6rlig krevende forhandlinger mellom landene. Norge&hellip;\n","protected":false},"author":2,"featured_media":116688,"comment_status":"","ping_status":"","sticky":false,"template":"","format":"standard","meta":{"footnotes":""},"categories":[10],"tags":[20,21,24,25,15,22,23,13,30,28,29,14,16,26,27],"class_list":{"0":"post-116687","1":"post","2":"type-post","3":"status-publish","4":"format-standard","5":"has-post-thumbnail","7":"category-norge","8":"tag-breaking-news","9":"tag-breakingnews","10":"tag-featured-news","11":"tag-featurednews","12":"tag-headlines","13":"tag-latest-news","14":"tag-latestnews","15":"tag-news","16":"tag-no","17":"tag-norge","18":"tag-norway","19":"tag-nyheter","20":"tag-overskrifter","21":"tag-top-stories","22":"tag-topstories"},"share_on_mastodon":{"url":"https:\/\/pubeurope.com\/@no\/115741577114592262","error":""},"_links":{"self":[{"href":"https:\/\/www.europesays.com\/no\/wp-json\/wp\/v2\/posts\/116687","targetHints":{"allow":["GET"]}}],"collection":[{"href":"https:\/\/www.europesays.com\/no\/wp-json\/wp\/v2\/posts"}],"about":[{"href":"https:\/\/www.europesays.com\/no\/wp-json\/wp\/v2\/types\/post"}],"author":[{"embeddable":true,"href":"https:\/\/www.europesays.com\/no\/wp-json\/wp\/v2\/users\/2"}],"replies":[{"embeddable":true,"href":"https:\/\/www.europesays.com\/no\/wp-json\/wp\/v2\/comments?post=116687"}],"version-history":[{"count":0,"href":"https:\/\/www.europesays.com\/no\/wp-json\/wp\/v2\/posts\/116687\/revisions"}],"wp:featuredmedia":[{"embeddable":true,"href":"https:\/\/www.europesays.com\/no\/wp-json\/wp\/v2\/media\/116688"}],"wp:attachment":[{"href":"https:\/\/www.europesays.com\/no\/wp-json\/wp\/v2\/media?parent=116687"}],"wp:term":[{"taxonomy":"category","embeddable":true,"href":"https:\/\/www.europesays.com\/no\/wp-json\/wp\/v2\/categories?post=116687"},{"taxonomy":"post_tag","embeddable":true,"href":"https:\/\/www.europesays.com\/no\/wp-json\/wp\/v2\/tags?post=116687"}],"curies":[{"name":"wp","href":"https:\/\/api.w.org\/{rel}","templated":true}]}}