{"id":116689,"date":"2025-12-18T16:44:17","date_gmt":"2025-12-18T16:44:17","guid":{"rendered":"https:\/\/www.europesays.com\/no\/116689\/"},"modified":"2025-12-18T16:44:17","modified_gmt":"2025-12-18T16:44:17","slug":"ukraina-kan-ga-tom-for-penger-i-april-dette-er-de-ulike-alternativene-som-diskuteres","status":"publish","type":"post","link":"https:\/\/www.europesays.com\/no\/116689\/","title":{"rendered":"Ukraina kan g\u00e5 tom for penger i april. Dette er de ulike alternativene som diskuteres."},"content":{"rendered":"<p class=\"extendedContent hyperion-css-eyn926\" data-test-tag=\"lead-text\">BRUSSEL: Ukraina kan g\u00e5 tom for penger i april, og Zelenskyj frykter for droneproduksjonen. Torsdag ettermiddag kom en potensielt viktig utvikling. <\/p>\n<p><img decoding=\"async\" class=\"image-asset hyperion-css-u06ts1\" data-test-tag=\"image-asset\" src=\"https:\/\/www.europesays.com\/no\/wp-content\/uploads\/2025\/12\/c3a632f9-9eb3-4da7-bafd-e18540498dc6\"  alt=\"Ukrainas Volodymyr Zelenskyj (t.v.) i samtale med presidenten i Det europeiske r\u00e5d, Antonio Costa. I forgrunnen til venstre Ungarns statsminister Viktor Orban.\"  loading=\"eager\" fetchpriority=\"high\" style=\"aspect-ratio:2048 \/ 1365\"\/>Ukrainas Volodymyr Zelenskyj (t.v.) i samtale med presidenten i Det europeiske r\u00e5d, Antonio Costa. I forgrunnen til venstre Ungarns statsminister Viktor Orban. Foto: Stephanie Lecocq, Reuters\/NTB<\/p>\n<p class=\"paywall hyperion-css-1j42uic\">Saken oppdateres.<\/p>\n<p class=\"paywall hyperion-css-1j42uic\">Minst fire ganger i \u00e5ret m\u00f8tes EUs stats- og regjeringssjefer til formelt toppm\u00f8te i Brussel. P\u00e5 \u00e5rets siste m\u00f8te er stemningen mer alvorstynget enn vanlig.<\/p>\n<p class=\"hyperion-css-1qm9e9t\">Les hele saken med abonnement<\/p>\n<p>Allerede abonnent? Logg inn<\/p>\n","protected":false},"excerpt":{"rendered":"BRUSSEL: Ukraina kan g\u00e5 tom for penger i april, og Zelenskyj frykter for droneproduksjonen. Torsdag ettermiddag kom en&hellip;\n","protected":false},"author":2,"featured_media":116690,"comment_status":"","ping_status":"","sticky":false,"template":"","format":"standard","meta":{"footnotes":""},"categories":[5],"tags":[20,21,24,25,15,19,22,23,17,18,13,30,28,29,14,16,26,27],"class_list":{"0":"post-116689","1":"post","2":"type-post","3":"status-publish","4":"format-standard","5":"has-post-thumbnail","7":"category-overskrifter","8":"tag-breaking-news","9":"tag-breakingnews","10":"tag-featured-news","11":"tag-featurednews","12":"tag-headlines","13":"tag-hovedoppslag","14":"tag-latest-news","15":"tag-latestnews","16":"tag-main-news","17":"tag-mainnews","18":"tag-news","19":"tag-no","20":"tag-norge","21":"tag-norway","22":"tag-nyheter","23":"tag-overskrifter","24":"tag-top-stories","25":"tag-topstories"},"share_on_mastodon":{"url":"https:\/\/pubeurope.com\/@no\/115741580778197668","error":""},"_links":{"self":[{"href":"https:\/\/www.europesays.com\/no\/wp-json\/wp\/v2\/posts\/116689","targetHints":{"allow":["GET"]}}],"collection":[{"href":"https:\/\/www.europesays.com\/no\/wp-json\/wp\/v2\/posts"}],"about":[{"href":"https:\/\/www.europesays.com\/no\/wp-json\/wp\/v2\/types\/post"}],"author":[{"embeddable":true,"href":"https:\/\/www.europesays.com\/no\/wp-json\/wp\/v2\/users\/2"}],"replies":[{"embeddable":true,"href":"https:\/\/www.europesays.com\/no\/wp-json\/wp\/v2\/comments?post=116689"}],"version-history":[{"count":0,"href":"https:\/\/www.europesays.com\/no\/wp-json\/wp\/v2\/posts\/116689\/revisions"}],"wp:featuredmedia":[{"embeddable":true,"href":"https:\/\/www.europesays.com\/no\/wp-json\/wp\/v2\/media\/116690"}],"wp:attachment":[{"href":"https:\/\/www.europesays.com\/no\/wp-json\/wp\/v2\/media?parent=116689"}],"wp:term":[{"taxonomy":"category","embeddable":true,"href":"https:\/\/www.europesays.com\/no\/wp-json\/wp\/v2\/categories?post=116689"},{"taxonomy":"post_tag","embeddable":true,"href":"https:\/\/www.europesays.com\/no\/wp-json\/wp\/v2\/tags?post=116689"}],"curies":[{"name":"wp","href":"https:\/\/api.w.org\/{rel}","templated":true}]}}