{"id":116695,"date":"2025-12-18T16:50:05","date_gmt":"2025-12-18T16:50:05","guid":{"rendered":"https:\/\/www.europesays.com\/no\/116695\/"},"modified":"2025-12-18T16:50:05","modified_gmt":"2025-12-18T16:50:05","slug":"nyheter-brunost-snart-tomt-for-julebrunost-minker-raskt","status":"publish","type":"post","link":"https:\/\/www.europesays.com\/no\/116695\/","title":{"rendered":"Nyheter, Brunost | Snart tomt for julebrunost: \u2013 Minker raskt"},"content":{"rendered":"\n<p>\u2013 Vi kan melde om at hos oss begynner det n\u00e5 \u00e5 bli sv\u00e6rt lite julebrunost igjen p\u00e5 lager. Det aller meste er kj\u00f8rt ut til butikkene, s\u00e5 for andre presidenter, konger og vanlige folk som vil sikre seg julebrunost til jul, kan det v\u00e6re greit \u00e5 vite at n\u00e5 minker det raskt, skriver kommunikasjonssjef Tanita Kvein\u00e5 Gaze i Tine til NTB.<\/p>\n<p>Hun melder om rekordsalg av julebrunosten \u2013 70 prosent mer enn i fjor.<\/p>\n<p>\u2013 S\u00e5 det er klart at det begynner \u00e5 bli skrint da.<\/p>\n<p>Ettertraktet utenfor landegrensene<\/p>\n<p>Mandag denne uken hadde statsminister Jonas Gahr St\u00f8re (Ap) med seg en julebrunost i bagasjen da han dro til toppm\u00f8te i Berlin.<\/p>\n<p>Julegaven skulle til Finlands president Alexander Stubb \u2013 som tydeligvis er blitt hektet.<\/p>\n<p>\u2013 Finlands president sendte meg en melding for noen dager siden og spurte om jeg kunne skaffe Tines julebrunost, som er en delikatesse. Den er litt s\u00f8tere og med litt mer krydder, fortalte statsministeren til NTB i Berlin.<\/p>\n<p>\u2013 Han sendte meg bilde p\u00e5 SMS av en tom innpakning. Tom plast. Han var g\u00e5tt tom, sa St\u00f8re.<\/p>\n<p>Den finske presidenten ble s\u00e5 glad for gaven at han senere forstyrret St\u00f8re under et pressetreff \u2013 og ropte ut sin takknemlighet.<\/p>\n<p>\u2013 Det vakte begeistring, vil jeg si, sier statsministeren.<\/p>\n<p>Ett tonn igjen<\/p>\n<p>Her til lands har julebrunosten v\u00e6rt en snakkis lenge.<\/p>\n<p>I flere \u00e5r har mediene skrevet om at produktet rives ut av butikkhyllene. Og 2025 ser ikke ut til \u00e5 v\u00e6re et unntak.<\/p>\n<p>N\u00e5 er det cirka 1 tonn igjen av Tines julebrunost, opplyser selskapet.<\/p>\n<p>\u2013 Det er fordelt p\u00e5 lagre rundt om i hele landet. Interessen for julebrunosten har tatt helt av, sier kommunikasjonssjefen.<\/p>\n<p>En av dem som tidligere har st\u00e5tt fram som stor fan av julebrunosten, er kjendis\u00f8konom Hallgeir Kvadsheim.<\/p>\n<p>I fjor fortalte han <a rel=\"noopener nofollow\" href=\"https:\/\/www.godt.no\/aktuelt\/i\/73Rv3v\/hallgeir-kvadsheim-jubler-ikke-et-sekund-for-tidlig\" target=\"_blank\">VG <\/a>at han hadde hamstret store mengder som skulle vare hele \u00e5ret.<\/p>\n<p>NTB har tatt kontakt med Synn\u00f8ve Finden for \u00e5 sp\u00f8rre om hvordan salget g\u00e5r for deres julebrunost, men har forel\u00f8pig ikke f\u00e5tt svar.<\/p>\n<p>(\u00a9NTB)<\/p>\n","protected":false},"excerpt":{"rendered":"\u2013 Vi kan melde om at hos oss begynner det n\u00e5 \u00e5 bli sv\u00e6rt lite julebrunost igjen p\u00e5&hellip;\n","protected":false},"author":2,"featured_media":116696,"comment_status":"","ping_status":"","sticky":false,"template":"","format":"standard","meta":{"footnotes":""},"categories":[12],"tags":[36,20,21,8993,24,25,15,6567,22,23,990,13,30,28,29,14,16,1510,26,27,42,43,44,45],"class_list":{"0":"post-116695","1":"post","2":"type-post","3":"status-publish","4":"format-standard","5":"has-post-thumbnail","7":"category-verden","8":"tag-art","9":"tag-breaking-news","10":"tag-breakingnews","11":"tag-brunost","12":"tag-featured-news","13":"tag-featurednews","14":"tag-headlines","15":"tag-julevarer","16":"tag-latest-news","17":"tag-latestnews","18":"tag-matvarer","19":"tag-news","20":"tag-no","21":"tag-norge","22":"tag-norway","23":"tag-nyheter","24":"tag-overskrifter","25":"tag-story","26":"tag-top-stories","27":"tag-topstories","28":"tag-verden","29":"tag-world","30":"tag-world-news","31":"tag-worldnews"},"share_on_mastodon":{"url":"https:\/\/pubeurope.com\/@no\/115741604175707059","error":""},"_links":{"self":[{"href":"https:\/\/www.europesays.com\/no\/wp-json\/wp\/v2\/posts\/116695","targetHints":{"allow":["GET"]}}],"collection":[{"href":"https:\/\/www.europesays.com\/no\/wp-json\/wp\/v2\/posts"}],"about":[{"href":"https:\/\/www.europesays.com\/no\/wp-json\/wp\/v2\/types\/post"}],"author":[{"embeddable":true,"href":"https:\/\/www.europesays.com\/no\/wp-json\/wp\/v2\/users\/2"}],"replies":[{"embeddable":true,"href":"https:\/\/www.europesays.com\/no\/wp-json\/wp\/v2\/comments?post=116695"}],"version-history":[{"count":0,"href":"https:\/\/www.europesays.com\/no\/wp-json\/wp\/v2\/posts\/116695\/revisions"}],"wp:featuredmedia":[{"embeddable":true,"href":"https:\/\/www.europesays.com\/no\/wp-json\/wp\/v2\/media\/116696"}],"wp:attachment":[{"href":"https:\/\/www.europesays.com\/no\/wp-json\/wp\/v2\/media?parent=116695"}],"wp:term":[{"taxonomy":"category","embeddable":true,"href":"https:\/\/www.europesays.com\/no\/wp-json\/wp\/v2\/categories?post=116695"},{"taxonomy":"post_tag","embeddable":true,"href":"https:\/\/www.europesays.com\/no\/wp-json\/wp\/v2\/tags?post=116695"}],"curies":[{"name":"wp","href":"https:\/\/api.w.org\/{rel}","templated":true}]}}