{"id":116697,"date":"2025-12-18T16:51:08","date_gmt":"2025-12-18T16:51:08","guid":{"rendered":"https:\/\/www.europesays.com\/no\/116697\/"},"modified":"2025-12-18T16:51:08","modified_gmt":"2025-12-18T16:51:08","slug":"enighet-om-norsk-russisk-fiskeriavtale-for-2026-nrk-troms-og-finnmark","status":"publish","type":"post","link":"https:\/\/www.europesays.com\/no\/116697\/","title":{"rendered":"Enighet om norsk-russisk fiskeriavtale for 2026 \u2013 NRK Troms og Finnmark"},"content":{"rendered":"<p>Totalkvoten for nord\u00f8st-arktisk torsk for 2026 er fastsatt til 285 000 tonn. Dette inneb\u00e6rer en nedgang p\u00e5 16 prosent sammenlignet med \u00e5rets kvote.<\/p>\n<p>Totalkvoten av torsk fordeles mellom Norge, Russland og tredjeland etter samme prinsipper som tidligere \u00e5r. Norges del av kvoten for 2026 vil v\u00e6re 139 827 tonn.<\/p>\n<p>Totalkvoten for hyse er fastsatt til 153 293 tonn for 2026, og inneb\u00e6rer en \u00f8kning p\u00e5 18 prosent sammenlignet med innev\u00e6rende \u00e5r. Norges del av kvoten for 2026 vil v\u00e6re 76 345 tonn.<\/p>\n<p>Totalkvoten for bl\u00e5kveite i 2026 er fastsatt til 19 000 tonn, som er samme niv\u00e5 som for innev\u00e6rende \u00e5r. Norges del av kvoten vil v\u00e6re 9 675 tonn.<\/p>\n<p>Det er fastsatt en totalkvote for snabeluer p\u00e5 69 177 tonn for 2026. Dette er en liten \u00f8kning p\u00e5 3 prosent sammenlignet med \u00e5rets kvote. Norges del av kvoten vil v\u00e6re 47 807 tonn.<\/p>\n<p>Som i \u00e5r blir det heller ikke i 2026 \u00e5pnet for et loddefiske.<\/p>\n<p>Forskningssamarbeid og tekniske reguleringstiltak<\/p>\n<p>Kvoter\u00e5dene for 2026 for de bestandene vi forvalter sammen med Russland, er ogs\u00e5 i \u00e5r utarbeidet i en bilateral arbeidsgruppe mellom Havforskningsinstituttet og det russiske forskningsinstituttet VNIRO. Arbeidsgruppen har fulgt internasjonalt anerkjent metodikk og rammeverk for bestandsvurdering og r\u00e5dgivning.<\/p>\n<p>Partene er enige om et felles norsk-russisk forskningsprogram for 2026 og videref\u00f8ring av felles tekniske reguleringstiltak for ut\u00f8velsen av fisket.<\/p>\n<p>(Kilde: N\u00e6rings- og fiskeridepartementet)<\/p>\n","protected":false},"excerpt":{"rendered":"Totalkvoten for nord\u00f8st-arktisk torsk for 2026 er fastsatt til 285 000 tonn. Dette inneb\u00e6rer en nedgang p\u00e5 16&hellip;\n","protected":false},"author":2,"featured_media":116698,"comment_status":"","ping_status":"","sticky":false,"template":"","format":"standard","meta":{"footnotes":""},"categories":[10],"tags":[20,21,24,25,15,22,23,13,30,28,29,14,16,26,27],"class_list":{"0":"post-116697","1":"post","2":"type-post","3":"status-publish","4":"format-standard","5":"has-post-thumbnail","7":"category-norge","8":"tag-breaking-news","9":"tag-breakingnews","10":"tag-featured-news","11":"tag-featurednews","12":"tag-headlines","13":"tag-latest-news","14":"tag-latestnews","15":"tag-news","16":"tag-no","17":"tag-norge","18":"tag-norway","19":"tag-nyheter","20":"tag-overskrifter","21":"tag-top-stories","22":"tag-topstories"},"share_on_mastodon":{"url":"https:\/\/pubeurope.com\/@no\/115741608174618353","error":""},"_links":{"self":[{"href":"https:\/\/www.europesays.com\/no\/wp-json\/wp\/v2\/posts\/116697","targetHints":{"allow":["GET"]}}],"collection":[{"href":"https:\/\/www.europesays.com\/no\/wp-json\/wp\/v2\/posts"}],"about":[{"href":"https:\/\/www.europesays.com\/no\/wp-json\/wp\/v2\/types\/post"}],"author":[{"embeddable":true,"href":"https:\/\/www.europesays.com\/no\/wp-json\/wp\/v2\/users\/2"}],"replies":[{"embeddable":true,"href":"https:\/\/www.europesays.com\/no\/wp-json\/wp\/v2\/comments?post=116697"}],"version-history":[{"count":0,"href":"https:\/\/www.europesays.com\/no\/wp-json\/wp\/v2\/posts\/116697\/revisions"}],"wp:featuredmedia":[{"embeddable":true,"href":"https:\/\/www.europesays.com\/no\/wp-json\/wp\/v2\/media\/116698"}],"wp:attachment":[{"href":"https:\/\/www.europesays.com\/no\/wp-json\/wp\/v2\/media?parent=116697"}],"wp:term":[{"taxonomy":"category","embeddable":true,"href":"https:\/\/www.europesays.com\/no\/wp-json\/wp\/v2\/categories?post=116697"},{"taxonomy":"post_tag","embeddable":true,"href":"https:\/\/www.europesays.com\/no\/wp-json\/wp\/v2\/tags?post=116697"}],"curies":[{"name":"wp","href":"https:\/\/api.w.org\/{rel}","templated":true}]}}