{"id":116713,"date":"2025-12-18T17:05:13","date_gmt":"2025-12-18T17:05:13","guid":{"rendered":"https:\/\/www.europesays.com\/no\/116713\/"},"modified":"2025-12-18T17:05:13","modified_gmt":"2025-12-18T17:05:13","slug":"drapet-pa-metkel-betew-har-funnet-vapen-2","status":"publish","type":"post","link":"https:\/\/www.europesays.com\/no\/116713\/","title":{"rendered":"Drapet p\u00e5 Metkel Betew: Har funnet v\u00e5pen"},"content":{"rendered":"<p class=\"extendedContent hyperion-css-eyn926\" data-test-tag=\"lead-text\">Politiet har funnet et v\u00e5pen av samme kaliber som ble brukt under drapet p\u00e5 Metkel Betew (46). Tingretten mener at det styrker mistanken mot Stig\u00a0Millehaugen. <\/p>\n<p><img decoding=\"async\" class=\"image-asset hyperion-css-1m0rc5w\" data-test-tag=\"image-asset\" src=\"https:\/\/www.europesays.com\/no\/wp-content\/uploads\/2025\/12\/079d94e4-542b-4050-bfcc-b6de6b127088\"  alt=\"Metkel Betew sammen med forsvarer Marius Dietrichson under Nokas-rettssaken i Stavanger i 2007. \"  loading=\"eager\" fetchpriority=\"high\" style=\"aspect-ratio:2048 \/ 1581\"\/>Metkel Betew sammen med forsvarer Marius Dietrichson under Nokas-rettssaken i Stavanger i 2007. Foto: Alf Ove Hansen \/ NTB<\/p>\n<p>Publisert: 18.12.2025 16:35 |\u00a0Oppdatert: 18.12.2025 17:30<\/p>\n<p class=\"paywall hyperion-css-1j42uic\">Nokas-raneren Metkel Betew (46) ble<a aria-label=\" funnet drept i Godliaskogen\" class=\"default hyperion-css-1raymq9\" href=\"https:\/\/www.vg.no\/nyheter\/i\/1MQ9xB\/betew-drapet-stig-millehaugen-tilbake-paa-aastedet\" target=\"_blank\" rel=\"noopener nofollow noreferrer\" data-test-tag=\"external-link\"> funnet drept i Godliaskogen<\/a>\u00a0p\u00e5 Oppsal i Oslo i slutten av april.<\/p>\n<p class=\"paywall hyperion-css-1j42uic\">Stig Millehaugen (56) er siktet i saken og sitter i varetekt.<\/p>\n<p class=\"paywall hyperion-css-1j42uic\">Tingretten skriver i en kjennelse torsdag at de ikke kan se at det har kommet nye opplysninger som svekker mistankegrunnlaget mot Millehaugen. <\/p>\n<p class=\"paywall hyperion-css-1j42uic\"><strong>\u2013 Tvert imot har politiet ved s\u00f8k 3. desember 2025 funnet et v\u00e5pen av samme kaliber som ble brukt til drapet og som vesentlig styrker mistanken mot siktede, skriver retten.<\/strong><\/p>\n<p class=\"paywall hyperion-css-1j42uic\">Millehaugen har hele tiden nektet straffskyld for drap eller medvirkning til drap p\u00e5 Betew.<\/p>\n<p class=\"paywall hyperion-css-1j42uic\"><a aria-label=\"VG \" class=\"default hyperion-css-1raymq9\" href=\"https:\/\/www.vg.no\/nyheter\/i\/WvL4pd\/drapet-paa-metkel-betew-har-funnet-vaapen\" target=\"_blank\" rel=\"noopener nofollow noreferrer\" data-test-tag=\"external-link\">VG <\/a>omtalte saken f\u00f8rst. <\/p>\n<p>\u2013 Vesentlig styrker mistanken<\/p>\n<p class=\"paywall hyperion-css-1j42uic\">\u00abTingretten kan ikke se at det har tilkommet nye opplysninger som p\u00e5 avgj\u00f8rende m\u00e5te svekker mistankegrunnlaget. Tvert imot har politiet ved s\u00f8k 3. desember 2025 funnet et v\u00e5pen av samme kaliber som ble brukt til drapet og som vesentlig styrker mistanken mot siktede\u00bb, skriver dommeren i kjennelsen.<\/p>\n<p><img decoding=\"async\" class=\"image-asset hyperion-css-n6kkq1\" data-test-tag=\"image-asset\" src=\"https:\/\/www.europesays.com\/no\/wp-content\/uploads\/2025\/12\/1766077512_275_77af7e99-103a-4051-a5fe-118df0e98fa7\"  alt=\"\"  fetchpriority=\"auto\" style=\"aspect-ratio:2048 \/ 1544\"\/>Stig Millehaugen<\/p>\n<p class=\"paywall hyperion-css-1j42uic\">N\u00e5r det gjelder faren for bevisforspillelse, som er grunnlaget for videre varetektsfengsling, skriver retten blant annet dette:<\/p>\n<p class=\"paywall hyperion-css-1j42uic\">\u00abTingretten viser ogs\u00e5 til at siktede skal ha sendt \u00abSlette\u00bb p\u00e5 melding via appen Signal til en annen Signal-bruker, noe som underbygger at det foreligger konkrete og objektive holdepunkter for at siktede vil forspille bevis i saken hvis han f\u00e5r muligheten til det.\u00bb<\/p>\n<p class=\"paywall hyperion-css-1j42uic\">If\u00f8lge tingrettens kjennelse gjenst\u00e5r det mye etterforskning. <\/p>\n<p class=\"paywall hyperion-css-1j42uic\">Torsdag behandlet Oslo tingrett en begj\u00e6ring fra politiet om forlengelse av fengslingen av Millehaugen i fire uker, noe dommeren sa ja til.<\/p>\n<p><img decoding=\"async\" class=\"image-asset hyperion-css-u06ts1\" data-test-tag=\"image-asset\" src=\"https:\/\/www.europesays.com\/no\/wp-content\/uploads\/2025\/12\/1766077513_661_101541ca-453e-4ca0-9823-ce6fe3f264f6\"  alt=\"Dronebilde av \u00e5stedet i skogholt p\u00e5 Oppsal i Oslo hvor Nokas-raner Metkel Betew ble funnet skutt og drept i april. \"  loading=\"eager\" fetchpriority=\"high\" style=\"aspect-ratio:2048 \/ 1365\"\/>Dronebilde av \u00e5stedet i skogholt p\u00e5 Oppsal i Oslo hvor Nokas-raner Metkel Betew ble funnet skutt og drept i april. Foto: Gorm Kallestad \/ NTBAvdekket navn<\/p>\n<p class=\"paywall hyperion-css-1j42uic\">\u00abPolitiets prioritering fremover er \u00e5 avklare n\u00e6rmere hendelsesforl\u00f8pet og siktedes rolle, samt avdekke eventuelt andre involverte og deres roller. Det er sikret flere telefoner og andre beslag som er under behandling og gjennomg\u00e5s. Forel\u00f8pige unders\u00f8kelser har avdekket navn p\u00e5 vitner og impliserte, og politiet forventer at nye personer vil kunne identifiseres som er av interesse for etterforskningen\u00bb.<\/p>\n<p class=\"paywall hyperion-css-1j42uic\">I 2012 ble Millehaugen d\u00f8mt til 21 \u00e5rs forvaring med en minstetid p\u00e5 ti \u00e5r for drapet p\u00e5 Young Guns-leder Mohammed \u00abJeddi\u00bb Javed. En annen mann ble d\u00f8mt i samme sak for \u00e5 ha bestilt drapet p\u00e5 gjenglederen.<\/p>\n<p class=\"paywall hyperion-css-1j42uic\">Millehaugen begj\u00e6rte seg i 2023 pr\u00f8vel\u00f8slatt i forbindelse med denne dommen, men fikk nei av lagmannsretten.<\/p>\n<p class=\"paywall hyperion-css-1j42uic\">Da drapet p\u00e5 Betew fant sted i april, hadde han permisjon fra fengselet. <\/p>\n<p class=\"paywall hyperion-css-1j42uic\">Politiet har betegnet drapet p\u00e5 Nokas-raneren Metkel Betew som \u00absv\u00e6rt brutalt og m\u00e5lrettet\u00bb. If\u00f8lge VGs opplysninger ble han funnet skutt og drept i skogholtet \u2013 og<a aria-label=\" med kuttskader i halsen\" class=\"default hyperion-css-1raymq9\" href=\"https:\/\/www.vg.no\/nyheter\/i\/1Mp5dq\/opplysninger-til-vg-metkel-betew-ble-funnet-med-kuttskader-i-halsen\" target=\"_blank\" rel=\"noopener nofollow noreferrer\" data-test-tag=\"external-link\"> med kuttskader i halsen<\/a>.<\/p>\n","protected":false},"excerpt":{"rendered":"Politiet har funnet et v\u00e5pen av samme kaliber som ble brukt under drapet p\u00e5 Metkel Betew (46). Tingretten&hellip;\n","protected":false},"author":2,"featured_media":116714,"comment_status":"","ping_status":"","sticky":false,"template":"","format":"standard","meta":{"footnotes":""},"categories":[10],"tags":[20,21,24,25,15,22,23,13,30,28,29,14,16,26,27],"class_list":{"0":"post-116713","1":"post","2":"type-post","3":"status-publish","4":"format-standard","5":"has-post-thumbnail","7":"category-norge","8":"tag-breaking-news","9":"tag-breakingnews","10":"tag-featured-news","11":"tag-featurednews","12":"tag-headlines","13":"tag-latest-news","14":"tag-latestnews","15":"tag-news","16":"tag-no","17":"tag-norge","18":"tag-norway","19":"tag-nyheter","20":"tag-overskrifter","21":"tag-top-stories","22":"tag-topstories"},"share_on_mastodon":{"url":"https:\/\/pubeurope.com\/@no\/115741663383576598","error":""},"_links":{"self":[{"href":"https:\/\/www.europesays.com\/no\/wp-json\/wp\/v2\/posts\/116713","targetHints":{"allow":["GET"]}}],"collection":[{"href":"https:\/\/www.europesays.com\/no\/wp-json\/wp\/v2\/posts"}],"about":[{"href":"https:\/\/www.europesays.com\/no\/wp-json\/wp\/v2\/types\/post"}],"author":[{"embeddable":true,"href":"https:\/\/www.europesays.com\/no\/wp-json\/wp\/v2\/users\/2"}],"replies":[{"embeddable":true,"href":"https:\/\/www.europesays.com\/no\/wp-json\/wp\/v2\/comments?post=116713"}],"version-history":[{"count":0,"href":"https:\/\/www.europesays.com\/no\/wp-json\/wp\/v2\/posts\/116713\/revisions"}],"wp:featuredmedia":[{"embeddable":true,"href":"https:\/\/www.europesays.com\/no\/wp-json\/wp\/v2\/media\/116714"}],"wp:attachment":[{"href":"https:\/\/www.europesays.com\/no\/wp-json\/wp\/v2\/media?parent=116713"}],"wp:term":[{"taxonomy":"category","embeddable":true,"href":"https:\/\/www.europesays.com\/no\/wp-json\/wp\/v2\/categories?post=116713"},{"taxonomy":"post_tag","embeddable":true,"href":"https:\/\/www.europesays.com\/no\/wp-json\/wp\/v2\/tags?post=116713"}],"curies":[{"name":"wp","href":"https:\/\/api.w.org\/{rel}","templated":true}]}}