{"id":116719,"date":"2025-12-18T17:12:39","date_gmt":"2025-12-18T17:12:39","guid":{"rendered":"https:\/\/www.europesays.com\/no\/116719\/"},"modified":"2025-12-18T17:12:39","modified_gmt":"2025-12-18T17:12:39","slug":"har-skrevet-historie","status":"publish","type":"post","link":"https:\/\/www.europesays.com\/no\/116719\/","title":{"rendered":"\u2013 Har skrevet historie"},"content":{"rendered":"<p class=\"kicker text-red color_mobile_text-red\" style=\"\">Abortrettigheter:<\/p>\n<p>  EU-parlamentet har vedtatt en resolusjon som st\u00f8tter en kampanje for \u00e5 sikre alle kvinner i EU tilgang til abort. Vedtaket er historisk, mener saksordf\u00f8rer.<\/p>\n<p>\n    Kvinner i Italia demonstrerer for retten til abort. Foto: Alessandra Tarantino \/ AP \/ NTB\n  <\/p>\n<p>\u00abMy voice, my choice\u00bb heter kampanjen som mer enn 1,2 millioner personer fra 19 EU-land har undertegnet. Kampanjen er dermed den st\u00f8rste i EUs historie.<\/p>\n<p>Tre \u00e5r har det tatt \u00e5 f\u00e5 saken p\u00e5 dagsordenen i EUs beslutningsorganer.<\/p>\n<p>Men onsdag sa alts\u00e5 EU-parlamentet med 358 mot 202 stemmer ja til en resolusjon som st\u00f8tter kravet om at alle kvinner i EU skal ha samme tilgang til abort.<\/p>\n<p>\u2013 Gir h\u00e5p\t<\/p>\n<p>\u2013 Dette betyr at EU-parlamentet akkurat har vist at kvinners rettigheter blir respektert. Dette gir oss stort h\u00e5p, sier Nika Kovac, som har ledet kampanjen, til NTB.<\/p>\n<p>Tanken er en EU-finansiert solidaritetsmekanisme som kan sikre tilgang til trygg og lovlig abort for alle kvinner, ved \u00e5 gi \u00f8konomisk st\u00f8tte til kvinner som m\u00e5 reise til et annet land for \u00e5 foreta inngrepet.<\/p>\n<p>    <a itemprop=\"url\" href=\"https:\/\/sol.no\/nyheter\/advarer-ikke-lenger-et-alternativ\/83996100\" rel=\"nofollow noopener\" target=\"_blank\"><\/p>\n<p>        <img loading=\"lazy\" decoding=\"async\" src=\"https:\/\/www.europesays.com\/no\/wp-content\/uploads\/2025\/12\/83996116.webp\" width=\"980\" height=\"441\" title=\"Advarer: - Ikke lenger et alternativ\" alt=\"\" class=\"lazyload\" style=\"--aspect-ratio-image: 2.22; \"\/><\/p>\n<p>        Advarer: &#8211; Ikke lenger et alternativ<\/p>\n<p>sol.no<\/p>\n<p>    <\/a><\/p>\n<p>EU-kommisjonen skal behandle saken i mars, og signalet fra EU-parlamentet kan p\u00e5virke utfallet, mener saksordf\u00f8rer Abir Al-Sahlani fra det svenske Centerpartiet.<\/p>\n<p>\u2013 Har skrevet historie\t<\/p>\n<p>\u2013 I dag har parlamentet skrevet historie. Vi har lyttet til kvinnene, vi har tatt ansvar, og vi har handlet, sier hun til NTB.<\/p>\n<p>If\u00f8lge resolusjonen har rundt 20 millioner kvinner i Europa fortsatt ikke tilgang til abort. I to EU-land, Polen og Malta, er aborttilgangen lik null. \u00c5tte land har en obligatorisk venteperiode, i en rekke m\u00e5 kvinner selv betale for abortinngrep, mens elleve EU-land ikke tilbyr medikamentell abort.<\/p>\n","protected":false},"excerpt":{"rendered":"Abortrettigheter: EU-parlamentet har vedtatt en resolusjon som st\u00f8tter en kampanje for \u00e5 sikre alle kvinner i EU tilgang&hellip;\n","protected":false},"author":2,"featured_media":116720,"comment_status":"","ping_status":"","sticky":false,"template":"","format":"standard","meta":{"footnotes":""},"categories":[12],"tags":[20,21,279,24,25,15,22,23,13,30,28,29,14,16,26,27,42,43,44,45],"class_list":{"0":"post-116719","1":"post","2":"type-post","3":"status-publish","4":"format-standard","5":"has-post-thumbnail","7":"category-verden","8":"tag-breaking-news","9":"tag-breakingnews","10":"tag-eu","11":"tag-featured-news","12":"tag-featurednews","13":"tag-headlines","14":"tag-latest-news","15":"tag-latestnews","16":"tag-news","17":"tag-no","18":"tag-norge","19":"tag-norway","20":"tag-nyheter","21":"tag-overskrifter","22":"tag-top-stories","23":"tag-topstories","24":"tag-verden","25":"tag-world","26":"tag-world-news","27":"tag-worldnews"},"share_on_mastodon":{"url":"https:\/\/pubeurope.com\/@no\/115741690953256097","error":""},"_links":{"self":[{"href":"https:\/\/www.europesays.com\/no\/wp-json\/wp\/v2\/posts\/116719","targetHints":{"allow":["GET"]}}],"collection":[{"href":"https:\/\/www.europesays.com\/no\/wp-json\/wp\/v2\/posts"}],"about":[{"href":"https:\/\/www.europesays.com\/no\/wp-json\/wp\/v2\/types\/post"}],"author":[{"embeddable":true,"href":"https:\/\/www.europesays.com\/no\/wp-json\/wp\/v2\/users\/2"}],"replies":[{"embeddable":true,"href":"https:\/\/www.europesays.com\/no\/wp-json\/wp\/v2\/comments?post=116719"}],"version-history":[{"count":0,"href":"https:\/\/www.europesays.com\/no\/wp-json\/wp\/v2\/posts\/116719\/revisions"}],"wp:featuredmedia":[{"embeddable":true,"href":"https:\/\/www.europesays.com\/no\/wp-json\/wp\/v2\/media\/116720"}],"wp:attachment":[{"href":"https:\/\/www.europesays.com\/no\/wp-json\/wp\/v2\/media?parent=116719"}],"wp:term":[{"taxonomy":"category","embeddable":true,"href":"https:\/\/www.europesays.com\/no\/wp-json\/wp\/v2\/categories?post=116719"},{"taxonomy":"post_tag","embeddable":true,"href":"https:\/\/www.europesays.com\/no\/wp-json\/wp\/v2\/tags?post=116719"}],"curies":[{"name":"wp","href":"https:\/\/api.w.org\/{rel}","templated":true}]}}