{"id":116721,"date":"2025-12-18T17:13:08","date_gmt":"2025-12-18T17:13:08","guid":{"rendered":"https:\/\/www.europesays.com\/no\/116721\/"},"modified":"2025-12-18T17:13:08","modified_gmt":"2025-12-18T17:13:08","slug":"norwegian-fly-skled-av-rullebanen-pa-molde-lufthavn-vaerforhold-og-sen-informasjon-sentrale-arsaker-tidens-krav","status":"publish","type":"post","link":"https:\/\/www.europesays.com\/no\/116721\/","title":{"rendered":"Norwegian-fly skled av rullebanen p\u00e5 Molde lufthavn: V\u00e6rforhold og sen informasjon sentrale \u00e5rsaker &#8211; Tidens Krav"},"content":{"rendered":"<ol>\n<li><a href=\"https:\/\/news.google.com\/rss\/articles\/CBMiywFBVV95cUxPNDNvNU8wVzExODFrcHQ2UUpaMXJ6THVaQy0tWElUZ3dWejJOcUZUZGNneVQyY2tVbXhRdkhiU2ZpRWhmcmV3WG1jcTJHSFR0WkZSY0tvYk5Panktc0hXMmxYcEdvRS1IalExU3B3TEZPSjZ2NmlGS2c5ajFVa0Y3elZtcVV1S2V0TVRJa0xjQ0JabDdsVThEeVNCTnhWRnJKNzY4RWd5OUFCWmpkUjBKLVB3eTZyRUZIcEg2SDlmaDhtSFc2MEFWd2NfVQ?oc=5\" target=\"_blank\" rel=\"nofollow noopener\">Norwegian-fly skled av rullebanen p\u00e5 Molde lufthavn: V\u00e6rforhold og sen informasjon sentrale \u00e5rsaker<\/a>&nbsp;&nbsp;Tidens Krav<\/li>\n<li><a href=\"https:\/\/news.google.com\/rss\/articles\/CBMingFBVV95cUxPYW9wQzRnS2MyY1Z3WlFvQnBCenFkbExuWHFzUExKY1hqeUVpZGFIeS1KYVhmZzJGTjFaZEtIcjZxOGh4eGdsRnZ5TjFWakgtVmFzNzVEWmx6U296aV9LWlJmRHpRNDBvaHFsVTZtREtSRE1HeWVsSFc4N0Vic1VBb194cmQxU2VibnFqTGFFQXJMbzRUcko1TGU0ZGpWQQ?oc=5\" target=\"_blank\" rel=\"nofollow noopener\">Rapport: Slik havnet flyet utenfor rullebanen<\/a>&nbsp;&nbsp;rbnett.no<\/li>\n<li><a href=\"https:\/\/news.google.com\/rss\/articles\/CBMiR0FVX3lxTFBDeGFKQXQ3YzhWNFh6ei02ZXRNeFhOcVJZdlN2RmFyY3lOMDJ2Rktla01zRDVSVmFud1ZrcnRzLXYtTkZSOU9z?oc=5\" target=\"_blank\" rel=\"nofollow noopener\">Fly havnet i fj\u00e6re\u00adsteinene i Molde \u2013 v\u00e6rforhold trolig \u00e5rsak<\/a>&nbsp;&nbsp;NRK<\/li>\n<li><a href=\"https:\/\/news.google.com\/rss\/articles\/CBMi2gFBVV95cUxQVUplMlBBX3F5M05zMVVvM3YyemRxMTItUE82RVNKRVJpd0FGbVJqZXVNMHhYaWsxTURaZWNBSkdfS1dMRzM5RGk5YlJhOXVxLUlrRWc0Q1FvYXF5MTNYMmJmY3Q3TEtnUW9velFLYkFMWG1sYkE4bHR0cnRINUszRURFN0NRUzVhTFd5T1o1TjNyWHR1NEM5aDNUVkhEV0lZQTUxUjd2TGNZU2hqbnVqTDNvTWRfYmFZajdIa3lndjlhVk1BSW1sc01ZZG5lN0t4aDdzYkZuejN3QQ?oc=5\" target=\"_blank\" rel=\"nofollow noopener\">Rapport: Flere \u00e5rsaker til at fly havnet utenfor rullebanen i Molde i fjor<\/a>&nbsp;&nbsp;TV2.no<\/li>\n<li><a href=\"https:\/\/news.google.com\/rss\/articles\/CBMixwFBVV95cUxOSjlVYTVfSEdVdWsxVERsRm9MM2lXLVpueU5kcVBfaHpBcUtTc3VBbVlBZEhrM0cxa2tsckVaOVNHcWxlUG1fZXRqUDh6WmcxLWRTNjZ6OHMzb0d5bnYzYldheTRaTk4xWU5IMjR5Sjk2OGNRSHFWREFZMGdKakgwc3JrSFhSYWNZT0g3eE5PcklZOVM5SFhHMEE4X0ZJc25QZjNrWHpzbHhUNFhISllSbVg3Qk1URDZCa2NRWXZqUFZkOGY5bHFj?oc=5\" target=\"_blank\" rel=\"nofollow noopener\">Havari\u00adkommi\u00adsjonen har kommet med forel\u00f8pig rapport etter at et fly kj\u00f8rte av rulle\u00adbanen i Molde<\/a>&nbsp;&nbsp;NRK<\/li>\n<\/ol>\n","protected":false},"excerpt":{"rendered":"Norwegian-fly skled av rullebanen p\u00e5 Molde lufthavn: V\u00e6rforhold og sen informasjon sentrale \u00e5rsaker&nbsp;&nbsp;Tidens Krav Rapport: Slik havnet flyet&hellip;\n","protected":false},"author":2,"featured_media":116722,"comment_status":"","ping_status":"","sticky":false,"template":"","format":"standard","meta":{"footnotes":""},"categories":[10],"tags":[20,21,24,25,15,22,23,13,30,28,29,14,16,26,27],"class_list":{"0":"post-116721","1":"post","2":"type-post","3":"status-publish","4":"format-standard","5":"has-post-thumbnail","7":"category-norge","8":"tag-breaking-news","9":"tag-breakingnews","10":"tag-featured-news","11":"tag-featurednews","12":"tag-headlines","13":"tag-latest-news","14":"tag-latestnews","15":"tag-news","16":"tag-no","17":"tag-norge","18":"tag-norway","19":"tag-nyheter","20":"tag-overskrifter","21":"tag-top-stories","22":"tag-topstories"},"share_on_mastodon":{"url":"https:\/\/pubeurope.com\/@no\/115741694646885154","error":""},"_links":{"self":[{"href":"https:\/\/www.europesays.com\/no\/wp-json\/wp\/v2\/posts\/116721","targetHints":{"allow":["GET"]}}],"collection":[{"href":"https:\/\/www.europesays.com\/no\/wp-json\/wp\/v2\/posts"}],"about":[{"href":"https:\/\/www.europesays.com\/no\/wp-json\/wp\/v2\/types\/post"}],"author":[{"embeddable":true,"href":"https:\/\/www.europesays.com\/no\/wp-json\/wp\/v2\/users\/2"}],"replies":[{"embeddable":true,"href":"https:\/\/www.europesays.com\/no\/wp-json\/wp\/v2\/comments?post=116721"}],"version-history":[{"count":0,"href":"https:\/\/www.europesays.com\/no\/wp-json\/wp\/v2\/posts\/116721\/revisions"}],"wp:featuredmedia":[{"embeddable":true,"href":"https:\/\/www.europesays.com\/no\/wp-json\/wp\/v2\/media\/116722"}],"wp:attachment":[{"href":"https:\/\/www.europesays.com\/no\/wp-json\/wp\/v2\/media?parent=116721"}],"wp:term":[{"taxonomy":"category","embeddable":true,"href":"https:\/\/www.europesays.com\/no\/wp-json\/wp\/v2\/categories?post=116721"},{"taxonomy":"post_tag","embeddable":true,"href":"https:\/\/www.europesays.com\/no\/wp-json\/wp\/v2\/tags?post=116721"}],"curies":[{"name":"wp","href":"https:\/\/api.w.org\/{rel}","templated":true}]}}