{"id":116725,"date":"2025-12-18T17:19:11","date_gmt":"2025-12-18T17:19:11","guid":{"rendered":"https:\/\/www.europesays.com\/no\/116725\/"},"modified":"2025-12-18T17:19:11","modified_gmt":"2025-12-18T17:19:11","slug":"danmark-russland-danmark-kaller-inn-russland-etter-cyberangrep","status":"publish","type":"post","link":"https:\/\/www.europesays.com\/no\/116725\/","title":{"rendered":"Danmark, Russland | Danmark kaller inn Russland etter cyberangrep"},"content":{"rendered":"\n<p>Forsvarsminister Troels lund Poulsen forteller at departementet vil innkalle den russiske ambassad\u00f8ren til samtaler etter to cyberangrep i Danmark, if\u00f8lge BT.<\/p>\n<p>Den danske etterretningstjenesten (DE) mener nemlig at det er prorussiske grupper som st\u00e5r bak et cyberangrep p\u00e5 et bannverk i K\u00f8ge i desember i fjor.<\/p>\n<p>De skal ogs\u00e5 st\u00e5 bak et overbelastningsangrep p\u00e5 flere danske nettsteder i forkant av kommunevalget i november.<\/p>\n<p>If\u00f8lge det danske forsvarets etterretningstjeneste er det gruppen \u00abZ-Pentest\u00bb som sto bak angrepet i K\u00f8ge og \u00abNoName057\u00bb, som sto bak overbelastningsangrepene.<\/p>\n<p>Torsdag ettermiddag holdes det en pressekonferanse der Poulsen og minister for beredskap og samfunnssikkerhet, Torsten Schack Pedersen, redegj\u00f8r for situasjonen.<\/p>\n<p><b>Les ogs\u00e5: <a rel=\"Follow nofollow noopener\" href=\"https:\/\/www.nettavisen.no\/okonomi\/nye-jubel-tall-for-donald-trump\/s\/5-95-2788056\" target=\"_blank\">Nye jubel-tall for Trump<\/a><\/b><\/p>\n<p>Under pressekonferansen blir Poulsen spurt om de har gode beviser for at det faktisk er prorussiske hackere som st\u00e5r bak angrepene.<\/p>\n<p>\u2013 Vurderingen betyr at vi er veldig sikre p\u00e5 at prorussiske grupper med tilknytning til den russiske staten st\u00e5r bak, sier han.<\/p>\n<p>Han er ogs\u00e5 klokkeklar p\u00e5 hva han synes om angrepene.<\/p>\n<p>\u2013 De er fullstendig uakseptable, sier han.<\/p>\n<p>Pedersen forteller ogs\u00e5 at Danmark verken er i fredstid eller krigstid, men i en hybridkrig.<\/p>\n<p>\u2013 Det er sv\u00e6rt alvorlig n\u00e5r det er den russiske staten angrep kan tilskrives. At det ikke bare er noen vennligsinnede personer, men en gruppe som kan knyttes direkte til den russiske staten. Dette understreker at situasjonen er ganske alvorlig, sier han til DR.<\/p>\n<p>Sjefen for Forsvarets etterretning, Thomas Ahrenkiel, og Laila Reenberg, direkt\u00f8r for Styrelsen for Samfunnssikkerhet, deltar ogs\u00e5 p\u00e5 pressekonferansen.<\/p>\n<p>    Vil du se neste video?<\/p>\n<p>    <a href=\"https:\/\/www.nettavisen.no\/nyheter\/ville-donald-trump-spekulasjoner-det-er-noe-galt\/v\/5-95-2784982\" class=\"recommend-poster\" data-adp-clicklabel=\"video-recommend\" data-adp-clickvalue=\"poster\" rel=\"nofollow noopener\" target=\"_blank\"><br \/>\n      <img decoding=\"async\" width=\"200\" height=\"200\" loading=\"lazy\" src=\"https:\/\/www.europesays.com\/no\/wp-content\/uploads\/2025\/12\/Forvirret+Trump+2.jpg\" alt=\"\" class=\"brick-c-cFOWSL\" style=\"--brick-image-ratio: 200 \/ 200;\"\/><\/p>\n<p>Ville Trump-spekulasjoner: \u2013 Det er noe galt0:57<\/p>\n<p>    <\/a><\/p>\n","protected":false},"excerpt":{"rendered":"Forsvarsminister Troels lund Poulsen forteller at departementet vil innkalle den russiske ambassad\u00f8ren til samtaler etter to cyberangrep i&hellip;\n","protected":false},"author":2,"featured_media":115886,"comment_status":"","ping_status":"","sticky":false,"template":"","format":"standard","meta":{"footnotes":""},"categories":[12],"tags":[20,21,24,25,15,22,23,13,30,28,29,14,16,26,27,42,43,44,45],"class_list":{"0":"post-116725","1":"post","2":"type-post","3":"status-publish","4":"format-standard","5":"has-post-thumbnail","7":"category-verden","8":"tag-breaking-news","9":"tag-breakingnews","10":"tag-featured-news","11":"tag-featurednews","12":"tag-headlines","13":"tag-latest-news","14":"tag-latestnews","15":"tag-news","16":"tag-no","17":"tag-norge","18":"tag-norway","19":"tag-nyheter","20":"tag-overskrifter","21":"tag-top-stories","22":"tag-topstories","23":"tag-verden","24":"tag-world","25":"tag-world-news","26":"tag-worldnews"},"share_on_mastodon":{"url":"https:\/\/pubeurope.com\/@no\/115741718505771686","error":""},"_links":{"self":[{"href":"https:\/\/www.europesays.com\/no\/wp-json\/wp\/v2\/posts\/116725","targetHints":{"allow":["GET"]}}],"collection":[{"href":"https:\/\/www.europesays.com\/no\/wp-json\/wp\/v2\/posts"}],"about":[{"href":"https:\/\/www.europesays.com\/no\/wp-json\/wp\/v2\/types\/post"}],"author":[{"embeddable":true,"href":"https:\/\/www.europesays.com\/no\/wp-json\/wp\/v2\/users\/2"}],"replies":[{"embeddable":true,"href":"https:\/\/www.europesays.com\/no\/wp-json\/wp\/v2\/comments?post=116725"}],"version-history":[{"count":0,"href":"https:\/\/www.europesays.com\/no\/wp-json\/wp\/v2\/posts\/116725\/revisions"}],"wp:featuredmedia":[{"embeddable":true,"href":"https:\/\/www.europesays.com\/no\/wp-json\/wp\/v2\/media\/115886"}],"wp:attachment":[{"href":"https:\/\/www.europesays.com\/no\/wp-json\/wp\/v2\/media?parent=116725"}],"wp:term":[{"taxonomy":"category","embeddable":true,"href":"https:\/\/www.europesays.com\/no\/wp-json\/wp\/v2\/categories?post=116725"},{"taxonomy":"post_tag","embeddable":true,"href":"https:\/\/www.europesays.com\/no\/wp-json\/wp\/v2\/tags?post=116725"}],"curies":[{"name":"wp","href":"https:\/\/api.w.org\/{rel}","templated":true}]}}