{"id":116726,"date":"2025-12-18T17:20:11","date_gmt":"2025-12-18T17:20:11","guid":{"rendered":"https:\/\/www.europesays.com\/no\/116726\/"},"modified":"2025-12-18T17:20:11","modified_gmt":"2025-12-18T17:20:11","slug":"byutvikling-boligutbygging-vil-bygge-300-leiligheter-na-sendes-utbyggingsplanene-tilbake","status":"publish","type":"post","link":"https:\/\/www.europesays.com\/no\/116726\/","title":{"rendered":"Byutvikling, Boligutbygging | Vil bygge 300 leiligheter \u2013 n\u00e5 sendes utbyggingsplanene tilbake"},"content":{"rendered":"\n<p>(<a href=\"https:\/\/www.rb.no\/planene-for-den-store-utbyggingen-sendes-tilbake-ikke-bra-nok\/s\/5-43-2632712\" rel=\"Follow nofollow noopener\" target=\"_blank\">Romerikes Blad<\/a>): \u2013 Vi m\u00e5 ta et skritt tilbake, og sikre at dette blir et attraktivt sted \u00e5 bo. N\u00e5r vi ikke synes det blir bra nok, m\u00e5 det v\u00e6re lov \u00e5 stoppe, sa kommunestyrerepresentant Juliane Skare (H).<\/p>\n<p>I Skj\u00e6rvaveien p\u00e5 Str\u00f8mmen planlegger Stor-Oslo Eiendom en storstilt utbygging, med over 330 boenheter og en ny barnehage. Boligene skal bygges i blokker p\u00e5 mellom tre og seks etasjer.<\/p>\n<p>Onsdag fikk politikerne i Lillestr\u00f8m kommunestyre saken til andregangsbehandling.<\/p>\n<p><b>Her vedtok flertallet \u00e5 sende saken tilbake. Politikerne mener det trengs bedre l\u00f8sninger for \u00e5 sikre gode uteomr\u00e5der og lysforhold, og bedre parkeringsl\u00f8sninger.<\/b><\/p>\n<p>Barnehage-parkering i kjelleren<\/p>\n<p>Blant annet har utbyggeren foresl\u00e5tt at foreldre som skal hente og bringe i barnehagen, skal parkere i en parkeringskjeller.<\/p>\n<p>\u2013 Det tror jeg ingen \u00f8nsker \u00e5 gj\u00f8re. Det kommer til \u00e5 bli mange trafikkfarlige situasjoner, sa Skare.<\/p>\n<p><b>Les ogs\u00e5: <a href=\"https:\/\/www.nettavisen.no\/heim\/arkitekt-mener-hoyhus-ma-inn-for-a-lose-boligkrisen\/s\/5-95-2785461\" rel=\"Follow nofollow noopener\" target=\"_blank\">Foresl\u00e5r h\u00f8yhus p\u00e5 bryggen: \u2013 Det gir et beskjedent fotavtrykk<\/a><\/b><\/p>\n<p>Kommunedirekt\u00f8r Bj\u00f8rn Gudbj\u00f8rgsrud hadde, i sitt saksframlegg til politikerne, lagt fram et alternativt forslag til utbyggingsplanene. Forslaget innebar \u00e5 fjerne to av bygningene, og at nedkj\u00f8ringsrampa innlemmes i bygningsmassen.<\/p>\n<p>\u00abKommunedirekt\u00f8rens planalternativ gir st\u00f8rre uteoppholdsarealer p\u00e5 bakkeplan, mer luft og rom mellom byggene og bedre solforhold,\u00bb skriver han i saksframlegget.<\/p>\n<p>   <img decoding=\"async\" width=\"3840\" height=\"2160\" fetchpriority=\"low\"  loading=\"lazy\"  src=\"https:\/\/www.europesays.com\/no\/wp-content\/uploads\/2025\/12\/Skjrvaveien_Barnehage.jpeg\" alt=\"\" class=\"brick-c-cFOWSL\" style=\"--brick-image-ratio: 3840 \/ 2160;\"\/><\/p>\n<p>      BARNEHAGE: Illustrasjon av barnehagen som er planlagt i prosjektet. Illustrasjon: A-Lab<\/p>\n<p>  \u2013 Ingen grunn til \u00e5 tv\u00e6re ut<\/p>\n<p>Arbeiderpartiet, SV og MDG foreslo \u00e5 g\u00e5 for kommunedirekt\u00f8rens alternative forslag.<\/p>\n<p>\u2013 Administrasjonen har, etter v\u00e5r mening, laget et godt forslag til justering. Vi ser ingen grunn til \u00e5 tv\u00e6re ut dette noe mer n\u00e5, sa Ulf Bakke (Ap).<\/p>\n<p>Margrethe Prahl Reusch (V) var ikke enig:<\/p>\n<p>\u2013 Det er mange ting i det nye forslaget fra kommunedirekt\u00f8ren som ser tilforlatelige ut, men det er et men her, for kan forslaget realiseres? Vi mener det rette er \u00e5 la forslagsstiller (Stor-Oslo Eiendom, journ.anm.) ta eierskap til endringene, sa hun.<\/p>\n<p><b>Les ogs\u00e5: <a href=\"https:\/\/www.nettavisen.no\/heim\/vil-fjerne-fordommene-fra-sma-leiligheter\/s\/5-95-2778770\" rel=\"Follow nofollow noopener\" target=\"_blank\">Jobber mot fordommene: \u2013 Jo mindre man bygger jo verre<\/a><\/b><\/p>\n<p>M\u00e5 fylle opp for \u00e5 unng\u00e5 flom<\/p>\n<p>Under debatten i kommunestyret tok Anna Kristine Jahr R\u00f8ine (Sp) opp at terrenget m\u00e5 fylles opp rundt \u00e9n meter, for \u00e5 sikre omr\u00e5det mot flom.<\/p>\n<p>Hun mener dermed at saken reiser et prinsipielt sp\u00f8rsm\u00e5l:<\/p>\n<p>\u2013 Er det greit \u00e5 bygge hvor som helst i kommunen, uavhengig av ? Er det bare \u00e5 fylle opp terrenget og bygge i vei, og sikre med flomvoll om n\u00f8dvendig?<\/p>\n<p>Senterpartiet foreslo \u00e5 ha med et tilleggspunkt om bedre l\u00f8sninger for h\u00e5ndtering av overvann, som ble enstemmig vedtatt.<\/p>\n<p>            Dette ble vedtatt<\/p>\n<p>Politikerne vedtok \u00e5 sende planen tilbake. De vil at utbyggeren skal jobbe med bedre l\u00f8sninger for:<\/p>\n<ul>\n<li>\u00c5 sikre gode utearealer og lysforhold<\/li>\n<li>Parkering for ansatte i barnehagen<\/li>\n<li>\n<p>Parkeringsl\u00f8sning ved bringing og henting i barnehage p\u00e5 bakkeplan <\/p>\n<\/li>\n<li>\n<p>Innkj\u00f8ring til garasjekjeller <\/p>\n<\/li>\n<li>\n<p>Parkering for hjemmetjeneste og andre tjenesteleverand\u00f8rer til folks hjem<\/p>\n<\/li>\n<li>\n<p>Opprettholde parkeringsnorm som ved f\u00f8rstegangsbehandling<\/p>\n<\/li>\n<li>\n<p>H\u00e5ndtering av overvann<\/p>\n<\/li>\n<\/ul>\n<p>  Utbygger: \u2013 Overrasket<\/p>\n<p>Kenneth Johansen Skaarud er prosjektleder for prosjektet hos Stor-Oslo Eiendom.<\/p>\n<p>\u2013 Vi er overrasket over hvilken vei behandlingen har tatt etter f\u00f8rstegangsbehandlingen, som vi oppfattet som god og enstemmig. Vi hadde ogs\u00e5 en h\u00f8ringsperiode med veldig f\u00e5 merknader. Vi hadde h\u00e5p og tro om \u00e5 f\u00e5 andregangsbehandlingen gjennom relativt smidig, men s\u00e5 har ikke det skjedd, sier han.<\/p>\n<p>\u2013 Hvordan p\u00e5virker utfallet i kommunestyret prosjektet?<\/p>\n<p>\u2013 Vi taper ytterligere tid. Dette er en plansak som har vart i seks \u00e5r allerede. Det har tatt altfor lang tid, etter v\u00e5r mening. N\u00e5 m\u00e5 vi ut i en ny strafferunde. Det er dessuten foresl\u00e5tt \u00e5 redusere prosjektet, noe som p\u00e5virker \u00f8konomien i det.<\/p>\n<p><b>Les ogs\u00e5: <a href=\"https:\/\/www.nettavisen.no\/heim\/tror-boligprisene-vil-eksplodere-ser-en-ny-trend\/s\/5-95-2770833\" rel=\"Follow nofollow noopener\" target=\"_blank\">Eksperter tror boligprisene her vil eksplodere<\/a><\/b><\/p>\n<p><b>Les flere boligsaker hos <a href=\"https:\/\/heim.na.no\" rel=\"Follow nofollow noopener\" target=\"_blank\">Nettavisen Heim. <\/a><\/b><\/p>\n<p>\u2013 Kommunen bruker altfor lang tid<\/p>\n<p>Kommunedirekt\u00f8r Bj\u00f8rn Gudbj\u00f8rgsrud tok ogs\u00e5 ordet i kommunestyrem\u00f8tet. Han fortalte at \u00e5 vedta tilbakesendelse trolig vil bety at saken m\u00e5 ut p\u00e5 ny h\u00f8ring, noe som forlenger prosessen.<\/p>\n<p>\u2013 Lillestr\u00f8m kommune bruker altfor lang tid p\u00e5 \u00e5 behandle reguleringsplaner. Noe av \u00e5rsaken til det skyldes nok administrasjonen, mens i noen saker kommer vi i et uheldig pingpong-spill mellom administrasjonen og politikken. Det bidrar til at vi rykker tilbake til start. Dette er et eksempel p\u00e5 en s\u00e5nn sak, sa han.<\/p>\n","protected":false},"excerpt":{"rendered":"(Romerikes Blad): \u2013 Vi m\u00e5 ta et skritt tilbake, og sikre at dette blir et attraktivt sted \u00e5&hellip;\n","protected":false},"author":2,"featured_media":116727,"comment_status":"","ping_status":"","sticky":false,"template":"","format":"standard","meta":{"footnotes":""},"categories":[10],"tags":[20,21,24,25,15,22,23,13,30,28,29,14,16,26,27],"class_list":{"0":"post-116726","1":"post","2":"type-post","3":"status-publish","4":"format-standard","5":"has-post-thumbnail","7":"category-norge","8":"tag-breaking-news","9":"tag-breakingnews","10":"tag-featured-news","11":"tag-featurednews","12":"tag-headlines","13":"tag-latest-news","14":"tag-latestnews","15":"tag-news","16":"tag-no","17":"tag-norge","18":"tag-norway","19":"tag-nyheter","20":"tag-overskrifter","21":"tag-top-stories","22":"tag-topstories"},"share_on_mastodon":{"url":"https:\/\/pubeurope.com\/@no\/115741722348810345","error":""},"_links":{"self":[{"href":"https:\/\/www.europesays.com\/no\/wp-json\/wp\/v2\/posts\/116726","targetHints":{"allow":["GET"]}}],"collection":[{"href":"https:\/\/www.europesays.com\/no\/wp-json\/wp\/v2\/posts"}],"about":[{"href":"https:\/\/www.europesays.com\/no\/wp-json\/wp\/v2\/types\/post"}],"author":[{"embeddable":true,"href":"https:\/\/www.europesays.com\/no\/wp-json\/wp\/v2\/users\/2"}],"replies":[{"embeddable":true,"href":"https:\/\/www.europesays.com\/no\/wp-json\/wp\/v2\/comments?post=116726"}],"version-history":[{"count":0,"href":"https:\/\/www.europesays.com\/no\/wp-json\/wp\/v2\/posts\/116726\/revisions"}],"wp:featuredmedia":[{"embeddable":true,"href":"https:\/\/www.europesays.com\/no\/wp-json\/wp\/v2\/media\/116727"}],"wp:attachment":[{"href":"https:\/\/www.europesays.com\/no\/wp-json\/wp\/v2\/media?parent=116726"}],"wp:term":[{"taxonomy":"category","embeddable":true,"href":"https:\/\/www.europesays.com\/no\/wp-json\/wp\/v2\/categories?post=116726"},{"taxonomy":"post_tag","embeddable":true,"href":"https:\/\/www.europesays.com\/no\/wp-json\/wp\/v2\/tags?post=116726"}],"curies":[{"name":"wp","href":"https:\/\/api.w.org\/{rel}","templated":true}]}}