{"id":116732,"date":"2025-12-18T17:26:32","date_gmt":"2025-12-18T17:26:32","guid":{"rendered":"https:\/\/www.europesays.com\/no\/116732\/"},"modified":"2025-12-18T17:26:32","modified_gmt":"2025-12-18T17:26:32","slug":"na-ma-du-betale","status":"publish","type":"post","link":"https:\/\/www.europesays.com\/no\/116732\/","title":{"rendered":"N\u00e5 m\u00e5 du betale"},"content":{"rendered":"<p class=\"kicker text-red color_mobile_text-red\" style=\"\">Trevi-fontenen:<\/p>\n<p>  Om du er turist i Roma fra og med 7. januar, m\u00e5 du punge ut med to euro for \u00e5 bes\u00f8ke en av Den evige stads mest kjente turistattraksjoner.<\/p>\n<p>\n    Trevi-fontenen er et verdensber\u00f8mt turistm\u00e5l i Roma og ble bygget i 1762. Foto: Andrew Medichini \/ AP \/ NTB\n  <\/p>\n<p>Det skriver flere italienske medier.<\/p>\n<p>N\u00e5r de nye reglene etter planen trer i kraft 7. januar, skal det settes opp to k\u00f8er for entr\u00e9 til den verdensber\u00f8mte Trevi-fontenen: \u00e9n for lokalbefolkningen, og \u00e9n for turister. F\u00f8rstnevnte f\u00e5r slippe inn gratis, mens sistnevnte m\u00e5 ut med to euro \u2013 tilsvarende dr\u00f8yt 24 norske kroner.<\/p>\n<p>Det blir mulig \u00e5 betale med kort, skriver det italienske nyhetsbyr\u00e5et\u00a0<a href=\"https:\/\/www.ansa.it\/sito\/notizie\/cronaca\/2025\/12\/16\/dal-7-gennaio-la-fontana-di-trevi-sara-a-pagamento_55b9afbc-a46b-49a0-b66b-ed69e1d1ecda.html\" target=\"_blank\" rel=\"nofollow noopener\">Ansa<\/a>.<\/p>\n<p>        <img loading=\"lazy\" decoding=\"async\" src=\"https:\/\/www.europesays.com\/no\/wp-content\/uploads\/2025\/12\/83996928.webp\" width=\"980\" height=\"559\" title=\"Etter at Federico Fellini foreviget den svenske skuespilleren Anita Ekberg badende i fontenen i filmen \u00abLa Dolce Vita\u00bb i 1960 har tusenvis av turister fors\u00f8kt \u00e5 kopiere den ber\u00f8mte scenen, til fortvilelse for myndighetene. En annen popul\u00e6r aktivitet er \u00e5 kaste mynter oppi fontenen. Foto: Gregorio Borgia \/ AP \/ NTB\" alt=\"\" class=\"\" style=\"--aspect-ratio-image: 1.75; \"\/><\/p>\n<p>\n        Etter at Federico Fellini foreviget den svenske skuespilleren Anita Ekberg badende i fontenen i filmen \u00abLa Dolce Vita\u00bb i 1960 har tusenvis av turister fors\u00f8kt \u00e5 kopiere den ber\u00f8mte scenen, til fortvilelse for myndighetene. En annen popul\u00e6r aktivitet er \u00e5 kaste mynter oppi fontenen. Foto: Gregorio Borgia \/ AP \/ NTB\n    <\/p>\n<p>Roma har lenge slitt med overturisme, og fra f\u00f8r er det innf\u00f8rt en begrensning p\u00e5 hvor mange som kan bes\u00f8ke fontenen av gangen. Kun 400 personer f\u00e5r v\u00e6re p\u00e5 omr\u00e5det samtidig. Bare i f\u00f8rste halv\u00e5r 2025 var over 5,3 millioner mennesker innom Trevi-fontenen.<\/p>\n<p>Det ventes at avgj\u00f8relsen tilf\u00f8yer dr\u00f8yt 20 millioner euro \u00e5rlig til kommunekassen i Roma. Samtidig vil ikke kommunen selv bekrefte at det innf\u00f8res betaling.<\/p>\n","protected":false},"excerpt":{"rendered":"Trevi-fontenen: Om du er turist i Roma fra og med 7. januar, m\u00e5 du punge ut med to&hellip;\n","protected":false},"author":2,"featured_media":116733,"comment_status":"","ping_status":"","sticky":false,"template":"","format":"standard","meta":{"footnotes":""},"categories":[12],"tags":[20,21,24,25,15,1242,410,22,23,13,30,28,29,14,16,26,27,42,43,44,45],"class_list":{"0":"post-116732","1":"post","2":"type-post","3":"status-publish","4":"format-standard","5":"has-post-thumbnail","7":"category-verden","8":"tag-breaking-news","9":"tag-breakingnews","10":"tag-featured-news","11":"tag-featurednews","12":"tag-headlines","13":"tag-italia","14":"tag-kultur","15":"tag-latest-news","16":"tag-latestnews","17":"tag-news","18":"tag-no","19":"tag-norge","20":"tag-norway","21":"tag-nyheter","22":"tag-overskrifter","23":"tag-top-stories","24":"tag-topstories","25":"tag-verden","26":"tag-world","27":"tag-world-news","28":"tag-worldnews"},"share_on_mastodon":{"url":"https:\/\/pubeurope.com\/@no\/115741746141643484","error":""},"_links":{"self":[{"href":"https:\/\/www.europesays.com\/no\/wp-json\/wp\/v2\/posts\/116732","targetHints":{"allow":["GET"]}}],"collection":[{"href":"https:\/\/www.europesays.com\/no\/wp-json\/wp\/v2\/posts"}],"about":[{"href":"https:\/\/www.europesays.com\/no\/wp-json\/wp\/v2\/types\/post"}],"author":[{"embeddable":true,"href":"https:\/\/www.europesays.com\/no\/wp-json\/wp\/v2\/users\/2"}],"replies":[{"embeddable":true,"href":"https:\/\/www.europesays.com\/no\/wp-json\/wp\/v2\/comments?post=116732"}],"version-history":[{"count":0,"href":"https:\/\/www.europesays.com\/no\/wp-json\/wp\/v2\/posts\/116732\/revisions"}],"wp:featuredmedia":[{"embeddable":true,"href":"https:\/\/www.europesays.com\/no\/wp-json\/wp\/v2\/media\/116733"}],"wp:attachment":[{"href":"https:\/\/www.europesays.com\/no\/wp-json\/wp\/v2\/media?parent=116732"}],"wp:term":[{"taxonomy":"category","embeddable":true,"href":"https:\/\/www.europesays.com\/no\/wp-json\/wp\/v2\/categories?post=116732"},{"taxonomy":"post_tag","embeddable":true,"href":"https:\/\/www.europesays.com\/no\/wp-json\/wp\/v2\/tags?post=116732"}],"curies":[{"name":"wp","href":"https:\/\/api.w.org\/{rel}","templated":true}]}}