{"id":116734,"date":"2025-12-18T17:27:11","date_gmt":"2025-12-18T17:27:11","guid":{"rendered":"https:\/\/www.europesays.com\/no\/116734\/"},"modified":"2025-12-18T17:27:11","modified_gmt":"2025-12-18T17:27:11","slug":"na-har-oslo-kommune-solgt-kirkeristen-det-skjedde-ikke-uten-dramatikk","status":"publish","type":"post","link":"https:\/\/www.europesays.com\/no\/116734\/","title":{"rendered":"N\u00e5 har Oslo kommune solgt Kirkeristen \u2013 det skjedde ikke uten dramatikk"},"content":{"rendered":"<p class=\"extendedContent hyperion-css-eyn926\" data-test-tag=\"lead-text\">Budrunden p\u00e5 Kirkeristen er over og Oslo kommune har akseptert et bud p\u00e5 34 millioner. Men budgiveren som lenge l\u00e5 an til \u00e5 vinne anklager b\u00e5de megler og kommunen for \u00e5 ha gjort feil. <\/p>\n<p><img decoding=\"async\" class=\"image-asset hyperion-css-9ugyk\" data-test-tag=\"image-asset\" src=\"https:\/\/www.europesays.com\/no\/wp-content\/uploads\/2025\/12\/f8edb127-df08-4fa3-900f-84d68ceae2f7\"  alt=\"I h\u00f8st ble det \u00e6rverdige anlegget i Kirkeristen lagt ut for salg. N\u00e5 er det blitt kr\u00f8ll i salgsprosessen. \"  loading=\"eager\" fetchpriority=\"high\" style=\"aspect-ratio:2048 \/ 1366\"\/>I h\u00f8st ble det \u00e6rverdige anlegget i Kirkeristen lagt ut for salg. N\u00e5 er det blitt kr\u00f8ll i salgsprosessen. Foto: Ronja Sagstuen Larsen \/ AftenpostenKortversjonen<\/p>\n<ul class=\"hyperion-css-1wfq1v6\" data-test-tag=\"list\">\n<li class=\"hyperion-css-13wylk3\">Oslo kommune selger Kirkeristen for 34 millioner kroner til Fauna Eiendom og Andenergy. <\/li>\n<li class=\"hyperion-css-13wylk3\">Maximgruppen, som var blant budgiverne, anklager megler og kommunen for feil ved \u00e5 r\u00f8pe navn under budrunden. <\/li>\n<li class=\"hyperion-css-13wylk3\">Salget krever Oslo bystyres godkjenning, og kj\u00f8perne m\u00e5 rehabilitere eiendommen innen seks \u00e5r, i samsvar med fredningsbestemmelser.<\/li>\n<\/ul>\n<p data-nosnippet=\"true\" class=\"hyperion-css-1qe9pn0\">Sammendraget er laget ved hjelp av kunstig intelligens (KI) og kvalitetssikret av Aftenpostens journalister.<\/p>\n<p>Vis mer<\/p>\n<p class=\"paywall hyperion-css-1j42uic\">I slutten av september viste byr\u00e5d James Stove Lorentzen (H) rundt i Kirkeristen. <a data-test-tag=\"internal-link\" href=\"https:\/\/www.aftenposten.no\/oslo\/i\/73bmvw\/byraadet-vil-selge-kirkeristen-og-legger-det-forfalne-anlegget-ut-paa-finn\" class=\"hyperion-css-1raymq9\" rel=\"nofollow noopener\" target=\"\" aria-label=\"Han kunne fortelle at anlegget skulle legges ut for salg.\" theme=\"breaking-short\">Han kunne fortelle at anlegget skulle legges ut for salg.<\/a> Eiendommen ble annonsert p\u00e5 Finn.no. <\/p>\n<p class=\"paywall hyperion-css-1j42uic\">Siden har alle involverte holdt tett. Det har ikke v\u00e6rt mulig \u00e5 f\u00e5 innsyn i hvem som har lagt inn bud. Eller hvilke summer det har v\u00e6rt snakk om. <\/p>\n<p class=\"paywall hyperion-css-1j42uic\">N\u00e5 er det imidlertid klart at det er selskapene Fauna Eiendom og Andenergy som sammen vil kj\u00f8pe eiendommen. Deres bud er p\u00e5 34 millioner kroner. <\/p>\n<p class=\"paywall hyperion-css-1j42uic\">Det skjedde imidlertid ikke uten dramatikk og anklager om feil.<\/p>\n<p>Sendte navn p\u00e5 budgiver<\/p>\n<p class=\"paywall hyperion-css-1j42uic\">Budprosessen har p\u00e5g\u00e5tt over flere dager. L\u00f8rdag slo den ene budgiveren alarm.<\/p>\n<p class=\"paywall hyperion-css-1j42uic\">Maximgruppen, en akt\u00f8r som har restaurert en del gamle eiendommer, mener de er utsatt for en stor feil:<\/p>\n<p class=\"paywall hyperion-css-1j42uic\">I en e-post fra Oslo kommunes megler Malling, dukket nemlig b\u00e5de navnet Maximgruppen og navnet til sjefen Kurt Oksnes opp. <\/p>\n<p class=\"paywall hyperion-css-1j42uic\">Dette fikk Oksnes beskjed om fra en av de andre budgiverne.<\/p>\n<p class=\"paywall hyperion-css-1j42uic\">Han mener dette er en stor feil fra meglerens side.<\/p>\n<p class=\"paywall hyperion-css-1j42uic\">\u2013 P\u00e5 samme m\u00e5te som i en budrunde om en bolig, skal du ikke vite hvem du konkurrerer mot og hva slags \u00abmuskler\u00bb denne har, sier han. <\/p>\n<p class=\"paywall hyperion-css-1j42uic\">\u2013 Da sitter du med kort p\u00e5 h\u00e5nden som du ikke skal ha.<\/p>\n<p class=\"paywall hyperion-css-1j42uic\"><a aria-label=\"Avisa Oslo \" class=\"breaking-short hyperion-css-1raymq9\" href=\"https:\/\/www.ao.no\/krever-full-stans-av-budrunden-pa-kirkeristen-den-darligste-salgsprosessen-jeg-har-vart-borti\/s\/5-128-1219005\" target=\"_blank\" rel=\"noopener nofollow noreferrer\" data-test-tag=\"external-link\">Avisa Oslo <\/a>omtalte konflikten knyttet til budprosessen f\u00f8rst.<\/p>\n<p><img decoding=\"async\" class=\"image-asset hyperion-css-gdcsj2\" data-test-tag=\"image-asset\" src=\"https:\/\/www.europesays.com\/no\/wp-content\/uploads\/2025\/12\/7f1a2f5e-a5fb-4a4e-8eee-1040f15fb132\"  alt=\"Da byr\u00e5d James Stove Lorentzen (H) annonserte salget i h\u00f8st tippet han p\u00e5 en pris mellom 0 og 33 millioner kroner. Det kan bli mer. \"  loading=\"eager\" fetchpriority=\"high\" style=\"aspect-ratio:2048 \/ 1366\"\/>Da byr\u00e5d James Stove Lorentzen (H) annonserte salget i h\u00f8st tippet han p\u00e5 en pris mellom 0 og 33 millioner kroner. Det kan bli mer. Foto: Ronja Sagstuen Larsen \/ AftenpostenBa om stans i budrunden<\/p>\n<p class=\"paywall hyperion-css-1j42uic\">Etter den f\u00f8rste budrunden der flere deltok, hadde Maximgruppen h\u00f8yeste bud p\u00e5 33 millioner kroner. N\u00f8yaktig samme bel\u00f8p som James Stove Lorentzen (H) nevnte som h\u00f8yeste forventning. <\/p>\n<p class=\"paywall hyperion-css-1j42uic\">Men etter \u00e5 ha blitt kjent med e-post-glippen, sendte Oksnes en formell klage til b\u00e5de megleren og Eiendoms- og byfornyelsesetaten og ba om umiddelbar stans i budprosessen. <\/p>\n<p class=\"paywall hyperion-css-1j42uic\">Men EBY fulgte meglerens anbefaling om \u00e5 fortsette budrunden. Og en annen budgiver h\u00f8ynet til 34 millioner. <\/p>\n<ol class=\"hyperion-css-1ssddr9\">\n<li class=\"flat-gallery-item hyperion-css-qq4i6w\"><img decoding=\"async\" class=\"image-asset hyperion-css-163g5ik\" data-test-tag=\"image-asset\" src=\"https:\/\/www.europesays.com\/no\/wp-content\/uploads\/2025\/12\/f33c4673-695d-45bb-8df2-b0ddb46dae6f\"  alt=\"\"  fetchpriority=\"auto\" style=\"aspect-ratio:2048 \/ 1366\"\/>Trolig ikke det \u00e5penbare stedet \u00e5 \u00e5pne vinkjeller&#8230;Foto: Ronja Sagstuen Larsen<\/li>\n<li class=\"flat-gallery-item hyperion-css-qq4i6w\"><img decoding=\"async\" class=\"image-asset hyperion-css-1jbpyv5\" data-test-tag=\"image-asset\" src=\"https:\/\/www.europesays.com\/no\/wp-content\/uploads\/2025\/12\/ca979635-7e9a-472e-8dd9-a544f834b4cb\"  alt=\"\"  fetchpriority=\"auto\" style=\"aspect-ratio:2048 \/ 1366\"\/>For \u00e5 hindre at folk f\u00e5r l\u00f8s mur i hodet er det spent opp netting i taket&#8230;Foto: Ronja Sagstuen Larsen \/ Aftenposten<\/li>\n<\/ol>\n<p class=\"paywall hyperion-css-1j42uic\">Megleren som st\u00e5r for salget, Malling, har skriftlig avvist \u00e5 stanse budprosessen. De erkjenner at e-postadressen til to budgivere figurerte i en e-post til interessentene. F\u00f8rst mente de det ikke ville p\u00e5virke konkurransesituasjonen. Men da de ble kjent med at to budgivere var kontaktet av andre interessenter, valgte de \u00e5 orientere alle interessenter, for s\u00e5 \u00e5 fortsette budrunden. <\/p>\n<p class=\"paywall hyperion-css-1j42uic\">\u00abDet avvises p\u00e5 det sterkeste at Malling bevisst har forsinket informasjonsdelingen i hensikt \u00e5 p\u00e5virke budprosessen\u00bb, skriver advokat Andreas W. Frislid i et brev til Maximgruppen. <\/p>\n<p class=\"paywall hyperion-css-1j42uic\">Han \u00f8nsker ikke \u00e5 gi ytterligere kommentarer til Aftenposten.    <\/p>\n<p>Fikk ikke beskjed<\/p>\n<p class=\"paywall hyperion-css-1j42uic\">Oksnes understreket at han ikke er forn\u00e6rmet, og at han var klar for \u00e5 fullf\u00f8re budrunden. Men fredag ble det alts\u00e5 klart at kommunen hadde akseptert et bud fra to andre akt\u00f8rer.<\/p>\n<p class=\"paywall hyperion-css-1j42uic\">Dette hadde ikke Oksnes f\u00e5tt beskjed om f\u00f8r Aftenposten orienterte ham om det. <\/p>\n<p class=\"paywall hyperion-css-1j42uic\">\u2013 Vi har ikke f\u00e5tt noen informasjon om dette. Det har v\u00e6rt en d\u00e5rlig prosess hele veien, sier han.<\/p>\n<p><img decoding=\"async\" class=\"image-asset hyperion-css-igv5g4\" data-test-tag=\"image-asset\" src=\"https:\/\/www.europesays.com\/no\/wp-content\/uploads\/2025\/12\/63f30494-bff5-4d9c-828c-42462eab12eb\"  alt=\"De gamle basarhallene har v\u00e6rt fylt med mange slags virksomheter. Alle h\u00e5per p\u00e5 nytt liv. \"  loading=\"eager\" fetchpriority=\"high\" style=\"aspect-ratio:2048 \/ 1366\"\/>De gamle basarhallene har v\u00e6rt fylt med mange slags virksomheter. Alle h\u00e5per p\u00e5 nytt liv. Foto: Ronja Sagstuen Larsen \/ Aftenposten<\/p>\n<p class=\"paywall hyperion-css-1j42uic\">Byr\u00e5d for byutvikling, James Stove Lorentzen (H) skriver i en epost at EBY h\u00e5ndterer salget. Og at han har tillit til at de har opptr\u00e5dt ryddig.  <\/p>\n<p class=\"paywall hyperion-css-1j42uic\">\u2013  Slik jeg forst\u00e5r saken har det skjedd en feil fra meglers side, som ikke skulle skjedd.  Men at dette ikke har hatt betydning for prosessen.<\/p>\n<p>Salg av Kirkeristen <\/p>\n<ul class=\"hyperion-css-f0jfze\" data-test-tag=\"list\">\n<li class=\"hyperion-css-i6llpu\">Anlegget er tegnet av Christian H. Grosch, oppf\u00f8rt i nyromansk stil mellom 1840 og 1859.<\/li>\n<\/ul>\n<p>Vis mer\u2013 Sv\u00e6rt spennende<\/p>\n<p class=\"paywall hyperion-css-1j42uic\">F\u00f8r salget er helt i boks, m\u00e5 Oslo bystyre godkjenne det. Om det skjer, er det alts\u00e5 Fauna Eiendom AS og Andenergy AS som tar over. <\/p>\n<p class=\"paywall hyperion-css-1j42uic\">\u2013 Det er en stor og sv\u00e6rt spennende oppgave som venter oss for et av Oslos viktigste og mest sentrale kulturminner. Vi gleder oss til \u00e5 kunne fortelle mer om planene v\u00e5re til Oslos befolkning etter hvert, sier Rasmus Os i Fauna Eiendom i en pressemelding.<\/p>\n<p class=\"paywall hyperion-css-1j42uic\">I salgskontrakten har Oslo kommune satt vilk\u00e5r om at kj\u00f8per rehabiliterer eiendommen innen seks \u00e5r. Arbeidene skal sikre at Kirkeristen blir bevart for fremtiden, og rehabiliteringen skal v\u00e6re i tr\u00e5d med fredningsbestemmelsene. Det vil kreve tett dialog med Byantikvaren, heter det i pressemeldingen.<\/p>\n","protected":false},"excerpt":{"rendered":"Budrunden p\u00e5 Kirkeristen er over og Oslo kommune har akseptert et bud p\u00e5 34 millioner. Men budgiveren som&hellip;\n","protected":false},"author":2,"featured_media":116735,"comment_status":"","ping_status":"","sticky":false,"template":"","format":"standard","meta":{"footnotes":""},"categories":[10],"tags":[20,21,24,25,15,22,23,13,30,28,29,14,16,26,27],"class_list":{"0":"post-116734","1":"post","2":"type-post","3":"status-publish","4":"format-standard","5":"has-post-thumbnail","7":"category-norge","8":"tag-breaking-news","9":"tag-breakingnews","10":"tag-featured-news","11":"tag-featurednews","12":"tag-headlines","13":"tag-latest-news","14":"tag-latestnews","15":"tag-news","16":"tag-no","17":"tag-norge","18":"tag-norway","19":"tag-nyheter","20":"tag-overskrifter","21":"tag-top-stories","22":"tag-topstories"},"share_on_mastodon":{"url":"https:\/\/pubeurope.com\/@no\/115741749852027824","error":""},"_links":{"self":[{"href":"https:\/\/www.europesays.com\/no\/wp-json\/wp\/v2\/posts\/116734","targetHints":{"allow":["GET"]}}],"collection":[{"href":"https:\/\/www.europesays.com\/no\/wp-json\/wp\/v2\/posts"}],"about":[{"href":"https:\/\/www.europesays.com\/no\/wp-json\/wp\/v2\/types\/post"}],"author":[{"embeddable":true,"href":"https:\/\/www.europesays.com\/no\/wp-json\/wp\/v2\/users\/2"}],"replies":[{"embeddable":true,"href":"https:\/\/www.europesays.com\/no\/wp-json\/wp\/v2\/comments?post=116734"}],"version-history":[{"count":0,"href":"https:\/\/www.europesays.com\/no\/wp-json\/wp\/v2\/posts\/116734\/revisions"}],"wp:featuredmedia":[{"embeddable":true,"href":"https:\/\/www.europesays.com\/no\/wp-json\/wp\/v2\/media\/116735"}],"wp:attachment":[{"href":"https:\/\/www.europesays.com\/no\/wp-json\/wp\/v2\/media?parent=116734"}],"wp:term":[{"taxonomy":"category","embeddable":true,"href":"https:\/\/www.europesays.com\/no\/wp-json\/wp\/v2\/categories?post=116734"},{"taxonomy":"post_tag","embeddable":true,"href":"https:\/\/www.europesays.com\/no\/wp-json\/wp\/v2\/tags?post=116734"}],"curies":[{"name":"wp","href":"https:\/\/api.w.org\/{rel}","templated":true}]}}