{"id":116736,"date":"2025-12-18T17:35:09","date_gmt":"2025-12-18T17:35:09","guid":{"rendered":"https:\/\/www.europesays.com\/no\/116736\/"},"modified":"2025-12-18T17:35:09","modified_gmt":"2025-12-18T17:35:09","slug":"influensa-fhi-fhi-om-influensasmitten-i-julen-betydelig","status":"publish","type":"post","link":"https:\/\/www.europesays.com\/no\/116736\/","title":{"rendered":"Influensa, FHI | FHI om influensasmitten i julen: \u2013\u00a0Betydelig"},"content":{"rendered":"\n<p>Med julen rett rundt hj\u00f8rnet, har Folkehelseinstituttet (FHI) sluppet sin prognose for den kommende luftveisvirus-sesongen.<\/p>\n<p>Notatet sl\u00e5r fast at influensavaksinen hjelper, og viser til at smittetoppen kan skje allerede f\u00f8r &#8211; eller midt i &#8211; juleuken.<\/p>\n<p>Smittetoppen forventes rundt jul<\/p>\n<p>I \u00e5r startet influensasesongen spesielt tidlig, og har v\u00e6rt stigende i mange uker.<\/p>\n<p>Det er over 22 \u00e5r siden utbruddet utviklet seg s\u00e5pass tidlig, skriver FHI i sitt notat med utsikter for luftveisvirus-sesongen.<\/p>\n<p><b>Les ogs\u00e5: <\/b><a class=\"simple-relation related-teaser article--c-eRUmMG article--c-eRUmMG-fZoQSp-design-nettavisen article--c-eRUmMG-gwthdJ-cv\" href=\"https:\/\/www.nettavisen.no\/fhi-topp-ut-mot-nrk-falsk-premiss\/s\/5-95-2780452\" rel=\"nofollow noopener\" target=\"_blank\">FHI-topp ut mot NRK: \u2013 Falsk premiss<\/a><\/p>\n<p>I uke 50 var andel pr\u00f8ver med p\u00e5vist influensavirus oppe p\u00e5 28,6 prosent. Den tidlige \u00f8kningen gj\u00f8r det sannsynlig at <a href=\"https:\/\/www.nettavisen.no\/nyheter\/fhi-advarer-om-at-influensaforekomsten-oker-i-norge\/s\/5-95-2775073\" rel=\"Follow nofollow noopener\" target=\"_blank\">influensatoppen kommer i forkant jul og nytt\u00e5r.<\/a><\/p>\n<p>FHI sp\u00e5r at smittetoppen p\u00e5 nasjonalt niv\u00e5 n\u00e5s f\u00f8r jul eller i romjulen, men smitten vil fortsatt v\u00e6re h\u00f8y.<\/p>\n<p>\u2013 Det vil v\u00e6re en betydelig mengde influensa i oml\u00f8p ogs\u00e5 etter jul, skriver FHI.<\/p>\n<p>Intensiteten til sykdomsforekomsten vurderes til \u00e5 ligge p\u00e5 moderat niv\u00e5, og er fremdeles i \u00f8kning.<\/p>\n<p>Vaksinen har moderat effekt<\/p>\n<p>De siste tre vintrene er det influensa A som har dominert influensautbruddene. Det er influensa A(H3N2)-virus kommer sannsynligvis til \u00e5 utgj\u00f8re hovedparten av sesongens influensautbrudd.<\/p>\n<p>Denne h\u00f8sten har debatten g\u00e5tt p\u00e5 <a href=\"https:\/\/www.nettavisen.no\/nyheter\/fhi-avviser-influensa-pastander-ingen-er-tjent-med-a-skape-frykt\/s\/5-95-2737947\" rel=\"Follow nofollow noopener\" target=\"_blank\">om \u00e5rets vaksine er effektiv mot den nye A(H3N2)-varianten eller ikke.<\/a><\/p>\n<p>\u2013 Forel\u00f8pige analyser tyder ogs\u00e5 p\u00e5 at vaksinasjon hjelper mot varianten, selv om det er usikkerhet om graden av beskyttelse, skriver FHI.<\/p>\n<p>\u2013 Immuniteten mot influensa A(H3N2) i befolkningen er god, men vi ser noe lavere immunitet mot K-subkladen.<\/p>\n<p><b>Les ogs\u00e5: <\/b><a class=\"simple-relation related-teaser article--c-eRUmMG article--c-eRUmMG-fZoQSp-design-nettavisen article--c-eRUmMG-gwthdJ-cv\" href=\"https:\/\/www.nettavisen.no\/vaksinerekord-etter-influensautbrudd\/s\/5-95-2776350\" rel=\"nofollow noopener\" target=\"_blank\">Vaksinerekord etter influensautbrudd<\/a><\/p>\n<p>Hittil i sesongen har n\u00e6rmere halvannen million nordmenn tatt influensavaksinen. I influensasesongen for 2024-25 endte vaksinasjonsdekningen med 66 prosent, men i f\u00f8lge FHI vil dekningen i \u00e5r lande p\u00e5 et noe h\u00f8yere niv\u00e5.<\/p>\n<p>Utsatte barn f\u00e5r ikke vaksine<\/p>\n<p>Smittespredningen blant barn er spesielt stor, og andel pr\u00f8ver med p\u00e5vist influensavirus ligger p\u00e5 likt eller h\u00f8yere niv\u00e5 som i fjor\u00e5rets toppuke.<\/p>\n<p>Influensasmitten har h\u00f8yest forekomst blant skolebarn i alderen 5 til 14 \u00e5r, viser<a rel=\"Follow nofollow noopener\" href=\"https:\/\/www.fhi.no\/publ\/statusrapporter\/luftveisinfeksjoner\/\" target=\"_blank\"> FHI i sin ukentlige statusrapport<\/a>. Andelen positive pr\u00f8ver i aldergruppen m\u00e5les til hele 50 prosent for forrige uke.<\/p>\n<p>Det ansl\u00e5s at 80.000 av norske barn har \u00f8kt risiko for alvorlig sykdom ved influensasmitte.<\/p>\n<p><b>Les ogs\u00e5: <\/b><a class=\"simple-relation related-teaser article--c-eRUmMG article--c-eRUmMG-fZoQSp-design-nettavisen article--c-eRUmMG-gwthdJ-cv\" href=\"https:\/\/www.nettavisen.no\/kraftig-influensaokning-flere-barn-innlagt-pa-ahus\/s\/5-95-2778125\" rel=\"nofollow noopener\" target=\"_blank\">Kraftig influensa\u00f8kning: Flere barn innlagt p\u00e5 Ahus<\/a><\/p>\n<p>Under ti prosent av disse f\u00e5r influensavaksine, selv om de blir anbefalt den. Dette gjelder blant annet barn med kronisk lungesykdom, hjertesykdom, nedsatt immunforsvar og kronisk nevrologisk sykdom eller skade.<\/p>\n<p>\u2013 Det synes jeg er un\u00f8dvendig og trist, sier Karoline Bragstad til <a href=\"https:\/\/www.forskning.no\/barn-og-ungdom-influensa-sykdommer\/under-10-prosent-av-barna-i-risikogruppen-blir-vaksinert-mot-influensa-unodvendig-og-trist\/2586822\" rel=\"Follow nofollow noopener\" target=\"_blank\">Forskning.no<\/a>.<\/p>\n<p>Bragstad er seksjonssjef i FHI ved seksjon for influensa og andre luftveisinfeksjoner.<\/p>\n<p>\u2013 Vi s\u00e5 dette ogs\u00e5 da influensaen kom tilbake etter nesten \u00e5 ha v\u00e6rt frav\u00e6rende under covid-19-pandemien.<\/p>\n<p>\u2013 Hold avstand og bruk munnbind<\/p>\n<p>FHI skriver at hovedm\u00e5let med smittevernr\u00e5dene er \u00e5 begrense smitte til mennesker som kan bli alvorlig syke av luftveisinfeksjoner.<\/p>\n<p>Deres anbefaling til de i risikogruppen er hovedsakelig \u00e5 beskytte seg mot covid-19, influensa og pneumokokksykdom. For de som er spesielt utsatt anbefales det ogs\u00e5 \u00e5 begrense hvor mange man har kontakt med n\u00e5 i smittesesongen.<\/p>\n<p>\u2013 \u00c5 holde avstand og\/eller bruke munnbind kan ogs\u00e5 redusere risikoen for \u00e5 smitte andre, og til en vissgrad redusere risikoen for at man selv blir smittet, skriver FHI.<\/p>\n<p>\u2013 Gode hostevaner og god h\u00e5ndhygiene er alltid lurt, og kan forbygge mange ulike infeksjoner.<\/p>\n","protected":false},"excerpt":{"rendered":"Med julen rett rundt hj\u00f8rnet, har Folkehelseinstituttet (FHI) sluppet sin prognose for den kommende luftveisvirus-sesongen. Notatet sl\u00e5r fast&hellip;\n","protected":false},"author":2,"featured_media":116737,"comment_status":"","ping_status":"","sticky":false,"template":"","format":"standard","meta":{"footnotes":""},"categories":[10],"tags":[20,21,24,25,15,22,23,13,30,28,29,14,16,26,27],"class_list":{"0":"post-116736","1":"post","2":"type-post","3":"status-publish","4":"format-standard","5":"has-post-thumbnail","7":"category-norge","8":"tag-breaking-news","9":"tag-breakingnews","10":"tag-featured-news","11":"tag-featurednews","12":"tag-headlines","13":"tag-latest-news","14":"tag-latestnews","15":"tag-news","16":"tag-no","17":"tag-norge","18":"tag-norway","19":"tag-nyheter","20":"tag-overskrifter","21":"tag-top-stories","22":"tag-topstories"},"share_on_mastodon":{"url":"https:\/\/pubeurope.com\/@no\/115741781116400163","error":""},"_links":{"self":[{"href":"https:\/\/www.europesays.com\/no\/wp-json\/wp\/v2\/posts\/116736","targetHints":{"allow":["GET"]}}],"collection":[{"href":"https:\/\/www.europesays.com\/no\/wp-json\/wp\/v2\/posts"}],"about":[{"href":"https:\/\/www.europesays.com\/no\/wp-json\/wp\/v2\/types\/post"}],"author":[{"embeddable":true,"href":"https:\/\/www.europesays.com\/no\/wp-json\/wp\/v2\/users\/2"}],"replies":[{"embeddable":true,"href":"https:\/\/www.europesays.com\/no\/wp-json\/wp\/v2\/comments?post=116736"}],"version-history":[{"count":0,"href":"https:\/\/www.europesays.com\/no\/wp-json\/wp\/v2\/posts\/116736\/revisions"}],"wp:featuredmedia":[{"embeddable":true,"href":"https:\/\/www.europesays.com\/no\/wp-json\/wp\/v2\/media\/116737"}],"wp:attachment":[{"href":"https:\/\/www.europesays.com\/no\/wp-json\/wp\/v2\/media?parent=116736"}],"wp:term":[{"taxonomy":"category","embeddable":true,"href":"https:\/\/www.europesays.com\/no\/wp-json\/wp\/v2\/categories?post=116736"},{"taxonomy":"post_tag","embeddable":true,"href":"https:\/\/www.europesays.com\/no\/wp-json\/wp\/v2\/tags?post=116736"}],"curies":[{"name":"wp","href":"https:\/\/api.w.org\/{rel}","templated":true}]}}