{"id":116738,"date":"2025-12-18T17:40:46","date_gmt":"2025-12-18T17:40:46","guid":{"rendered":"https:\/\/www.europesays.com\/no\/116738\/"},"modified":"2025-12-18T17:40:46","modified_gmt":"2025-12-18T17:40:46","slug":"handel-roros-danner-ny-allianse-med-coop-finnmark","status":"publish","type":"post","link":"https:\/\/www.europesays.com\/no\/116738\/","title":{"rendered":"Handel, R\u00f8ros | Danner ny allianse med Coop Finnmark"},"content":{"rendered":"\n<p>Coop Midt-Norge eier blant annet Coop Mega p\u00e5 Domus R\u00f8ros samt flere av butikkene inne p\u00e5 senteret. I tillegg eier de blant annet Extra R\u00f8ros, Coop Marked i Brekken og Coop Marked Gl\u00e5mos.<\/p>\n<p>Videre vekst<\/p>\n<p>&#8211; Styrene i Coop Finnmark SA og Coop Midt-Norge SA \u00f8nsker \u00e5 sl\u00e5 sammen virksomhetene sine i Finnmark, Nordland og Tr\u00f8ndelag til ett nytt samvirkelag. Dermed g\u00e5r to av de sterkeste samvirkelagene i Norge sammen, og rigger seg for videre vekst og fremtidens utfordringer og muligheter, melder de to selskapene.<\/p>\n<p>Den nye alliansen, som bygger p\u00e5 Coop Finnmark SA og Coop Midt-Norge SA, vil til sammen ha rundt 3300 medarbeidere fordelt p\u00e5 ca. 170 butikker, og en omsetning p\u00e5 11,5 milliarder kroner.<\/p>\n<p>Hard konkurranse<\/p>\n<p>\u2013 Vi skal etablere en ny handelsakt\u00f8r som sikrer vekst, styrker konkurransekraften og gir fire prosent kj\u00f8peutbytte til medlemmene v\u00e5re. Konkurransen i dagligvare blir hardere for hvert \u00e5r som g\u00e5r. Coop Allianse SA skal bli en ny kraft i forbrukereid handel, og er et viktig grep for \u00e5 sikre og styrke utviklingen av butikktilbudet n\u00e6rt kundene v\u00e5re, sier Torbj\u00f8rn Skei, administrerende direkt\u00f8r i Coop Midt-Norge.<\/p>\n<p>Coop Allianse SA vil eies av 327 000 medlemmer i Finnmark, Tr\u00f8ndelag og Nordland. Coop Allianse SA vil eie og forvalte om lag 335 000 kvadratmeter bygningsmasse, og ha over 400 eksterne utleieforhold i tillegg til de interne leieavtalene.<\/p>\n<p>Slutter seg til anbefalinger<\/p>\n<p>Styrene i Coop Midt-Norge og Coop Finnmark har sluttet seg til arbeidsutvalgenes anbefalinger. De har bedt administrasjonene i begge lag starte en formell prosess og forhandlinger for \u00e5 etablere Coop Allianse SA, samt ferdigstille n\u00f8dvendige dokumenter til endelig styre- og \u00e5rsm\u00f8tebehandling v\u00e5ren 2026.<\/p>\n<p>Trondheim<\/p>\n<p>\u2013 Vi som n\u00e5 etablerer Coop Allianse SA, har hatt h\u00f8ye kj\u00f8peutbytter i \u00e5r etter \u00e5r, samtidig som vi har sikret \u00f8konomiske muskler og reserver til \u00e5 vokse og investere videre, sier Torbj\u00f8rn Skei.<\/p>\n<p>Hovedkontoret vil ligge i Trondheim. Det nye samvirkelaget skal ha en struktur med sterke regionskontorer i Finnmark, Tr\u00f8ndelag og Nordland. N\u00e6rhet til butikker, eiendommer, ansatte, markedet og medlemmene skal v\u00e6re et b\u00e6rende prinsipp.<\/p>\n","protected":false},"excerpt":{"rendered":"Coop Midt-Norge eier blant annet Coop Mega p\u00e5 Domus R\u00f8ros samt flere av butikkene inne p\u00e5 senteret. I&hellip;\n","protected":false},"author":2,"featured_media":116739,"comment_status":"","ping_status":"","sticky":false,"template":"","format":"standard","meta":{"footnotes":""},"categories":[56],"tags":[36,60,61,3523,62,30,28,29,3847,1510],"class_list":{"0":"post-116738","1":"post","2":"type-post","3":"status-publish","4":"format-standard","5":"has-post-thumbnail","7":"category-naeringsliv","8":"tag-art","9":"tag-business","10":"tag-economy","11":"tag-handel","12":"tag-naeringsliv","13":"tag-no","14":"tag-norge","15":"tag-norway","16":"tag-roros","17":"tag-story"},"share_on_mastodon":{"url":"https:\/\/pubeurope.com\/@no\/115741800735139983","error":""},"_links":{"self":[{"href":"https:\/\/www.europesays.com\/no\/wp-json\/wp\/v2\/posts\/116738","targetHints":{"allow":["GET"]}}],"collection":[{"href":"https:\/\/www.europesays.com\/no\/wp-json\/wp\/v2\/posts"}],"about":[{"href":"https:\/\/www.europesays.com\/no\/wp-json\/wp\/v2\/types\/post"}],"author":[{"embeddable":true,"href":"https:\/\/www.europesays.com\/no\/wp-json\/wp\/v2\/users\/2"}],"replies":[{"embeddable":true,"href":"https:\/\/www.europesays.com\/no\/wp-json\/wp\/v2\/comments?post=116738"}],"version-history":[{"count":0,"href":"https:\/\/www.europesays.com\/no\/wp-json\/wp\/v2\/posts\/116738\/revisions"}],"wp:featuredmedia":[{"embeddable":true,"href":"https:\/\/www.europesays.com\/no\/wp-json\/wp\/v2\/media\/116739"}],"wp:attachment":[{"href":"https:\/\/www.europesays.com\/no\/wp-json\/wp\/v2\/media?parent=116738"}],"wp:term":[{"taxonomy":"category","embeddable":true,"href":"https:\/\/www.europesays.com\/no\/wp-json\/wp\/v2\/categories?post=116738"},{"taxonomy":"post_tag","embeddable":true,"href":"https:\/\/www.europesays.com\/no\/wp-json\/wp\/v2\/tags?post=116738"}],"curies":[{"name":"wp","href":"https:\/\/api.w.org\/{rel}","templated":true}]}}