{"id":116742,"date":"2025-12-18T17:44:11","date_gmt":"2025-12-18T17:44:11","guid":{"rendered":"https:\/\/www.europesays.com\/no\/116742\/"},"modified":"2025-12-18T17:44:11","modified_gmt":"2025-12-18T17:44:11","slug":"internasjonal-handball-trenger-et-lederskifte","status":"publish","type":"post","link":"https:\/\/www.europesays.com\/no\/116742\/","title":{"rendered":"\u2013 Internasjonal h\u00e5ndball trenger et lederskifte"},"content":{"rendered":"\n<p class=\"_lead_o9xde_2 _lead_xtcu6_50 layout-component text-serif-m layout-normal text-serif-l layout-component layout-wide layout-padded _wide_17hqh_1 layout-padded\">\u2013 Internasjonal h\u00e5ndball trenger et lederskifte, sier den norske h\u00e5ndballpresidenten til VG.<\/p>\n<p><img alt=\"Randi Gustad p\u00e5 plass i h\u00e5ndball-VM i Dortmund, og overrekker Henny Reistad prisen som banens beste i kampen mot Montenegro. Foto: Bj\u00f8rn S. Delebekk \/ VG\" class=\"_image_qp4xg_65 layout-component layout-wide\" data-fullscreen- data-track-element-type=\"Article image fullscreen\" data-track-name=\"ImageFullscreen\" fetchpriority=\"high\" decoding=\"sync\" loading=\"eager\" height=\"2099\" itemprop=\"image\"  src=\"https:\/\/www.europesays.com\/no\/wp-content\/uploads\/2025\/12\/128a08fc-498a-418c-adf7-d78af80d6943\"  style=\"object-position:0% 0%\" width=\"2658\"\/>Randi Gustad p\u00e5 plass i h\u00e5ndball-VM i Dortmund, og overrekker Henny Reistad prisen som banens beste i kampen mot Montenegro. Foto: Bj\u00f8rn S. Delebekk \/ VG<\/p>\n<ul aria-hidden=\"true\" class=\"_images_ntbth_112\">\n<li><a class=\"_link_ntbth_117\" href=\"https:\/\/www.vg.no\/forfatter\/jostein-overvik\" style=\"z-index:2\" title=\"Jostein Overvik\" rel=\"nofollow noopener\" target=\"_blank\"><img alt=\"Bilde av Jostein Overvik\" class=\"_image_ntbth_93\" fetchpriority=\"low\" loading=\"lazy\" decoding=\"async\" itemprop=\"image\"  src=\"https:\/\/www.europesays.com\/no\/wp-content\/uploads\/2025\/12\/1766079850_395_9167fa6a-7320-4d6f-b3c9-6c4ecb8beb8c\"  width=\"480\"\/><\/a><\/li>\n<li><a class=\"_link_ntbth_117\" href=\"https:\/\/www.vg.no\/forfatter\/jens-friberg\" style=\"z-index:1\" title=\"Jens Friberg\" rel=\"nofollow noopener\" target=\"_blank\"><img alt=\"Bilde av Jens Friberg\" class=\"_image_ntbth_93\" fetchpriority=\"low\" loading=\"lazy\" decoding=\"async\" itemprop=\"image\"  src=\"https:\/\/www.europesays.com\/no\/wp-content\/uploads\/2025\/12\/1766079850_833_d5a4433c-4b68-4c86-a3bf-a19d98457272\"  width=\"480\"\/><\/a><\/li>\n<\/ul>\n<p> Oppdatert torsdag 18. desember kl. 18:33    <\/p>\n<ul class=\"_list_o9xde_3 _list_64s2r_85 _unordered_o9xde_106 text-sans-m\">\n<li class=\"_item_o9xde_30\">Norges h\u00e5ndballpresident mener internasjonal h\u00e5ndball trenger nytt lederskap.<\/li>\n<li class=\"_item_o9xde_30\">H\u00e5ndballpresident Moustafa (81) m\u00f8ter for f\u00f8rste gang siden 2009 utfordrere i IHF-valget.<\/li>\n<li class=\"_item_o9xde_30\">Norge vil ikke st\u00f8tte Moustafa videre og vurderer de tre andre kandidatene.<\/li>\n<li class=\"_item_o9xde_30\">Valget i Kairo avgj\u00f8res trolig s\u00f8ndag morgen norsk tid.<\/li>\n<\/ul>\n<p>Vis mer <\/p>\n<p class=\"_paragraph_o9xde_4 _paragraph_xtcu6_10 layout-component text-serif-m layout-normal text-serif-m layout-padded\">For f\u00f8rste gang sier norsk h\u00e5ndballs \u00f8verste leder at sittende IHFIHFForkortelse for det internasjonale h\u00e5ndballforbundet.-president Hassan Moustafa (81) ikke har Norges st\u00f8tte i helgens valg.<\/p>\n<p class=\"_paragraph_o9xde_4 _paragraph_xtcu6_10 layout-component text-serif-m layout-normal text-serif-m layout-padded\">Denne uken er det kongress i Moustafas hjemby Kairo, Egypt.<\/p>\n<p class=\"_paragraph_o9xde_4 _paragraph_xtcu6_10 layout-component text-serif-m layout-normal text-serif-m layout-padded\">81-\u00e5ringen har styrt internasjonal h\u00e5ndball i 25 \u00e5r. Han stiller til gjenvalg \u2013 denne gangen med motkandidater for f\u00f8rste gang siden 2009.<\/p>\n<p><img decoding=\"async\" alt=\"Bilde av Hassan Moustafa\" class=\"_image_ygndg_42\" height=\"27\" itemprop=\"image\" loading=\"lazy\"  src=\"https:\/\/www.europesays.com\/no\/wp-content\/uploads\/2025\/12\/7d695d7b-2f07-42ac-83d3-6f533e1f0234\"  width=\"40\"\/><strong class=\"_name_ygndg_51 title-serif-xs\">Hassan Moustafa<\/strong><\/p>\n<p class=\"_paragraph_o9xde_4 text-sans-m _description_ygndg_56\">President i det internasjonale h\u00e5ndballforbundet<\/p>\n<p class=\"_paragraph_o9xde_4 _paragraph_xtcu6_10 layout-component text-serif-m layout-normal text-serif-m layout-padded\">\u2013 Jeg forholder meg til de objektive parameterne som sier at dagens leder har sittet i 25 \u00e5r og er 81 \u00e5r gammel. Det er b\u00e5de for lang regjeringstid og er for h\u00f8y alder til \u00e5 g\u00e5 inn i en ny fire\u00e5rsperiode, sier Gustad om Norges valg.<\/p>\n<p class=\"_paragraph_o9xde_4 _paragraph_xtcu6_10 layout-component text-serif-m layout-normal text-serif-m layout-padded\">De tre motkandidatene er Franc Bobinac (Slovenia), Gerd Butzeck (Tyskland) og Tjark de Lange (Nederland).<\/p>\n<p class=\"_paragraph_o9xde_4 _paragraph_xtcu6_10 layout-component text-serif-m layout-normal text-serif-m layout-padded\">Gustad sier at Norge ikke har bestemt seg for hvem de skal stemme p\u00e5.<\/p>\n<p class=\"_paragraph_o9xde_4 _paragraph_xtcu6_10 layout-component text-serif-m layout-normal text-serif-m layout-padded\">Dette er alts\u00e5 f\u00f8rste gang siden 2009 at noen utfordrer mektige Moustafa. <\/p>\n<p class=\"_paragraph_o9xde_4 _paragraph_xtcu6_10 layout-component text-serif-m layout-normal text-serif-m layout-padded\">Da gikk det heller d\u00e5rlig for motkandidat Jean Kaiser, som opplevde at mikrofonen ble skrudd av under sin appell til kongressen.<\/p>\n<p class=\"_paragraph_o9xde_4 _paragraph_xtcu6_10 layout-component text-serif-m layout-normal text-serif-m layout-padded\">Under Moustafas ledelse har IHF utvidet antall medlemsland kraftigutvidet antall medlemsland kraftigFra 137 til 209 nasjoner.. <\/p>\n<p class=\"_paragraph_o9xde_4 _paragraph_xtcu6_10 layout-component text-serif-m layout-normal text-serif-m layout-padded\">Kritikere av organisasjonen mener dette er gjort for \u00e5 sikre ledelsens makt. Mange av de nye medlemslandene har lite til ingen reell h\u00e5ndballaktivitet.<\/p>\n<p class=\"_paragraph_o9xde_4 _paragraph_xtcu6_10 layout-component text-serif-m layout-normal text-serif-m layout-padded\"><a href=\"https:\/\/www.vg.no\/sport\/i\/jlWe3A\/reagerer-paa-norsk-haandball-topp-trist\" data-track-element-type=\"Link\" data-track-id=\"link:jlWe3A\" class=\"_link_o9xde_39\" rel=\"nofollow noopener\" target=\"_blank\">VG reiste i 2023 til en avsidesliggende by i Nepal<\/a> der det nasjonale h\u00e5ndballforbundet har sitt hovedkvarter og unders\u00f8kte dette.<\/p>\n<p class=\"_paragraph_o9xde_4 _paragraph_xtcu6_10 layout-component text-serif-m layout-normal text-serif-m layout-padded\">IHF p\u00e5 sin side argumenterer med at de \u00f8nsker \u00e5 gj\u00f8re h\u00e5ndball til en verdensomspennende idrett.<\/p>\n<p class=\"_paragraph_o9xde_4 _paragraph_xtcu6_10 layout-component text-serif-m layout-normal text-serif-m layout-padded\">\u2013 Tror du et regimeskifte er mulig?<\/p>\n<p class=\"_paragraph_o9xde_4 _paragraph_xtcu6_10 layout-component text-serif-m layout-normal text-serif-m layout-padded\">\u2013 Alt er mulig og jeg velger \u00e5 tro p\u00e5 medlemsdemokratiet. Jeg vet jo ogs\u00e5 at den sittende presidenten har god oppslutning i mange land.\u00a0S\u00e5\u00a0jeg er ikke helt naiv\u00a0en vet det er en bratt bakke, men jeg tror mange nasjoner \u00f8nsker endring, sier Gustad.<\/p>\n<p class=\"_paragraph_o9xde_4 _paragraph_xtcu6_10 layout-component text-serif-m layout-normal text-serif-m layout-padded\">Hun tror det blir hektisk aktivitet inn mot selve valget, som ansl\u00e5s \u00e5 finne sted mellom 08 og 10 s\u00f8ndag morgen norsk tid. Rundt 180 nasjoner med stemmerett er ventet \u00e5 delta i kongressen.<\/p>\n<p class=\"_paragraph_o9xde_4 _paragraph_xtcu6_10 layout-component text-serif-m layout-normal text-serif-m layout-padded\">Nylig ble h\u00e5ndball-VM for kvinner avsluttet i Rotterdam. Norge slo Tyskland i finalen, men Moustafa var ikke til stede for \u00e5 dele ut pokalen. <\/p>\n<p class=\"_paragraph_o9xde_4 _paragraph_xtcu6_10 layout-component text-serif-m layout-normal text-serif-m layout-padded\">\u2013 Urovekkende, sier Gustad om det. <\/p>\n<p class=\"_paragraph_o9xde_4 _paragraph_xtcu6_10 layout-component text-serif-m layout-normal text-serif-m layout-padded\">\u2013 VM er flaggskipet i internasjonal h\u00e5ndball. Det var en veldig, veldig uvanlig og pussig situasjon.<\/p>\n<p class=\"_paragraph_o9xde_4 _paragraph_xtcu6_10 layout-component text-serif-m layout-normal text-serif-m layout-padded\">I Moustafas frav\u00e6r gikk det ogs\u00e5 galt p\u00e5 premieutdelingen:<\/p>\n<p class=\"_paragraph_o9xde_4 _paragraph_xtcu6_10 layout-component text-serif-m layout-normal text-serif-m layout-padded\">Hun sier hun ogs\u00e5 ble skuffet, fordi hun ikke har f\u00e5tt m\u00f8tt Moustafa personlig. <\/p>\n<p class=\"_paragraph_o9xde_4 _paragraph_xtcu6_10 layout-component text-serif-m layout-normal text-serif-m layout-padded\">\u2013 Fra norsk side har vi naturligvis respekt for valgprosessen og \u00f8nsket derfor \u00e5 m\u00f8te alle de fire kandidatene\u00a0for \u00e5 gj\u00f8re oss opp en mening f\u00f8r valget. De tre europeiske kandidatene har alle bedt om m\u00f8ter\u00a0og\u00a0vi har\u00a0snakket mye med\u00a0dem.\u00a0<\/p>\n<p class=\"_paragraph_o9xde_4 _paragraph_xtcu6_10 layout-component text-serif-m layout-normal text-serif-m layout-padded\">Under kvinnenes h\u00e5ndball-VM i 2023 ble IHF heftig debattert i norske medier. <\/p>\n<p class=\"_paragraph_o9xde_4 _paragraph_xtcu6_10 layout-component text-serif-m layout-normal text-serif-m layout-padded\">Det hele startet med en kommentar fra Johan Flinck i Aftonbladet, som mente at VM var rigget til fordel for vertsnasjonene.<\/p>\n<p class=\"_paragraph_o9xde_4 _paragraph_xtcu6_10 layout-component text-serif-m layout-normal text-serif-m layout-padded\">Det hele ble avsluttet med en konfrontasjon mellom Moustafa og norske medier p\u00e5 VMs siste dag.<\/p>\n<p class=\"_paragraph_o9xde_4 _paragraph_xtcu6_10 layout-component text-serif-m layout-normal text-serif-m layout-padded\">\u2013 Jeg skulle gjerne ogs\u00e5 h\u00f8rt Moustafas egne visjoner og planer for de neste fire \u00e5rene, men vi har m\u00e5ttet n\u00f8ye oss med en skriftlig fire\u00e5rsplan.\u00a0<\/p>\n","protected":false},"excerpt":{"rendered":"\u2013 Internasjonal h\u00e5ndball trenger et lederskifte, sier den norske h\u00e5ndballpresidenten til VG. Randi Gustad p\u00e5 plass i h\u00e5ndball-VM&hellip;\n","protected":false},"author":2,"featured_media":116743,"comment_status":"","ping_status":"","sticky":false,"template":"","format":"standard","meta":{"footnotes":""},"categories":[59],"tags":[105,9443,30,28,29,83,82],"class_list":{"0":"post-116742","1":"post","2":"type-post","3":"status-publish","4":"format-standard","5":"has-post-thumbnail","7":"category-sport","8":"tag-handball","9":"tag-handball-vm","10":"tag-no","11":"tag-norge","12":"tag-norway","13":"tag-sport","14":"tag-sports"},"share_on_mastodon":{"url":"https:\/\/pubeurope.com\/@no\/115741816797226567","error":""},"_links":{"self":[{"href":"https:\/\/www.europesays.com\/no\/wp-json\/wp\/v2\/posts\/116742","targetHints":{"allow":["GET"]}}],"collection":[{"href":"https:\/\/www.europesays.com\/no\/wp-json\/wp\/v2\/posts"}],"about":[{"href":"https:\/\/www.europesays.com\/no\/wp-json\/wp\/v2\/types\/post"}],"author":[{"embeddable":true,"href":"https:\/\/www.europesays.com\/no\/wp-json\/wp\/v2\/users\/2"}],"replies":[{"embeddable":true,"href":"https:\/\/www.europesays.com\/no\/wp-json\/wp\/v2\/comments?post=116742"}],"version-history":[{"count":0,"href":"https:\/\/www.europesays.com\/no\/wp-json\/wp\/v2\/posts\/116742\/revisions"}],"wp:featuredmedia":[{"embeddable":true,"href":"https:\/\/www.europesays.com\/no\/wp-json\/wp\/v2\/media\/116743"}],"wp:attachment":[{"href":"https:\/\/www.europesays.com\/no\/wp-json\/wp\/v2\/media?parent=116742"}],"wp:term":[{"taxonomy":"category","embeddable":true,"href":"https:\/\/www.europesays.com\/no\/wp-json\/wp\/v2\/categories?post=116742"},{"taxonomy":"post_tag","embeddable":true,"href":"https:\/\/www.europesays.com\/no\/wp-json\/wp\/v2\/tags?post=116742"}],"curies":[{"name":"wp","href":"https:\/\/api.w.org\/{rel}","templated":true}]}}