{"id":116744,"date":"2025-12-18T17:54:26","date_gmt":"2025-12-18T17:54:26","guid":{"rendered":"https:\/\/www.europesays.com\/no\/116744\/"},"modified":"2025-12-18T17:54:26","modified_gmt":"2025-12-18T17:54:26","slug":"kraftig-snofokk-ventes-i-sor-norge-sender-ut-farevarsel-for-juleutfarten","status":"publish","type":"post","link":"https:\/\/www.europesays.com\/no\/116744\/","title":{"rendered":"Kraftig sn\u00f8fokk ventes i S\u00f8r-Norge \u2013 sender ut farevarsel f\u00f8r juleutfarten"},"content":{"rendered":"<p class=\"extendedContent hyperion-css-eyn926\" data-test-tag=\"lead-text\">Det ventes kraftig sn\u00f8fokk i fjellomr\u00e5der i S\u00f8r-Norge fredag, den f\u00f8rste utfartsdagen i juleferien.<\/p>\n<p><img decoding=\"async\" class=\"image-asset hyperion-css-u06ts1\" data-test-tag=\"image-asset\" src=\"https:\/\/www.europesays.com\/no\/wp-content\/uploads\/2025\/12\/1053dfec-c3cb-4817-86fc-912319ad8e58\"  alt=\"Det ventes lokal sn\u00f8fokk i fjellet p\u00e5 grunn av kraftig vind. Sn\u00f8fokk gir stedvis redusert sikt og sn\u00f8 som pakker seg i veibanen. Veier kan bli stengt og kolonnekj\u00f8ring kan bli innf\u00f8rt p\u00e5 kort varsel. Illustrasjon: Meteorologisk institutt \/ Handout \/ NTB\"  loading=\"eager\" fetchpriority=\"high\" style=\"aspect-ratio:1200 \/ 675\"\/>Det ventes lokal sn\u00f8fokk i fjellet p\u00e5 grunn av kraftig vind. Sn\u00f8fokk gir stedvis redusert sikt og sn\u00f8 som pakker seg i veibanen. Veier kan bli stengt og kolonnekj\u00f8ring kan bli innf\u00f8rt p\u00e5 kort varsel. Illustrasjon: Meteorologisk institutt \/ Handout \/ NTB<\/p>\n<p>Publisert: 18.12.2025 12:50<\/p>\n<p class=\"paywall hyperion-css-1j42uic\"> Faren \u00f8ker sent torsdag kveld og varer til fredag ettermiddag, if\u00f8lge <a aria-label=\"varselet\" class=\"default hyperion-css-1raymq9\" href=\"https:\/\/www.yr.no\/nb\/farevarsler\" target=\"_blank\" rel=\"noopener nofollow noreferrer\" data-test-tag=\"external-link\">varselet<\/a>. <\/p>\n<p class=\"paywall hyperion-css-1j42uic\">Forel\u00f8pig er det sendt ut gult farevarsel, og det ventes lokal sn\u00f8fokk i fjellet p\u00e5 grunn av kraftig vind. Det gjelder blant annet for Hardangervidda, Strynefjellet, Vikafjell og Dovrefjell.<\/p>\n<p class=\"paywall hyperion-css-1j42uic\">Redusert sikt og sn\u00f8 som pakker seg i veien, kan f\u00f8re til vanskelige kj\u00f8reforhold.<\/p>\n<p class=\"paywall hyperion-css-1j42uic\">If\u00f8lge Statens vegvesen starter juleutfarten fredag, og de melder at over halvparten av dem som skal hjem til jul, bruker bil. Toppen ventes f\u00f8rst lille julaften, men mange ventes \u00e5 dra hjem til jul allerede til helgen.<\/p>\n","protected":false},"excerpt":{"rendered":"Det ventes kraftig sn\u00f8fokk i fjellomr\u00e5der i S\u00f8r-Norge fredag, den f\u00f8rste utfartsdagen i juleferien. Det ventes lokal sn\u00f8fokk&hellip;\n","protected":false},"author":2,"featured_media":116745,"comment_status":"","ping_status":"","sticky":false,"template":"","format":"standard","meta":{"footnotes":""},"categories":[10],"tags":[20,21,24,25,15,22,23,13,30,28,29,14,16,26,27],"class_list":{"0":"post-116744","1":"post","2":"type-post","3":"status-publish","4":"format-standard","5":"has-post-thumbnail","7":"category-norge","8":"tag-breaking-news","9":"tag-breakingnews","10":"tag-featured-news","11":"tag-featurednews","12":"tag-headlines","13":"tag-latest-news","14":"tag-latestnews","15":"tag-news","16":"tag-no","17":"tag-norge","18":"tag-norway","19":"tag-nyheter","20":"tag-overskrifter","21":"tag-top-stories","22":"tag-topstories"},"share_on_mastodon":{"url":"https:\/\/pubeurope.com\/@no\/115741855979366609","error":""},"_links":{"self":[{"href":"https:\/\/www.europesays.com\/no\/wp-json\/wp\/v2\/posts\/116744","targetHints":{"allow":["GET"]}}],"collection":[{"href":"https:\/\/www.europesays.com\/no\/wp-json\/wp\/v2\/posts"}],"about":[{"href":"https:\/\/www.europesays.com\/no\/wp-json\/wp\/v2\/types\/post"}],"author":[{"embeddable":true,"href":"https:\/\/www.europesays.com\/no\/wp-json\/wp\/v2\/users\/2"}],"replies":[{"embeddable":true,"href":"https:\/\/www.europesays.com\/no\/wp-json\/wp\/v2\/comments?post=116744"}],"version-history":[{"count":0,"href":"https:\/\/www.europesays.com\/no\/wp-json\/wp\/v2\/posts\/116744\/revisions"}],"wp:featuredmedia":[{"embeddable":true,"href":"https:\/\/www.europesays.com\/no\/wp-json\/wp\/v2\/media\/116745"}],"wp:attachment":[{"href":"https:\/\/www.europesays.com\/no\/wp-json\/wp\/v2\/media?parent=116744"}],"wp:term":[{"taxonomy":"category","embeddable":true,"href":"https:\/\/www.europesays.com\/no\/wp-json\/wp\/v2\/categories?post=116744"},{"taxonomy":"post_tag","embeddable":true,"href":"https:\/\/www.europesays.com\/no\/wp-json\/wp\/v2\/tags?post=116744"}],"curies":[{"name":"wp","href":"https:\/\/api.w.org\/{rel}","templated":true}]}}