{"id":116748,"date":"2025-12-18T18:01:12","date_gmt":"2025-12-18T18:01:12","guid":{"rendered":"https:\/\/www.europesays.com\/no\/116748\/"},"modified":"2025-12-18T18:01:12","modified_gmt":"2025-12-18T18:01:12","slug":"julevarer-priskrig-kiwi-rema-extra-priskrig-pa-ribbe-og-pinnekjott","status":"publish","type":"post","link":"https:\/\/www.europesays.com\/no\/116748\/","title":{"rendered":"Julevarer, Priskrig | Kiwi, Rema, Extra: Priskrig p\u00e5 ribbe og pinnekj\u00f8tt"},"content":{"rendered":"<p> (<a href=\"https:\/\/www.tb.no\" rel=\"nofollow noopener\" target=\"_blank\">T\u00f8nsbergs Blad<\/a>) <\/p>\n<p>(<a href=\"https:\/\/www.nettavisen.no\/okonomi\/kiwi-rema-extra-priskrig-pa-ribbe-og-pinnekjott\/s\/5-95-2785421\" rel=\"Follow nofollow noopener\" target=\"_blank\">Nettavisen<\/a>): Prisene p\u00e5 b\u00e5de ribbe og pinnekj\u00f8tt er kuttet kraftig en uke f\u00f8r selveste julaften.<\/p>\n<p>Nettavisens store pristest av over 30 pinnekj\u00f8tt og over 40 ribber viser at prisene n\u00e5 spriker helt enormt.<\/p>\n<p>17 ribbe-priser under hundrelappen<\/p>\n<p>Billigste ribbe f\u00e5r du n\u00e5 til 59 kroner. Men det er mange varianter som n\u00e5 er dumpet i pris. Nettavisen har registrert <b>hele 17 ribbe-priser som er lavere enn 100 kroner per kilo.<\/b><\/p>\n<p>Dette er b\u00e5de kjedenes egne merkevarer, slik som First Price, Xtra og Prima, men og Gilde-varianter.<\/p>\n<p>   <img decoding=\"async\" width=\"4032\" height=\"3024\" fetchpriority=\"low\"  loading=\"lazy\"  src=\"https:\/\/www.europesays.com\/no\/wp-content\/uploads\/2025\/12\/IMG_9724.JPG\" alt=\"ribbe i butikk\" class=\"brick-c-cFOWSL\" style=\"--brick-image-ratio: 4032 \/ 3024;\"\/><\/p>\n<p>      Foto: Erik Molland (Nettavisen)\n    <\/p>\n<p><b>Se full prisoversikt over b\u00e5de ribbe og pinnekj\u00f8tt nederst<\/b><\/p>\n<p>Pinnekj\u00f8tt ligger som kjent h\u00f8yere i pris enn ribbe. Men n\u00e5 er noen priser kuttet kraftig.<\/p>\n<p>Kiwi, Rema og Extra har kuttet prisene med rundt en tredjedel p\u00e5 billigmerkene sine. Det betyr at du n\u00e5 kan kj\u00f8pe <b>pinnekj\u00f8tt til 99 kroner per kilo.<\/b> I g\u00e5r kostet de 149 kroner.<\/p>\n<p>Hos Extra og Kiwi fant vi ogs\u00e5 pinnekj\u00f8tt fra Gilde til under 200-lappen.<\/p>\n<p><b>Les ogs\u00e5:<\/b> <a href=\"https:\/\/www.nettavisen.no\/beste-ribbe-2025\/ribbe\/ribbetest\/stor-blindtest-dette-er-arets-beste-ribbe-2025\/f\/5-95-2720671\" rel=\"Follow nofollow noopener\" target=\"_blank\">Stor test av \u00e5rets ribber: \u2013 Denne leverer p\u00e5 alle plan!<\/a><\/p>\n<p>Pris og smakskvalitet<\/p>\n<p>Men prisene spriker voldsomt. Det billigste pinnekj\u00f8ttet f\u00e5r du alts\u00e5 til 99 kroner kiloen. Men vi fant ogs\u00e5 pinnekj\u00f8tt som koster fem og seks ganger s\u00e5 mye.<\/p>\n<p>Fire pinnekj\u00f8tt-varianter fant vi fra 499 til 609 kroner per kilo.<\/p>\n<p>Mange mener pris og kvalitet henger sammen. Og ser man p\u00e5 hvordan pinnekj\u00f8ttet har gjort det i de avisenes smakstester i h\u00f8st stemmer det til en viss grad.<\/p>\n<p>En av de dyreste i pristesten er det r\u00f8kte pinnekj\u00f8ttet fra Vossakj\u00f8t, med en pris p\u00e5 479 per kilo hos Meny. Men denne kom godt ut i<a href=\"https:\/\/www.nettavisen.no\/julemat\/julemattest\/pinnekjott\/stor-test-av-arets-pinnekjott-2025\/f\/5-95-2725159\" rel=\"Follow nofollow noopener\" target=\"_blank\"> Nettavisens smakstest og fikk terningkast fem<\/a> og en andreplass i smakstesten.<\/p>\n<p>Men i den samme smakstesten kom noen av de billigste ganske godt ut. Gildes ur\u00f8ykte ble nummer 6 av 19 i smakstesten, og denne koster n\u00e5 kun 199 kroner per kilo.<\/p>\n<p>Henriettes ur\u00f8ykte er ogs\u00e5 blant de rimeligere pinnekj\u00f8tt-variantene n\u00e5. Den koster 249. Denne fikk <a href=\"https:\/\/www.nettavisen.no\/okonomi\/karer-norges-beste-pinnekjott-i-nm\/s\/5-95-2710049\" rel=\"Follow nofollow noopener\" target=\"_blank\">s\u00f8lv i Kj\u00f8tt-NM tidligere i h\u00f8st.<\/a><\/p>\n<p>  <a href=\"https:\/\/www.ringblad.no\/5-76-2745228\" class=\"related-teaser has-image default-feature-teaser article--c-eRUmMG article--c-eRUmMG-jKCPdD-design-default\" rel=\"nofollow noopener\" target=\"_blank\"><\/p>\n<p>    <img decoding=\"async\" loading=\"lazy\"  src=\"https:\/\/www.europesays.com\/no\/wp-content\/uploads\/2025\/12\/Beste+pinnekjtt+2025+test.jpg\" alt=\"\" class=\"brick-c-cFOWSL\" style=\"\"\/><\/p>\n<p>\n            Les ogs\u00e5<\/p>\n<p>              Stor test av \u00e5rets pinnekj\u00f8tt: \u2013 Dette er jul, nytt\u00e5r og p\u00e5ske!\n        <\/p>\n<p>  <\/a><br \/>\n  \u2013 N\u00e5 kjemper butikkene om kundene<\/p>\n<p>Forbruker\u00f8konom i Handelsbanken, Thea Olsen, merker seg at prisstigningen rammer de tradisjonelle kvalitetsvarene hardest i f\u00f8rjulstiden, og at typiske First Price-produkter er mer presset p\u00e5 pris.<\/p>\n<p>\u2013 Kvalitetsprodukter, som torskefileter, laksefileter, gode biffstykker, er produkter som har \u00f8kt mye i pris de senere \u00e5rene og som vi sjelden ser p\u00e5 kampanjepris.<\/p>\n<p>\u2013 Det gjenspeiler seg ogs\u00e5 i julevarene, gjennom hva som er p\u00e5 tilbud og hva som ikke er p\u00e5 tilbud, sier hun til Nettavisen.<\/p>\n<p>   <img decoding=\"async\" width=\"3903\" height=\"2196\" fetchpriority=\"low\"  loading=\"lazy\"  src=\"https:\/\/www.europesays.com\/no\/wp-content\/uploads\/2025\/12\/5_95_1260945_thea_olsen_n_rbilde.jpg\" alt=\"V\u00c6R OBS: Forbruker\u00f8konom Thea Olsen ber folk tenke p\u00e5 hva slags betydning det har for deg eller barnet, n\u00e5r man skal plassere pengegaver.  Med v\u00e5ren og h\u00f8sten f\u00f8lger ogs\u00e5 konfirmasjoner. Kanskje har du tenkt at pengegave er en god id\u00e9. Da er det noen fallgruver du b\u00f8r se opp for. \" class=\"brick-c-cFOWSL\" style=\"--brick-image-ratio: 3903 \/ 2196;\"\/><\/p>\n<p>      Foto: Alexander R. Winger (Nettavisen)\n    <\/p>\n<p>Likevel mener hun det finnes muligheter for den prisbevisste kunden:<\/p>\n<p>\u2013 N\u00e5 kjemper jo butikkene om kundene, s\u00e5 det er lurt \u00e5 holde \u00f8ynene ekstra \u00e5pne og f\u00f8lg med, sier hun.<\/p>\n<p>  <a href=\"https:\/\/www.ringblad.no\/5-76-2750624\" class=\"related-teaser has-image default-story-teaser article--c-eRUmMG article--c-eRUmMG-jKCPdD-design-default\" rel=\"nofollow noopener\" target=\"_blank\"><\/p>\n<p>    <img decoding=\"async\" loading=\"lazy\"  src=\"https:\/\/www.europesays.com\/no\/wp-content\/uploads\/2025\/12\/ida+haug%2C+lrenskog.jpg\" alt=\"\" class=\"brick-c-cFOWSL\" style=\"\"\/><\/p>\n<p>\n            Les ogs\u00e5<\/p>\n<p>              Pakke-advarsel: \u2013 Det var jeg ikke klar over\n        <\/p>\n<p>  <\/a><br \/>\n  Ribbe-smaksvinner blant de rimeligste<\/p>\n<p>Ogs\u00e5 for ribbe-variantene er det en viss sammenheng mellom pris og hvor godt produktene kom ut i smakstest. B\u00e5de First Price og Prima er n\u00e5 dumpet til 59 kroner. Begge fikk terningkast tre i Nettavisens smakstest.<\/p>\n<p>\u2013 Testens t\u00f8rreste. Absolutt ikke et s\u00e5nt stykke man vil bli servert p\u00e5 julaften. Blir litt som \u00e5 spise en skos\u00e5le, kommenterte dommerne om Prima-ribben i testen.<\/p>\n<p>   <img decoding=\"async\" width=\"4032\" height=\"3024\" fetchpriority=\"low\"  loading=\"lazy\"  src=\"https:\/\/www.europesays.com\/no\/wp-content\/uploads\/2025\/12\/IMG_9717.jpg\" alt=\"ribbe i butikk\" class=\"brick-c-cFOWSL\" style=\"--brick-image-ratio: 4032 \/ 3024;\"\/><\/p>\n<p>      Foto: Erik Molland (Nettavisen)\n    <\/p>\n<p>Nettavisen har sjekket 44 ribbepriser. Kiloprisene spriker fra 59 til 343 kroner. En av de rimeligere kom faktisk aller best ut i <a href=\"https:\/\/www.nettavisen.no\/beste-ribbe-2025\/ribbe\/ribbetest\/stor-blindtest-dette-er-arets-beste-ribbe-2025\/f\/5-95-2720671\" rel=\"Follow nofollow noopener\" target=\"_blank\">Nettavisens smakstest med terningkast seks<\/a>: Coop tynnribbe koster n\u00e5 139 kroner kiloen. Det er en sv\u00e6rt lav pris for et kj\u00f8ttprodukt.<\/p>\n<p>\u2013 Blir ikke mer jul enn dette. Veldig n\u00e6rt full perfeksjon. Spr\u00f8, m\u00f8r, saftig \u2013 samtidig som det ikke er for mye fett, kommenterte en i smakspanelet.<\/p>\n","protected":false},"excerpt":{"rendered":"(T\u00f8nsbergs Blad) (Nettavisen): Prisene p\u00e5 b\u00e5de ribbe og pinnekj\u00f8tt er kuttet kraftig en uke f\u00f8r selveste julaften. Nettavisens&hellip;\n","protected":false},"author":2,"featured_media":116749,"comment_status":"","ping_status":"","sticky":false,"template":"","format":"standard","meta":{"footnotes":""},"categories":[56],"tags":[36,60,61,6567,62,30,28,29,10368,7636,7628,1510],"class_list":{"0":"post-116748","1":"post","2":"type-post","3":"status-publish","4":"format-standard","5":"has-post-thumbnail","7":"category-naeringsliv","8":"tag-art","9":"tag-business","10":"tag-economy","11":"tag-julevarer","12":"tag-naeringsliv","13":"tag-no","14":"tag-norge","15":"tag-norway","16":"tag-pinnekjott","17":"tag-priskrig","18":"tag-ribbe","19":"tag-story"},"share_on_mastodon":{"url":"https:\/\/pubeurope.com\/@no\/115741884013810498","error":""},"_links":{"self":[{"href":"https:\/\/www.europesays.com\/no\/wp-json\/wp\/v2\/posts\/116748","targetHints":{"allow":["GET"]}}],"collection":[{"href":"https:\/\/www.europesays.com\/no\/wp-json\/wp\/v2\/posts"}],"about":[{"href":"https:\/\/www.europesays.com\/no\/wp-json\/wp\/v2\/types\/post"}],"author":[{"embeddable":true,"href":"https:\/\/www.europesays.com\/no\/wp-json\/wp\/v2\/users\/2"}],"replies":[{"embeddable":true,"href":"https:\/\/www.europesays.com\/no\/wp-json\/wp\/v2\/comments?post=116748"}],"version-history":[{"count":0,"href":"https:\/\/www.europesays.com\/no\/wp-json\/wp\/v2\/posts\/116748\/revisions"}],"wp:featuredmedia":[{"embeddable":true,"href":"https:\/\/www.europesays.com\/no\/wp-json\/wp\/v2\/media\/116749"}],"wp:attachment":[{"href":"https:\/\/www.europesays.com\/no\/wp-json\/wp\/v2\/media?parent=116748"}],"wp:term":[{"taxonomy":"category","embeddable":true,"href":"https:\/\/www.europesays.com\/no\/wp-json\/wp\/v2\/categories?post=116748"},{"taxonomy":"post_tag","embeddable":true,"href":"https:\/\/www.europesays.com\/no\/wp-json\/wp\/v2\/tags?post=116748"}],"curies":[{"name":"wp","href":"https:\/\/api.w.org\/{rel}","templated":true}]}}