{"id":116762,"date":"2025-12-18T18:16:10","date_gmt":"2025-12-18T18:16:10","guid":{"rendered":"https:\/\/www.europesays.com\/no\/116762\/"},"modified":"2025-12-18T18:16:10","modified_gmt":"2025-12-18T18:16:10","slug":"kisscam-skandalen-kristin-cabot-bryter-stillheten","status":"publish","type":"post","link":"https:\/\/www.europesays.com\/no\/116762\/","title":{"rendered":"Kisscam-skandalen: Kristin Cabot bryter stillheten"},"content":{"rendered":"\n<ul class=\"_list_o9xde_3 _list_64s2r_85 _unordered_o9xde_106 text-sans-m\">\n<li class=\"_item_o9xde_30\">Kristin Cabot bryter stillheten om Coldplay-konsertens kisscam-skandale, i et intervju med The Times.<\/li>\n<li class=\"_item_o9xde_30\">Videoklippet av Cabot og sjefen Andy Byron i en omfavnelse, gikk viralt.<\/li>\n<li class=\"_item_o9xde_30\">Cabot ble utsatt for hets, inkludert d\u00f8dstrusler.<\/li>\n<li class=\"_item_o9xde_30\">Hun omtaler hendelsen som \u00abet skammens merke\u00bb, og \u00f8nsker \u00e5 fortelle sin side av saken. <\/li>\n<\/ul>\n<p>Vis mer <\/p>\n<p class=\"_paragraph_o9xde_4 _paragraph_xtcu6_10 layout-component text-serif-m layout-normal text-serif-m layout-padded\">\u2013 Jeg kunne ha blitt sl\u00e5tt ned av lynet, jeg kunne ha vunnet i lotto, eller dette kunne ha skjedd, sier Kristin Cabot.<\/p>\n<p class=\"_paragraph_o9xde_4 _paragraph_xtcu6_10 layout-component text-serif-m layout-normal text-serif-m layout-padded\">Hun er en av de to hovedpersonene i en av de store \u00absnakkisene\u00bb fra 2025, nemlig <a href=\"https:\/\/www.vg.no\/stories\/337362\/coldplay-kaos-etter-konsert\" class=\"_link_o9xde_39\" rel=\"nofollow noopener\" target=\"_blank\">kisscam-skandalen.<\/a><\/p>\n<p class=\"_paragraph_o9xde_4 _paragraph_xtcu6_10 layout-component text-serif-m layout-normal text-serif-m layout-padded\"><strong class=\"_strong_o9xde_25\">Etter flere m\u00e5neders stillhet, snakker Cabot n\u00e5  ut i et <a href=\"https:\/\/www.thetimes.com\/us\/news-today\/article\/coldplay-kisscam-boss-kristin-cabot-andy-byron-9qst70b7z?gaa_at=eafs&amp;gaa_n=AWEtsqd6rx-JQoKFc7JNs6sfLigi1pZY-afTbLEqvcuATolJRkYnjQZQncpW_8CypA%3D%3D&amp;gaa_ts=69440cca&amp;gaa_sig=C9_AAQgwRauGo9EBk46gjvCfbr7ViE6AyXnQmKnjApJxLseTIwmgMzCvWFM8oacB69gztR3p2-wKKuJbAoC7ag%3D%3D\" class=\"_link_o9xde_39\" rel=\"nofollow noopener\" target=\"_blank\">intervju <\/a>med The Times. <\/strong><\/p>\n<p> Gikk viralt<\/p>\n<p class=\"_paragraph_o9xde_4 _paragraph_xtcu6_10 layout-component text-serif-m layout-normal text-serif-m layout-padded\">P\u00e5 en <a href=\"https:\/\/www.vg.no\/tag\/coldplay?utm_source=vg-article&amp;utm_medium=auto-tagger&amp;utm_campaign=M7gxKM\" class=\"_link_o9xde_39\" rel=\"nofollow noopener\" target=\"_blank\">Coldplay<\/a>-konsert i Boston i juli ble toppsjef Andy Byron og HR-sjef Kristin Cabot i techselskapet Astronomer \u00abavsl\u00f8rt\u00bb da kameraene spottet dem i det som s\u00e5 ut som en kj\u00e6rlig omfavnelse.<\/p>\n<p class=\"_paragraph_o9xde_4 _paragraph_xtcu6_10 layout-component text-serif-m layout-normal text-serif-m layout-padded\">Etter at de ble \u00abtatt p\u00e5 fersken\u00bb slapp de forskrekket taket i hverandre, f\u00f8r Coldplay-vokalist Chris Martin, med glimt i \u00f8yet, fra scenen utbr\u00f8t:<\/p>\n<p class=\"_paragraph_o9xde_4 _paragraph_xtcu6_10 layout-component text-serif-m layout-normal text-serif-m layout-padded\">\u2013 Oi, se p\u00e5 disse to. Enten har de en aff\u00e6re, eller s\u00e5 er de veldig sjenerte.<\/p>\n<p class=\"_paragraph_o9xde_4 _paragraph_xtcu6_10 layout-component text-serif-m layout-normal text-serif-m layout-padded\">Videoklippet gikk viralt og<a href=\"https:\/\/www.vg.no\/rampelys\/i\/kw5pML\/bruker-kisscam-skandalen-i-reklame-til-baade-latter-og-kritikk\" data-track-element-type=\"Link\" data-track-id=\"link:kw5pML\" class=\"_link_o9xde_39\" rel=\"nofollow noopener\" target=\"_blank\"> flere memes sirkulerte p\u00e5 internett<\/a>. I ettertid <a href=\"https:\/\/www.vg.no\/nyheter\/i\/pPqnAV\/kisscam-skandalen-paa-coldplay-konsert-begge-har-sagt-opp\" data-track-element-type=\"Link\" data-track-id=\"link:pPqnAV\" class=\"_link_o9xde_39\" rel=\"nofollow noopener\" target=\"_blank\">sa b\u00e5de Byron og Cabot opp stillingene sine<\/a> i tech-selskapet. <\/p>\n<p>    \u2013 Plutselig ser jeg oss p\u00e5 skjermen<\/p>\n<p class=\"_paragraph_o9xde_4 _paragraph_xtcu6_10 layout-component text-serif-m layout-normal text-serif-m layout-padded\">F\u00f8r hun ble et tilfeldig offer for Coldplay-konsertens kisscam, var Cabot \u00abp\u00e5 toppen av verden\u00bb, forteller hun til den britiske avisen.<\/p>\n<p class=\"_paragraph_o9xde_4 _paragraph_xtcu6_10 layout-component text-serif-m layout-normal text-serif-m layout-padded\">\u2013 Vi satt bak i konsertarenaen, p\u00e5 motsatt side av scenen, i m\u00f8rket, og f\u00f8lte oss fullstendig anynome i arenaen med 50\u201360.000 mennesker, sier hun til The Times, if\u00f8lge <a href=\"https:\/\/www.nme.com\/news\/music\/woman-from-coldplay-kiss-cam-incident-breaks-silence-on-relationship-with-boss-and-the-devastating-fall-out-3919267?utm_source=rss&amp;utm_medium=rss&amp;%23038;utm_campaign=woman-from-coldplay-kiss-cam-incident-breaks-silence-on-relationship-with-boss-and-the-devastating-fall-out\" class=\"_link_o9xde_39\" rel=\"nofollow noopener\" target=\"_blank\">NME<\/a>, som har sitert intervjuet. <\/p>\n<p class=\"_paragraph_o9xde_4 _paragraph_xtcu6_10 layout-component text-serif-m layout-normal text-serif-m layout-padded\">Cabot tok tak i Andy som sto bak henne, og de danset sammen, forteller hun.<\/p>\n<p class=\"_paragraph_o9xde_4 _paragraph_xtcu6_10 layout-component text-serif-m layout-normal text-serif-m layout-padded\">\u2013 Jeg h\u00f8rte ikke kunngj\u00f8ringen om storskjermen, og plutselig ser jeg oss to p\u00e5 skjermen. <\/p>\n<p> \u00abDette ser ikke bra ut\u00bb<\/p>\n<p class=\"_paragraph_o9xde_4 _paragraph_xtcu6_10 layout-component text-serif-m layout-normal text-serif-m layout-padded\">Hennes umiddelbare reaksjon var at hennes fraskilte ektemann, Andrew, ogs\u00e5 var til stede p\u00e5 konserten, if\u00f8lge artikkelen.<\/p>\n<p class=\"_paragraph_o9xde_4 _paragraph_xtcu6_10 layout-component text-serif-m layout-normal text-serif-m layout-padded\">\u2013 Vi var midt i en utrolig, fantastisk og vennskapelig separasjon. Jeg var redd for \u00e5 gj\u00f8re ham flau. Han er en fantastisk fyr og fortjener ikke det, sier hun til The Times. <\/p>\n<p class=\"_paragraph_o9xde_4 _paragraph_xtcu6_10 layout-component text-serif-m layout-normal text-serif-m layout-padded\">Ryktene om de to florerte i etterkant av skandalen, men eksmannen til Cabot kom ut og <a href=\"https:\/\/www.vg.no\/rampelys\/i\/nypLkB\/ektemannen-til-coldplay-kvinnen-bryter-tausheten\" data-track-element-type=\"Link\" data-track-id=\"link:nypLkB\" class=\"_link_o9xde_39\" rel=\"nofollow noopener\" target=\"_blank\">sa han og kona var separert<\/a>. Ogs\u00e5 Byron var separert, skriver <a href=\"https:\/\/people.com\/kristin-cabot-coldplay-kiss-cam-video-breaks-silence-andy-byron-affair-allegations-11869500\" class=\"_link_o9xde_39\" rel=\"nofollow noopener\" target=\"_blank\">People<\/a>, som siterer The Times. <\/p>\n<p class=\"_paragraph_o9xde_4 _paragraph_xtcu6_10 layout-component text-serif-m layout-normal text-serif-m layout-padded\">\u2013 I neste \u00f8yeblikk tenkte jeg \u00ab\u00c5 gud, Andy er sjefen min. Dette ser ikke bra ut\u00bb. Boston er ikke en stor by. Og selv om det ikke var et Astronomer-arrangement eller noe s\u00e5nt, s\u00e5 kunne det ha v\u00e6rt investorer eller andre ansatte der, forteller Cabot. <\/p>\n<p> Ble kalt \u00abgolddigger\u00bb<\/p>\n<p class=\"_paragraph_o9xde_4 _paragraph_xtcu6_10 layout-component text-serif-m layout-normal text-serif-m layout-padded\">Til The Times sier Cabot at hun fikk mange stygge kommentarer etter kisscam-skandalen. Hun reagerte ogs\u00e5 p\u00e5 at ingen fra Coldplays team tok kontakt eller kom med en uttalelse som kunne ha bidratt til \u00e5 dempe kaoset, sier hun til avisen. <\/p>\n<p><img alt=\"Coldplay-konsertene trekker til seg flere tusenvis av publikummere. Her er vokalist Chris Martin fra konsert i Milano i h\u00f8st.   Foto: MMCO \/ SplashNews.com \/ ipa-agency.net \/ Pa Photos \/ NTB\" class=\"_image_qp4xg_65 layout-component layout-normal\" data-fullscreen- data-track-element-type=\"Article image fullscreen\" data-track-name=\"ImageFullscreen\" decoding=\"async\" loading=\"lazy\" height=\"2000\" itemprop=\"image\"  src=\"https:\/\/www.europesays.com\/no\/wp-content\/uploads\/2025\/12\/d635d972-7b4b-4d34-9a07-96f5c5b8645b\"  style=\"object-position:0% 0%\" width=\"3000\"\/>Coldplay-konsertene trekker til seg flere tusenvis av publikummere. Her er vokalist Chris Martin fra konsert i Milano i h\u00f8st.   Foto: MMCO \/ SplashNews.com \/ ipa-agency.net \/ Pa Photos \/ NTB<\/p>\n<p class=\"_paragraph_o9xde_4 _paragraph_xtcu6_10 layout-component text-serif-m layout-normal text-serif-m layout-padded\">Hun omtaler hendelsen som \u00abet skammens merke\u00bb, og opplevde at folk visket ut alt hun hadde oppn\u00e5dd i livet og i karrieren. <\/p>\n<p class=\"_paragraph_o9xde_4 _paragraph_xtcu6_10 layout-component text-serif-m layout-normal text-serif-m layout-padded\">\u2013 Folk sa ting som at jeg var en \u00abgolddiggergolddiggerBrukes som betegnelse om en person som er i et forhold f\u00f8rst og fremst for \u00e5 f\u00e5 penger eller andre materielle fordeler.\u00bb eller at jeg \u00abl\u00e5 meg til topps\u00bb, noe som ikke kunne ha v\u00e6rt fjernere fra virkeligheten.<\/p>\n<p class=\"_paragraph_o9xde_4 _paragraph_xtcu6_10 layout-component text-serif-m layout-normal text-serif-m layout-padded\">Det var typiske merkelapper for \u00e5 gj\u00f8re skam p\u00e5 henne som kvinne, if\u00f8lge <a href=\"https:\/\/www.nytimes.com\/2025\/12\/18\/style\/coldplay-concert-couple-kiss-cam-woman.html\" class=\"_link_o9xde_39\" rel=\"nofollow noopener\" target=\"_blank\">The New York Times<\/a>, som Cabot ogs\u00e5 har uttalt seg til. Hun fikk ogs\u00e5 d\u00f8dstrusler, fremkommer det i artikkelen. <\/p>\n<p class=\"_paragraph_o9xde_4 _paragraph_xtcu6_10 layout-component text-serif-m layout-normal text-serif-m layout-padded\">\u2013 Jeg tok en d\u00e5rlig avgj\u00f8relse, drakk noen enheter og danset og oppf\u00f8rte meg upassende med sjefen. Det er ikke ingenting, og jeg tok ansvar og ga opp karrieren for det. Det er prisen jeg m\u00e5 betale, sier 53-\u00e5ringen til den amerikanske avisen.<\/p>\n<p class=\"_paragraph_o9xde_4 _paragraph_xtcu6_10 layout-component text-serif-m layout-normal text-serif-m layout-padded\">Hun \u00f8nsket n\u00e5 \u00e5 snakke ut og fortelle sin side av saken, blant annet for \u00e5 vise barna sine at man kan gj\u00f8re tabber i livet.<\/p>\n<p class=\"_paragraph_o9xde_4 _paragraph_xtcu6_10 layout-component text-serif-m layout-normal text-serif-m layout-padded\">\u2013 Og man kan virkelig rote det til. Men du trenger ikke bli truet med \u00e5 bli drept for det, sier Cabot.<\/p>\n","protected":false},"excerpt":{"rendered":"Kristin Cabot bryter stillheten om Coldplay-konsertens kisscam-skandale, i et intervju med The Times. Videoklippet av Cabot og sjefen&hellip;\n","protected":false},"author":2,"featured_media":116763,"comment_status":"","ping_status":"","sticky":false,"template":"","format":"standard","meta":{"footnotes":""},"categories":[5],"tags":[20,21,4703,24,25,15,19,3050,155,22,23,17,18,13,30,28,29,14,16,9163,1053,26,27,1692],"class_list":{"0":"post-116762","1":"post","2":"type-post","3":"status-publish","4":"format-standard","5":"has-post-thumbnail","7":"category-overskrifter","8":"tag-breaking-news","9":"tag-breakingnews","10":"tag-coldplay","11":"tag-featured-news","12":"tag-featurednews","13":"tag-headlines","14":"tag-hovedoppslag","15":"tag-internett","16":"tag-konsert","17":"tag-latest-news","18":"tag-latestnews","19":"tag-main-news","20":"tag-mainnews","21":"tag-news","22":"tag-no","23":"tag-norge","24":"tag-norway","25":"tag-nyheter","26":"tag-overskrifter","27":"tag-skam","28":"tag-skandale","29":"tag-top-stories","30":"tag-topstories","31":"tag-viralt"},"share_on_mastodon":{"url":"https:\/\/pubeurope.com\/@no\/115741942610827454","error":""},"_links":{"self":[{"href":"https:\/\/www.europesays.com\/no\/wp-json\/wp\/v2\/posts\/116762","targetHints":{"allow":["GET"]}}],"collection":[{"href":"https:\/\/www.europesays.com\/no\/wp-json\/wp\/v2\/posts"}],"about":[{"href":"https:\/\/www.europesays.com\/no\/wp-json\/wp\/v2\/types\/post"}],"author":[{"embeddable":true,"href":"https:\/\/www.europesays.com\/no\/wp-json\/wp\/v2\/users\/2"}],"replies":[{"embeddable":true,"href":"https:\/\/www.europesays.com\/no\/wp-json\/wp\/v2\/comments?post=116762"}],"version-history":[{"count":0,"href":"https:\/\/www.europesays.com\/no\/wp-json\/wp\/v2\/posts\/116762\/revisions"}],"wp:featuredmedia":[{"embeddable":true,"href":"https:\/\/www.europesays.com\/no\/wp-json\/wp\/v2\/media\/116763"}],"wp:attachment":[{"href":"https:\/\/www.europesays.com\/no\/wp-json\/wp\/v2\/media?parent=116762"}],"wp:term":[{"taxonomy":"category","embeddable":true,"href":"https:\/\/www.europesays.com\/no\/wp-json\/wp\/v2\/categories?post=116762"},{"taxonomy":"post_tag","embeddable":true,"href":"https:\/\/www.europesays.com\/no\/wp-json\/wp\/v2\/tags?post=116762"}],"curies":[{"name":"wp","href":"https:\/\/api.w.org\/{rel}","templated":true}]}}