{"id":116766,"date":"2025-12-18T18:20:11","date_gmt":"2025-12-18T18:20:11","guid":{"rendered":"https:\/\/www.europesays.com\/no\/116766\/"},"modified":"2025-12-18T18:20:11","modified_gmt":"2025-12-18T18:20:11","slug":"tonnevis-av-billigklaer-under-norske-juletraer-men-bla-kors-vil-ikke-ta-imot-temu-klaer-til-gjenbruk","status":"publish","type":"post","link":"https:\/\/www.europesays.com\/no\/116766\/","title":{"rendered":"Tonnevis av billigkl\u00e6r under norske juletr\u00e6r. Men Bl\u00e5 Kors vil ikke ta imot Temu-kl\u00e6r til gjenbruk."},"content":{"rendered":"<p class=\"extendedContent hyperion-css-eyn926\" data-test-tag=\"lead-text\">Mange vil ikke ha julegavene sine og gir dem i stedet til gjenbruk. Men flere organisasjoner som tar imot gjenbrukskl\u00e6r, stenger d\u00f8ren for billigkl\u00e6rne.<\/p>\n<p><img decoding=\"async\" class=\"image-asset hyperion-css-u06ts1\" data-test-tag=\"image-asset\" src=\"https:\/\/www.europesays.com\/no\/wp-content\/uploads\/2025\/12\/2f0d385c-3bc1-4c20-b1c9-072d0351e12b\"  alt=\"Kritikk av kvalitet og farlige kjemikalier i kinesiske billigvarer skremmer ikke nordmenn. 34 prosent sier at siste utenlandskj\u00f8p p\u00e5 nett var fra en kinesisk butikk, mot 31 prosent i fjor.\"  loading=\"eager\" fetchpriority=\"high\" style=\"aspect-ratio:2048 \/ 1365\"\/>Kritikk av kvalitet og farlige kjemikalier i kinesiske billigvarer skremmer ikke nordmenn. 34 prosent sier at siste utenlandskj\u00f8p p\u00e5 nett var fra en kinesisk butikk, mot 31 prosent i fjor. Foto: Gorm Kallestad, NTB<\/p>\n<p>Publisert: 18.12.2025 18:24<\/p>\n<p class=\"paywall hyperion-css-1j42uic\">Kina ligger p\u00e5 topp over land nordmenn sist bestilte varer fra. 34 prosent sier at siste utenlandskj\u00f8p p\u00e5 nett var fra en kinesisk butikk, viser en rapport fra Postnord.<\/p>\n<p class=\"paywall hyperion-css-1j42uic\">Sannsynligheten er stor for at en del av disse pakkene vil havne under norske juletr\u00e6r. Bare i november og desember bestilte norske forbrukere flere hundre tusen varer fra Kina, sier Postnords  pressesjef til NRK. <\/p>\n<p class=\"hyperion-css-1qm9e9t\">Les hele saken med abonnement<\/p>\n<p>Allerede abonnent? Logg inn<\/p>\n","protected":false},"excerpt":{"rendered":"Mange vil ikke ha julegavene sine og gir dem i stedet til gjenbruk. Men flere organisasjoner som tar&hellip;\n","protected":false},"author":2,"featured_media":116767,"comment_status":"","ping_status":"","sticky":false,"template":"","format":"standard","meta":{"footnotes":""},"categories":[56],"tags":[60,61,62,30,28,29],"class_list":{"0":"post-116766","1":"post","2":"type-post","3":"status-publish","4":"format-standard","5":"has-post-thumbnail","7":"category-naeringsliv","8":"tag-business","9":"tag-economy","10":"tag-naeringsliv","11":"tag-no","12":"tag-norge","13":"tag-norway"},"share_on_mastodon":{"url":"https:\/\/pubeurope.com\/@no\/115741958445818947","error":""},"_links":{"self":[{"href":"https:\/\/www.europesays.com\/no\/wp-json\/wp\/v2\/posts\/116766","targetHints":{"allow":["GET"]}}],"collection":[{"href":"https:\/\/www.europesays.com\/no\/wp-json\/wp\/v2\/posts"}],"about":[{"href":"https:\/\/www.europesays.com\/no\/wp-json\/wp\/v2\/types\/post"}],"author":[{"embeddable":true,"href":"https:\/\/www.europesays.com\/no\/wp-json\/wp\/v2\/users\/2"}],"replies":[{"embeddable":true,"href":"https:\/\/www.europesays.com\/no\/wp-json\/wp\/v2\/comments?post=116766"}],"version-history":[{"count":0,"href":"https:\/\/www.europesays.com\/no\/wp-json\/wp\/v2\/posts\/116766\/revisions"}],"wp:featuredmedia":[{"embeddable":true,"href":"https:\/\/www.europesays.com\/no\/wp-json\/wp\/v2\/media\/116767"}],"wp:attachment":[{"href":"https:\/\/www.europesays.com\/no\/wp-json\/wp\/v2\/media?parent=116766"}],"wp:term":[{"taxonomy":"category","embeddable":true,"href":"https:\/\/www.europesays.com\/no\/wp-json\/wp\/v2\/categories?post=116766"},{"taxonomy":"post_tag","embeddable":true,"href":"https:\/\/www.europesays.com\/no\/wp-json\/wp\/v2\/tags?post=116766"}],"curies":[{"name":"wp","href":"https:\/\/api.w.org\/{rel}","templated":true}]}}