{"id":116768,"date":"2025-12-18T18:21:11","date_gmt":"2025-12-18T18:21:11","guid":{"rendered":"https:\/\/www.europesays.com\/no\/116768\/"},"modified":"2025-12-18T18:21:11","modified_gmt":"2025-12-18T18:21:11","slug":"privatfly-krasjet-i-nord-carolina-flere-personer-omkommet","status":"publish","type":"post","link":"https:\/\/www.europesays.com\/no\/116768\/","title":{"rendered":"Privatfly krasjet i Nord-Carolina: \u2013 Flere personer omkommet"},"content":{"rendered":"\n<p class=\"_lead_o9xde_2 _lead_xtcu6_50 layout-component text-serif-m layout-normal text-serif-l layout-component layout-wide layout-padded _wide_17hqh_1 layout-padded\">Flyet styrtet kort tid etter avgang fra Statesville Regional Airport. Flyet tilh\u00f8rer en Nascar-sj\u00e5f\u00f8r. <\/p>\n<p><img alt=\"BRANN: N\u00f8detatene er p\u00e5 stedet hvor flykrasjen skjedde. Foto: AP \/ NTB\" class=\"_image_qp4xg_65 layout-component layout-wide\" data-fullscreen- data-track-element-type=\"Article image fullscreen\" data-track-name=\"ImageFullscreen\" fetchpriority=\"high\" decoding=\"sync\" loading=\"eager\" height=\"2000\" itemprop=\"image\"  src=\"https:\/\/www.europesays.com\/no\/wp-content\/uploads\/2025\/12\/369aebf4-98c8-464e-b8ab-5d6e37ea2d10\"  style=\"object-position:0% 0%\" width=\"3000\"\/>BRANN: N\u00f8detatene er p\u00e5 stedet hvor flykrasjen skjedde. Foto: AP \/ NTB<\/p>\n<ul aria-hidden=\"true\" class=\"_images_ntbth_112\">\n<li><a class=\"_link_ntbth_117\" href=\"https:\/\/www.vg.no\/forfatter\/elise-kvien\" style=\"z-index:1\" title=\"Elise Kvien\" rel=\"nofollow noopener\" target=\"_blank\"><img alt=\"Bilde av Elise Kvien\" class=\"_image_ntbth_93\" fetchpriority=\"low\" loading=\"lazy\" decoding=\"async\" itemprop=\"image\"  src=\"https:\/\/www.europesays.com\/no\/wp-content\/uploads\/2025\/12\/1766082069_347_e9d71b6f-2a15-4dd1-85be-ea8fb873046c\"  width=\"480\"\/><\/a><\/li>\n<\/ul>\n<p> Oppdatert torsdag 18. desember kl. 18:56     <\/p>\n<p class=\"_paragraph_o9xde_4 _paragraph_xtcu6_10 layout-component text-serif-m layout-normal text-serif-m layout-padded\">Flere personer er bekreftet omkommet etter at et privatfly styrtet i Statesville i Nord-Carolina torsdag morgen, melder\u00a0<a href=\"https:\/\/edition.cnn.com\/2025\/12\/18\/us\/north-carolina-private-jet-crash\" class=\"_link_o9xde_39\" rel=\"nofollow noopener\" target=\"_blank\">CNN<\/a>.<\/p>\n<p class=\"_paragraph_o9xde_4 _paragraph_xtcu6_10 layout-component text-serif-m layout-normal text-serif-m layout-padded\">Ulykken skjedde rundt klokken 10.15 lokal tid, opplyser politisjef Bill Hamby i Iredell County til CNN. Det eksakte antallet omkomne er forel\u00f8pig ikke kjent.<\/p>\n<p class=\"_paragraph_o9xde_4 _paragraph_xtcu6_10 layout-component text-serif-m layout-normal text-serif-m layout-padded\">Det var et Cessna Citation 550Cessna Citation 550Privatfly med plass til 6-8 personer som havarerte. If\u00f8lge amerikanske luftfartsmyndigheter (FAA) krasjet flyet under landing p\u00e5 Statesville Regional Airport.<\/p>\n<p class=\"_paragraph_o9xde_4 _paragraph_xtcu6_10 layout-component text-serif-m layout-normal text-serif-m layout-padded\">Flyet skal ha tilh\u00f8rt Nascar-sj\u00e5f\u00f8r Greg Biffle, if\u00f8lge Fox News. <\/p>\n<p class=\"_paragraph_o9xde_4 _paragraph_xtcu6_10 layout-component text-serif-m layout-normal text-serif-m layout-padded\">Det er uvisst om han var om bord i flyet. <\/p>\n<p><img alt=\"Greg Biffle er 55 \u00e5r gammel og er semi-pensjonert Nascar-sj\u00e5f\u00f8r. Dette bildet er fra august i \u00e5r.   Foto: JARED C. TILTON \/ AFP \/ NTB\" class=\"_image_qp4xg_65 layout-component layout-normal\" data-fullscreen- data-track-element-type=\"Article image fullscreen\" data-track-name=\"ImageFullscreen\" decoding=\"async\" loading=\"lazy\" height=\"6000\" itemprop=\"image\"  src=\"https:\/\/www.europesays.com\/no\/wp-content\/uploads\/2025\/12\/e9a07d87-6322-44d4-adf3-2d6927acf991\"  style=\"object-position:0% 0%\" width=\"4000\"\/>Greg Biffle er 55 \u00e5r gammel og er semi-pensjonert Nascar-sj\u00e5f\u00f8r. Dette bildet er fra august i \u00e5r.   Foto: JARED C. TILTON \/ AFP \/ NTB<\/p>\n<p class=\"_paragraph_o9xde_4 _paragraph_xtcu6_10 layout-component text-serif-m layout-normal text-serif-m layout-padded\">Forel\u00f8pige flydata viser at flyet forlot flyplassen rundt klokken 10.00. Etter \u00e5 ha fl\u00f8yet rundt \u00e5tte kilometer, gjorde piloten en br\u00e5 venstresving tilbake mot flyplassen. <\/p>\n<p class=\"_paragraph_o9xde_4 _paragraph_xtcu6_10 layout-component text-serif-m layout-normal text-serif-m layout-padded\">Flyet kom aldri h\u00f8yere enn 600 meter, if\u00f8lge FlightAware.<\/p>\n<p class=\"_paragraph_o9xde_4 _paragraph_xtcu6_10 layout-component text-serif-m layout-normal text-serif-m layout-padded\">Statesville Regional Airport ligger rundt 70 kilometer nord for Charlotte og har ikke kontrollt\u00e5rn. Piloter m\u00e5 selv rapportere sin posisjon p\u00e5 og rundt flyplassen via radio.<\/p>\n<p class=\"_paragraph_o9xde_4 _paragraph_xtcu6_10 layout-component text-serif-m layout-normal text-serif-m layout-padded\">V\u00e6rforholdene var utfordrende med lave skyer, lett regn og sikt p\u00e5 under fem kilometer rundt 80 minutter etter krasjet. Det er uklart om disse forholdene var til stede da ulykken skjedde.<\/p>\n<p class=\"_paragraph_o9xde_4 _paragraph_xtcu6_10 layout-component text-serif-m layout-normal text-serif-m layout-padded\">B\u00e5de FAAFAAFederal Aviation Administration (FAA) er den amerikanske myndigheten som regulerer og overv\u00e5ker sivil luftfart. og National Transportation Safety Board (NTSB) vil etterforske hendelsen.<\/p>\n<p>    <img decoding=\"async\" alt=\"Tips oss illustrasjon\" src=\"https:\/\/www.europesays.com\/no\/wp-content\/uploads\/2025\/10\/pssst-small.webp.webp\"\/>    <\/p>\n<p class=\"title-serif-s\">Har du tips?<\/p>\n<p class=\"text-sans-m\">Send oss informasjon, bilder eller video.<\/p>\n<p>  <a href=\"https:\/\/www.vg.no\/tips-oss\" rel=\"nofollow noopener\" target=\"_blank\"> Tips oss <\/a>      <\/p>\n","protected":false},"excerpt":{"rendered":"Flyet styrtet kort tid etter avgang fra Statesville Regional Airport. Flyet tilh\u00f8rer en Nascar-sj\u00e5f\u00f8r. BRANN: N\u00f8detatene er p\u00e5&hellip;\n","protected":false},"author":2,"featured_media":116769,"comment_status":"","ping_status":"","sticky":false,"template":"","format":"standard","meta":{"footnotes":""},"categories":[12],"tags":[31,20,21,24,25,300,15,14091,22,23,13,30,28,29,14,16,26,27,50,42,43,44,45],"class_list":{"0":"post-116768","1":"post","2":"type-post","3":"status-publish","4":"format-standard","5":"has-post-thumbnail","7":"category-verden","8":"tag-breaking","9":"tag-breaking-news","10":"tag-breakingnews","11":"tag-featured-news","12":"tag-featurednews","13":"tag-fly","14":"tag-headlines","15":"tag-krasj","16":"tag-latest-news","17":"tag-latestnews","18":"tag-news","19":"tag-no","20":"tag-norge","21":"tag-norway","22":"tag-nyheter","23":"tag-overskrifter","24":"tag-top-stories","25":"tag-topstories","26":"tag-usa","27":"tag-verden","28":"tag-world","29":"tag-world-news","30":"tag-worldnews"},"share_on_mastodon":{"url":"https:\/\/pubeurope.com\/@no\/115741962083285456","error":""},"_links":{"self":[{"href":"https:\/\/www.europesays.com\/no\/wp-json\/wp\/v2\/posts\/116768","targetHints":{"allow":["GET"]}}],"collection":[{"href":"https:\/\/www.europesays.com\/no\/wp-json\/wp\/v2\/posts"}],"about":[{"href":"https:\/\/www.europesays.com\/no\/wp-json\/wp\/v2\/types\/post"}],"author":[{"embeddable":true,"href":"https:\/\/www.europesays.com\/no\/wp-json\/wp\/v2\/users\/2"}],"replies":[{"embeddable":true,"href":"https:\/\/www.europesays.com\/no\/wp-json\/wp\/v2\/comments?post=116768"}],"version-history":[{"count":0,"href":"https:\/\/www.europesays.com\/no\/wp-json\/wp\/v2\/posts\/116768\/revisions"}],"wp:featuredmedia":[{"embeddable":true,"href":"https:\/\/www.europesays.com\/no\/wp-json\/wp\/v2\/media\/116769"}],"wp:attachment":[{"href":"https:\/\/www.europesays.com\/no\/wp-json\/wp\/v2\/media?parent=116768"}],"wp:term":[{"taxonomy":"category","embeddable":true,"href":"https:\/\/www.europesays.com\/no\/wp-json\/wp\/v2\/categories?post=116768"},{"taxonomy":"post_tag","embeddable":true,"href":"https:\/\/www.europesays.com\/no\/wp-json\/wp\/v2\/tags?post=116768"}],"curies":[{"name":"wp","href":"https:\/\/api.w.org\/{rel}","templated":true}]}}