{"id":116770,"date":"2025-12-18T18:22:09","date_gmt":"2025-12-18T18:22:09","guid":{"rendered":"https:\/\/www.europesays.com\/no\/116770\/"},"modified":"2025-12-18T18:22:09","modified_gmt":"2025-12-18T18:22:09","slug":"nyheter-roaf-kaller-inn-roaf-til-hastemote-romerikes-blad","status":"publish","type":"post","link":"https:\/\/www.europesays.com\/no\/116770\/","title":{"rendered":"Nyheter, ROAF | Kaller inn Roaf til hastem\u00f8te &#8211; Romerikes Blad"},"content":{"rendered":"<ol>\n<li><a href=\"https:\/\/news.google.com\/rss\/articles\/CBMib0FVX3lxTE1Ha1JTdk4yN2FIWjhoUnpjdmxQc3dlLUtranllQUlIQlBpLVlFWV9BRDRfajAxTDYyNDdOZkQxOXZaTFRhTGFhTEtZejdlTHNMSnJwcC1uUTRlYnFoSWwtNHAxd2FycXc3elR0M0Q0WQ?oc=5\" target=\"_blank\" rel=\"nofollow noopener\">Nyheter, ROAF | Kaller inn Roaf til hastem\u00f8te<\/a>&nbsp;&nbsp;Romerikes Blad<\/li>\n<li><a href=\"https:\/\/news.google.com\/rss\/articles\/CBMic0FVX3lxTE1lWE1yX2FyTFEzZXVXUV9vRHpHbm5NQVQ3bExBeGhfZEcwTHMtZzNBWWZvY1IzemYzWjNaeGtXMkhmY1E5Ty1ad2RQMGZqdDg5SjFiSExyaVNLc2FQdm1oY2pMeEk4QnpnbHhtODZEWWY4dTQ?oc=5\" target=\"_blank\" rel=\"nofollow noopener\">Vi som innbyggere f\u00f8ler oss lurt<\/a>&nbsp;&nbsp;Romerikes Blad<\/li>\n<li><a href=\"https:\/\/news.google.com\/rss\/articles\/CBMihwFBVV95cUxOamlQeVhqR2hkQWlVNWZqeEw5Zi1LdUJWMDZHcWtMeFBzTlluMHhvLU1TekdnOVNMTUNBeXlWaTJodF90dWpFTTdDdVR1TktYTWZRbkpSdk1CelZSMFdVRGRJNTRTYXF0cmRfZnBVRm9NT1o3dHYyYVdHT29IQUxsQXVmN25mSjA?oc=5\" target=\"_blank\" rel=\"nofollow noopener\">Nyheter, ROAF | Ekstra s\u00f8ppelt\u00f8mming i jula koster millionbel\u00f8p<\/a>&nbsp;&nbsp;Romerikes Blad<\/li>\n<li><a href=\"https:\/\/news.google.com\/rss\/articles\/CBMilwFBVV95cUxNSTlQTkhZamJfSUlLY0hTVndxLTFCc2kzbmdQTWtQV0tFOUZ6cW9xYzVGZ2Fscy1Fem80Y2NWMWk2SXBjd3U1MDlUM0VrRFZ3MU9COFhGMGM0Z2hpcWR1QW5nSkw4alp1SGp4dzYtYTZDMV9waHh5eVFQTVVVTTl2V0ZmdjBrckpQOGdBOEJ4X2U3S05RUzRB?oc=5\" target=\"_blank\" rel=\"nofollow noopener\">Roaf mangedobler prisen \u2013 Aurskog-H\u00f8land sa ja til \u00f8kningen<\/a>&nbsp;&nbsp;Indre Akershus Blad<\/li>\n<li><a href=\"https:\/\/news.google.com\/rss\/articles\/CBMizgFBVV95cUxPRXlhVWswQkF1b09MWFc4QWlPN0U1bTRGRTVBblhENGcwd2gzZEk5WlRwS2FTdzV1UHRFeTVXbkcycTNMUzBGVWp6aUszQm1odFFMQ2M3SDFQSHRfWDdMMEFUV0NyZFhsWHNYU2s0cEdubEp2ME05MEFfMVBsZWVFSHFJWUNHS01FTXZvQTdPR1M5R1pqXy1UVWhnb25wdkExNTc0RGJLTE4zVGtWZnBsaUd6eUtrOWx1RUROQWZpU3ZCRFhsOUY2aGpKMmZlUQ?oc=5\" target=\"_blank\" rel=\"nofollow noopener\">Innbyggerne raser mot Roaf \u2013 kalles inn p\u00e5 teppet<\/a>&nbsp;&nbsp;Romerikes Blad<\/li>\n<\/ol>\n","protected":false},"excerpt":{"rendered":"Nyheter, ROAF | Kaller inn Roaf til hastem\u00f8te&nbsp;&nbsp;Romerikes Blad Vi som innbyggere f\u00f8ler oss lurt&nbsp;&nbsp;Romerikes Blad Nyheter, ROAF&hellip;\n","protected":false},"author":2,"featured_media":116771,"comment_status":"","ping_status":"","sticky":false,"template":"","format":"standard","meta":{"footnotes":""},"categories":[10],"tags":[20,21,24,25,15,22,23,13,30,28,29,14,16,26,27],"class_list":{"0":"post-116770","1":"post","2":"type-post","3":"status-publish","4":"format-standard","5":"has-post-thumbnail","7":"category-norge","8":"tag-breaking-news","9":"tag-breakingnews","10":"tag-featured-news","11":"tag-featurednews","12":"tag-headlines","13":"tag-latest-news","14":"tag-latestnews","15":"tag-news","16":"tag-no","17":"tag-norge","18":"tag-norway","19":"tag-nyheter","20":"tag-overskrifter","21":"tag-top-stories","22":"tag-topstories"},"share_on_mastodon":{"url":"https:\/\/pubeurope.com\/@no\/115741965974415863","error":""},"_links":{"self":[{"href":"https:\/\/www.europesays.com\/no\/wp-json\/wp\/v2\/posts\/116770","targetHints":{"allow":["GET"]}}],"collection":[{"href":"https:\/\/www.europesays.com\/no\/wp-json\/wp\/v2\/posts"}],"about":[{"href":"https:\/\/www.europesays.com\/no\/wp-json\/wp\/v2\/types\/post"}],"author":[{"embeddable":true,"href":"https:\/\/www.europesays.com\/no\/wp-json\/wp\/v2\/users\/2"}],"replies":[{"embeddable":true,"href":"https:\/\/www.europesays.com\/no\/wp-json\/wp\/v2\/comments?post=116770"}],"version-history":[{"count":0,"href":"https:\/\/www.europesays.com\/no\/wp-json\/wp\/v2\/posts\/116770\/revisions"}],"wp:featuredmedia":[{"embeddable":true,"href":"https:\/\/www.europesays.com\/no\/wp-json\/wp\/v2\/media\/116771"}],"wp:attachment":[{"href":"https:\/\/www.europesays.com\/no\/wp-json\/wp\/v2\/media?parent=116770"}],"wp:term":[{"taxonomy":"category","embeddable":true,"href":"https:\/\/www.europesays.com\/no\/wp-json\/wp\/v2\/categories?post=116770"},{"taxonomy":"post_tag","embeddable":true,"href":"https:\/\/www.europesays.com\/no\/wp-json\/wp\/v2\/tags?post=116770"}],"curies":[{"name":"wp","href":"https:\/\/api.w.org\/{rel}","templated":true}]}}