{"id":116772,"date":"2025-12-18T18:23:07","date_gmt":"2025-12-18T18:23:07","guid":{"rendered":"https:\/\/www.europesays.com\/no\/116772\/"},"modified":"2025-12-18T18:23:07","modified_gmt":"2025-12-18T18:23:07","slug":"dodsulykken-pa-e10-hastighet-spredt-pa-app-fremover","status":"publish","type":"post","link":"https:\/\/www.europesays.com\/no\/116772\/","title":{"rendered":"D\u00f8dsulykken p\u00e5 E10: Hastighet spredt p\u00e5 app &#8211; Fremover"},"content":{"rendered":"<ol>\n<li><a href=\"https:\/\/news.google.com\/rss\/articles\/CBMiiAFBVV95cUxPUFFUMWJnTXcyczdWcEJhbEV2QzM3dkxudlg2anZycnp1cDl4ekN6eS1FUGpfc1RhTEdXdXNkQ2RET01LbDg4UHJadzh1T0JIc0ZnMEdRclF4Rm9EbTRFbUZsTWo0eDVZTVJ4VU9na0VkUEZLS2YwbkYxQzIxWWctWFZ4eHJ5NlF6?oc=5\" target=\"_blank\" rel=\"nofollow noopener\">D\u00f8dsulykken p\u00e5 E10: Hastighet spredt p\u00e5 app<\/a>&nbsp;&nbsp;Fremover<\/li>\n<li><a href=\"https:\/\/news.google.com\/rss\/articles\/CBMioAFBVV95cUxNZk9ibU1BTWJnc2s5bmdxd2tiQmFGWTgtVFJSQnRhdjBvdjVmUWdPVU4yNW03bFBVTXZVaU11Nmk5MjJoa2VfamVfbDdjd3dvZFNRS2EtWFBXbDNza2cwT1dLeFBBOG9mU3dObU95SnJYeFYxSlYxMnlrMUNscXlnOUd3bWE3YmdNUjVxQ1R5dlhQd0daYzlLc1cxNUlvTng0?oc=5\" target=\"_blank\" rel=\"nofollow noopener\">D\u00f8dsulykken p\u00e5 E10 over Bj\u00f8rnfjell: Politiet henlegger saken<\/a>&nbsp;&nbsp;NRK<\/li>\n<li><a href=\"https:\/\/news.google.com\/rss\/articles\/CBMimAFBVV95cUxOeWFSZmhTR3RxMzZXQnlJdm1hSmFORVJHb29uQllEa3Z2TGRqTG1LdWJTbXZkSkJIMEhZU1NubHcwUjBRZmI5WmtlUDRISndMdzJGZzdWeWtLMmo5YWxGWVJYRXF5cEM4NlkzSmR5anIxUVhyR3EtbGRUcUFwZTItcUtVNGNvcHlmWjZrQW01aFVtV05iM2s3Xw?oc=5\" target=\"_blank\" rel=\"nofollow noopener\">Ulykken p\u00e5 Bj\u00f8rnfjell: \u2013\u2060 Holdt fart langt over fartsgrensen<\/a>&nbsp;&nbsp;VG<\/li>\n<li><a href=\"https:\/\/news.google.com\/rss\/articles\/CBMiaEFVX3lxTFBTQjdVR2lZZTBibkM3NERFamNwVTgycnQtMUF0ZERjQmRCdWluc3ItbE1iUkc4Nl9nUWJ5TTZ1YThJdjVGbkVNTnpyQzFyMkxPZVAzV2RTc2VOYTBpaXJGd0ZOMHVENkhH?oc=5\" target=\"_blank\" rel=\"nofollow noopener\">Oppdatering etter d\u00f8dsulykke i Bj\u00f8rnfjell i juni<\/a>&nbsp;&nbsp;Dagbladet<\/li>\n<li><a href=\"https:\/\/news.google.com\/rss\/articles\/CBMiuAFBVV95cUxQdXhzMVJlcjY3eXZqaklxaDdvemZYXzduRlhta0xKT0ZFMzZIakdXblB6ejZLSktjT25CU19LTi0tTWFmSGRSQU1ZWlNDbG5SV3M1QW1lbGZCV3NpLV9Rd2lBSWdFVHhLQV9uUmtwWkp5cU5RdFZiLXZDWTBrc1F2REVOcm90RUtQamRMQ0VtS1VZLWVHcTlPeV9VX2J2c0FzS19FUUk5VzV0NEJBNi1mSTNZaE5Ocl9f?oc=5\" target=\"_blank\" rel=\"nofollow noopener\">Ulykken p\u00e5 Bj\u00f8rnfjell: N\u00e5 har politiet konkludert<\/a>&nbsp;&nbsp;TV2.no<\/li>\n<\/ol>\n","protected":false},"excerpt":{"rendered":"D\u00f8dsulykken p\u00e5 E10: Hastighet spredt p\u00e5 app&nbsp;&nbsp;Fremover D\u00f8dsulykken p\u00e5 E10 over Bj\u00f8rnfjell: Politiet henlegger saken&nbsp;&nbsp;NRK Ulykken p\u00e5 Bj\u00f8rnfjell:&hellip;\n","protected":false},"author":2,"featured_media":116773,"comment_status":"","ping_status":"","sticky":false,"template":"","format":"standard","meta":{"footnotes":""},"categories":[5],"tags":[20,21,24,25,15,19,22,23,17,18,13,30,28,29,14,16,26,27],"class_list":{"0":"post-116772","1":"post","2":"type-post","3":"status-publish","4":"format-standard","5":"has-post-thumbnail","7":"category-overskrifter","8":"tag-breaking-news","9":"tag-breakingnews","10":"tag-featured-news","11":"tag-featurednews","12":"tag-headlines","13":"tag-hovedoppslag","14":"tag-latest-news","15":"tag-latestnews","16":"tag-main-news","17":"tag-mainnews","18":"tag-news","19":"tag-no","20":"tag-norge","21":"tag-norway","22":"tag-nyheter","23":"tag-overskrifter","24":"tag-top-stories","25":"tag-topstories"},"share_on_mastodon":{"url":"https:\/\/pubeurope.com\/@no\/115741969924896650","error":""},"_links":{"self":[{"href":"https:\/\/www.europesays.com\/no\/wp-json\/wp\/v2\/posts\/116772","targetHints":{"allow":["GET"]}}],"collection":[{"href":"https:\/\/www.europesays.com\/no\/wp-json\/wp\/v2\/posts"}],"about":[{"href":"https:\/\/www.europesays.com\/no\/wp-json\/wp\/v2\/types\/post"}],"author":[{"embeddable":true,"href":"https:\/\/www.europesays.com\/no\/wp-json\/wp\/v2\/users\/2"}],"replies":[{"embeddable":true,"href":"https:\/\/www.europesays.com\/no\/wp-json\/wp\/v2\/comments?post=116772"}],"version-history":[{"count":0,"href":"https:\/\/www.europesays.com\/no\/wp-json\/wp\/v2\/posts\/116772\/revisions"}],"wp:featuredmedia":[{"embeddable":true,"href":"https:\/\/www.europesays.com\/no\/wp-json\/wp\/v2\/media\/116773"}],"wp:attachment":[{"href":"https:\/\/www.europesays.com\/no\/wp-json\/wp\/v2\/media?parent=116772"}],"wp:term":[{"taxonomy":"category","embeddable":true,"href":"https:\/\/www.europesays.com\/no\/wp-json\/wp\/v2\/categories?post=116772"},{"taxonomy":"post_tag","embeddable":true,"href":"https:\/\/www.europesays.com\/no\/wp-json\/wp\/v2\/tags?post=116772"}],"curies":[{"name":"wp","href":"https:\/\/api.w.org\/{rel}","templated":true}]}}