{"id":116774,"date":"2025-12-18T18:24:18","date_gmt":"2025-12-18T18:24:18","guid":{"rendered":"https:\/\/www.europesays.com\/no\/116774\/"},"modified":"2025-12-18T18:24:18","modified_gmt":"2025-12-18T18:24:18","slug":"nyheter-sport-expressen-lsk-sikler-pa-svensk-keeper","status":"publish","type":"post","link":"https:\/\/www.europesays.com\/no\/116774\/","title":{"rendered":"Nyheter, Sport | Expressen: LSK sikler p\u00e5 svensk keeper"},"content":{"rendered":"\n<p>Det melder den svenske storavisa <a href=\"https:\/\/www.expressen.se\/sport\/fotboll\/allsvenskan\/pontus-dahlberg-kan-lamna-ifk-goteborg-norsk-klubb-forbereder-bud\/\" rel=\"Follow nofollow noopener\" target=\"_blank\">Expressen <\/a>torsdag.<\/p>\n<p>LSK har allerede tatt kontakt, og et bud p\u00e5 26-\u00e5ringen er under arbeid, skriver avisa.<\/p>\n<p>LSK sikret nylig opprykket til Eliteserien etter en overlegen sesong. Men om Dahlberg selv er interessert i \u00e5 spille i Eliteserien, er forel\u00f8pig usikkert, if\u00f8lge Expressens kilder.<\/p>\n<p>Mads Hedenstad Christiansen (25) fikk i h\u00f8st et kontraktstilbud fra LSK, men partene har forel\u00f8pig ikke blitt enig om en ny avtale.<\/p>\n<p>LSK-keeperen utelukker imidlertid ikke at han blir v\u00e6rende p\u00e5 \u00c5r\u00e5sen. Hvis han ikke forlenger med LSK, \u00f8nsker han \u00e5 se mot utlandet.<\/p>\n<p>\u2013 Jeg har v\u00e6rt i LSK hele livet, og jeg som alle andre har et \u00f8nske om \u00e5 spille i utlandet en gang. Det ligger en nysgjerrighet der ogs\u00e5 siden jeg har en dr\u00f8m om \u00e5 spille p\u00e5 et h\u00f8yest mulig niv\u00e5, sa han til RB i forrige uke.<\/p>\n<p>  <a href=\"https:\/\/www.rb.no\/5-43-2631658\" class=\"related-teaser has-image default-story-teaser article--c-eRUmMG article--c-eRUmMG-jKCPdD-design-default\" wp_automatic_readability=\"1\" rel=\"nofollow noopener\" target=\"_blank\"><\/p>\n<p>    For abonnenter<\/p>\n<p>    <img decoding=\"async\" loading=\"lazy\"  src=\"https:\/\/www.europesays.com\/no\/wp-content\/uploads\/2025\/12\/lsk-hedenstad.jpg\" alt=\"\" class=\"brick-c-cFOWSL\" style=\"\"\/><\/p>\n<p>\n            Les ogs\u00e5<\/p>\n<p>  LSK-keeperen ikke enig om ny kontrakt: \u2013 Det har ikke v\u00e6rt forhandlinger<\/p>\n<p>  <\/a><\/p>\n<p>  <a href=\"https:\/\/www.rb.no\/5-43-2638102\" class=\"related-teaser has-image default-story-teaser article--c-eRUmMG article--c-eRUmMG-jKCPdD-design-default\" wp_automatic_readability=\"1\" rel=\"nofollow noopener\" target=\"_blank\"><\/p>\n<p>    For abonnenter<\/p>\n<p>    <img decoding=\"async\" loading=\"lazy\"  src=\"https:\/\/www.europesays.com\/no\/wp-content\/uploads\/2025\/12\/pyro+lsk.jpg\" alt=\"\" class=\"brick-c-cFOWSL\" style=\"\"\/><\/p>\n<p>\n            Les ogs\u00e5<\/p>\n<p>  LSK m\u00e5 punge ut \u2013 fikk saftig pyrobot av NFF<\/p>\n<p>  <\/a><\/p>\n<p>  <a href=\"https:\/\/www.rb.no\/5-43-2633266\" class=\"related-teaser has-image default-story-teaser article--c-eRUmMG article--c-eRUmMG-jKCPdD-design-default\" wp_automatic_readability=\"1\" rel=\"nofollow noopener\" target=\"_blank\"><\/p>\n<p>    For abonnenter<\/p>\n<p>    <img decoding=\"async\" loading=\"lazy\"  src=\"https:\/\/www.europesays.com\/no\/wp-content\/uploads\/2025\/12\/1766082258_336_Mesfin+%284+av+11%29.jpg\" alt=\"\" class=\"brick-c-cFOWSL\" style=\"\"\/><\/p>\n<p>\n            Les ogs\u00e5<\/p>\n<p>  Sportssjefen om avskjeden: \u2013 Jeg har ikke f\u00f8lt meg presset ut<\/p>\n<p>  <\/a><\/p>\n","protected":false},"excerpt":{"rendered":"Det melder den svenske storavisa Expressen torsdag. LSK har allerede tatt kontakt, og et bud p\u00e5 26-\u00e5ringen er&hellip;\n","protected":false},"author":2,"featured_media":116775,"comment_status":"","ping_status":"","sticky":false,"template":"","format":"standard","meta":{"footnotes":""},"categories":[59],"tags":[36,729,1541,7958,30,28,29,14,83,82,1510],"class_list":{"0":"post-116774","1":"post","2":"type-post","3":"status-publish","4":"format-standard","5":"has-post-thumbnail","7":"category-sport","8":"tag-art","9":"tag-lillestrom","10":"tag-lsk","11":"tag-mittlillestrom","12":"tag-no","13":"tag-norge","14":"tag-norway","15":"tag-nyheter","16":"tag-sport","17":"tag-sports","18":"tag-story"},"share_on_mastodon":{"url":"https:\/\/pubeurope.com\/@no\/115741973955376640","error":""},"_links":{"self":[{"href":"https:\/\/www.europesays.com\/no\/wp-json\/wp\/v2\/posts\/116774","targetHints":{"allow":["GET"]}}],"collection":[{"href":"https:\/\/www.europesays.com\/no\/wp-json\/wp\/v2\/posts"}],"about":[{"href":"https:\/\/www.europesays.com\/no\/wp-json\/wp\/v2\/types\/post"}],"author":[{"embeddable":true,"href":"https:\/\/www.europesays.com\/no\/wp-json\/wp\/v2\/users\/2"}],"replies":[{"embeddable":true,"href":"https:\/\/www.europesays.com\/no\/wp-json\/wp\/v2\/comments?post=116774"}],"version-history":[{"count":0,"href":"https:\/\/www.europesays.com\/no\/wp-json\/wp\/v2\/posts\/116774\/revisions"}],"wp:featuredmedia":[{"embeddable":true,"href":"https:\/\/www.europesays.com\/no\/wp-json\/wp\/v2\/media\/116775"}],"wp:attachment":[{"href":"https:\/\/www.europesays.com\/no\/wp-json\/wp\/v2\/media?parent=116774"}],"wp:term":[{"taxonomy":"category","embeddable":true,"href":"https:\/\/www.europesays.com\/no\/wp-json\/wp\/v2\/categories?post=116774"},{"taxonomy":"post_tag","embeddable":true,"href":"https:\/\/www.europesays.com\/no\/wp-json\/wp\/v2\/tags?post=116774"}],"curies":[{"name":"wp","href":"https:\/\/api.w.org\/{rel}","templated":true}]}}