{"id":116778,"date":"2025-12-18T18:28:12","date_gmt":"2025-12-18T18:28:12","guid":{"rendered":"https:\/\/www.europesays.com\/no\/116778\/"},"modified":"2025-12-18T18:28:12","modified_gmt":"2025-12-18T18:28:12","slug":"sverige-drapsmistanke-svensk-politi-drapsmistenkt-tolvaring-har-tatt-flere-drapsoppdrag-er-i-fare","status":"publish","type":"post","link":"https:\/\/www.europesays.com\/no\/116778\/","title":{"rendered":"Sverige, Drapsmistanke | Svensk politi: Drapsmistenkt tolv\u00e5ring har tatt flere drapsoppdrag \u2013 er i fare"},"content":{"rendered":"\n<p>If\u00f8lge dokumenter <a href=\"https:\/\/www.sverigesradio.se\/artikel\/mordmisstankt-12-aring-hade-tidigare-atagit-sig-morduppdrag-enligt-polisen\" rel=\"nofollow noopener\" target=\"_blank\">P4 \u00d6rebro <\/a> har f\u00e5tt tilgang til har gutten tidligere tatt p\u00e5 seg drapsoppdrag som han ikke har gjennomf\u00f8rt.<\/p>\n<p>Derfor mener politiet at han er truet av Foxtrot og andre kriminelle nettverk i Sverige.<\/p>\n<p>Sent fredag kveld ble en 20 \u00e5r gammel mann drept i Malm\u00f6 s\u00f8r i Sverige. Kort tid etter at meldingen kom inn i 23-tiden ble det funnet en mann skutt i en bil. Han ble brakt til sykehus og deretter raskt erkl\u00e6rt d\u00f8d. Flere personer befant seg i bilen da den ble beskutt.<\/p>\n<p>(\u00a9NTB)<\/p>\n","protected":false},"excerpt":{"rendered":"If\u00f8lge dokumenter P4 \u00d6rebro har f\u00e5tt tilgang til har gutten tidligere tatt p\u00e5 seg drapsoppdrag som han ikke&hellip;\n","protected":false},"author":2,"featured_media":3844,"comment_status":"","ping_status":"","sticky":false,"template":"","format":"standard","meta":{"footnotes":""},"categories":[12],"tags":[20,21,24,25,15,22,23,13,30,28,29,14,16,26,27,42,43,44,45],"class_list":{"0":"post-116778","1":"post","2":"type-post","3":"status-publish","4":"format-standard","5":"has-post-thumbnail","7":"category-verden","8":"tag-breaking-news","9":"tag-breakingnews","10":"tag-featured-news","11":"tag-featurednews","12":"tag-headlines","13":"tag-latest-news","14":"tag-latestnews","15":"tag-news","16":"tag-no","17":"tag-norge","18":"tag-norway","19":"tag-nyheter","20":"tag-overskrifter","21":"tag-top-stories","22":"tag-topstories","23":"tag-verden","24":"tag-world","25":"tag-world-news","26":"tag-worldnews"},"share_on_mastodon":{"url":"https:\/\/pubeurope.com\/@no\/115741989538507511","error":""},"_links":{"self":[{"href":"https:\/\/www.europesays.com\/no\/wp-json\/wp\/v2\/posts\/116778","targetHints":{"allow":["GET"]}}],"collection":[{"href":"https:\/\/www.europesays.com\/no\/wp-json\/wp\/v2\/posts"}],"about":[{"href":"https:\/\/www.europesays.com\/no\/wp-json\/wp\/v2\/types\/post"}],"author":[{"embeddable":true,"href":"https:\/\/www.europesays.com\/no\/wp-json\/wp\/v2\/users\/2"}],"replies":[{"embeddable":true,"href":"https:\/\/www.europesays.com\/no\/wp-json\/wp\/v2\/comments?post=116778"}],"version-history":[{"count":0,"href":"https:\/\/www.europesays.com\/no\/wp-json\/wp\/v2\/posts\/116778\/revisions"}],"wp:featuredmedia":[{"embeddable":true,"href":"https:\/\/www.europesays.com\/no\/wp-json\/wp\/v2\/media\/3844"}],"wp:attachment":[{"href":"https:\/\/www.europesays.com\/no\/wp-json\/wp\/v2\/media?parent=116778"}],"wp:term":[{"taxonomy":"category","embeddable":true,"href":"https:\/\/www.europesays.com\/no\/wp-json\/wp\/v2\/categories?post=116778"},{"taxonomy":"post_tag","embeddable":true,"href":"https:\/\/www.europesays.com\/no\/wp-json\/wp\/v2\/tags?post=116778"}],"curies":[{"name":"wp","href":"https:\/\/api.w.org\/{rel}","templated":true}]}}