{"id":116779,"date":"2025-12-18T18:29:08","date_gmt":"2025-12-18T18:29:08","guid":{"rendered":"https:\/\/www.europesays.com\/no\/116779\/"},"modified":"2025-12-18T18:29:08","modified_gmt":"2025-12-18T18:29:08","slug":"nyheter-politi-ambulansearbeider-skadd-etter-pakjorsel-pa-ulykkessted","status":"publish","type":"post","link":"https:\/\/www.europesays.com\/no\/116779\/","title":{"rendered":"Nyheter, Politi | Ambulansearbeider skadd etter p\u00e5kj\u00f8rsel p\u00e5 ulykkessted"},"content":{"rendered":"\n<p>Det melder politiet i Nordland.<\/p>\n<p>En ambulansearbeider kom til skade da ambulansen ble p\u00e5kj\u00f8rt.<\/p>\n<p>\u2013 Vedkommende er kj\u00f8rt til sykehus for videre behandling, melder operasjonsleder Stig \u00d8stb\u00f8.<\/p>\n<p>Det var torsdag ettermiddag at politi og ambulanse var p\u00e5 stedet etter et trafikkuhell.<\/p>\n<p>\u2013 Mens de jobbet p\u00e5 stedet ble ambulansen p\u00e5kj\u00f8rt av en annen bil, melder \u00d8stb\u00f8.<\/p>\n<p>To personer har f\u00e5tt f\u00f8rerkortene midlertidig beslaglagt. Det dreier seg om f\u00f8rer av en bil som hadde havnet av veien og f\u00f8reren som kj\u00f8rte bilen som traff ambulansen.<\/p>\n<p>F\u00f8rstnevnte dreide seg om hendelsen som var \u00e5rsaken til at n\u00f8detatene var p\u00e5 stedet.<\/p>\n<p>\u2013 Trafikken g\u00e5r forbi skadestedet i ett felt. Det er tett sn\u00f8drev og vanskelige kj\u00f8reforhold p\u00e5 stedet, melder operasjonslederen. <\/p>\n","protected":false},"excerpt":{"rendered":"Det melder politiet i Nordland. En ambulansearbeider kom til skade da ambulansen ble p\u00e5kj\u00f8rt. \u2013 Vedkommende er kj\u00f8rt&hellip;\n","protected":false},"author":2,"featured_media":4285,"comment_status":"","ping_status":"","sticky":false,"template":"","format":"standard","meta":{"footnotes":""},"categories":[10],"tags":[36,20,21,24,25,15,22,23,13,30,28,29,14,16,254,1510,26,27,1203],"class_list":{"0":"post-116779","1":"post","2":"type-post","3":"status-publish","4":"format-standard","5":"has-post-thumbnail","7":"category-norge","8":"tag-art","9":"tag-breaking-news","10":"tag-breakingnews","11":"tag-featured-news","12":"tag-featurednews","13":"tag-headlines","14":"tag-latest-news","15":"tag-latestnews","16":"tag-news","17":"tag-no","18":"tag-norge","19":"tag-norway","20":"tag-nyheter","21":"tag-overskrifter","22":"tag-politi","23":"tag-story","24":"tag-top-stories","25":"tag-topstories","26":"tag-vefsn"},"share_on_mastodon":{"url":"https:\/\/pubeurope.com\/@no\/115741993637382082","error":""},"_links":{"self":[{"href":"https:\/\/www.europesays.com\/no\/wp-json\/wp\/v2\/posts\/116779","targetHints":{"allow":["GET"]}}],"collection":[{"href":"https:\/\/www.europesays.com\/no\/wp-json\/wp\/v2\/posts"}],"about":[{"href":"https:\/\/www.europesays.com\/no\/wp-json\/wp\/v2\/types\/post"}],"author":[{"embeddable":true,"href":"https:\/\/www.europesays.com\/no\/wp-json\/wp\/v2\/users\/2"}],"replies":[{"embeddable":true,"href":"https:\/\/www.europesays.com\/no\/wp-json\/wp\/v2\/comments?post=116779"}],"version-history":[{"count":0,"href":"https:\/\/www.europesays.com\/no\/wp-json\/wp\/v2\/posts\/116779\/revisions"}],"wp:featuredmedia":[{"embeddable":true,"href":"https:\/\/www.europesays.com\/no\/wp-json\/wp\/v2\/media\/4285"}],"wp:attachment":[{"href":"https:\/\/www.europesays.com\/no\/wp-json\/wp\/v2\/media?parent=116779"}],"wp:term":[{"taxonomy":"category","embeddable":true,"href":"https:\/\/www.europesays.com\/no\/wp-json\/wp\/v2\/categories?post=116779"},{"taxonomy":"post_tag","embeddable":true,"href":"https:\/\/www.europesays.com\/no\/wp-json\/wp\/v2\/tags?post=116779"}],"curies":[{"name":"wp","href":"https:\/\/api.w.org\/{rel}","templated":true}]}}