{"id":116780,"date":"2025-12-18T18:30:15","date_gmt":"2025-12-18T18:30:15","guid":{"rendered":"https:\/\/www.europesays.com\/no\/116780\/"},"modified":"2025-12-18T18:30:15","modified_gmt":"2025-12-18T18:30:15","slug":"lisa-mari-er-fast-i-huset-pa-grunn-av-flommen-i-sokndal","status":"publish","type":"post","link":"https:\/\/www.europesays.com\/no\/116780\/","title":{"rendered":"Lisa Mari er fast i huset p\u00e5 grunn av flommen i Sokndal"},"content":{"rendered":"\n<p class=\"_lead_o9xde_2 _lead_xtcu6_50 layout-component text-serif-m layout-normal text-serif-l layout-component layout-wide layout-padded _wide_17hqh_1 layout-padded\">Lisa Mari (26) og d\u00f8trene Sine Marie (4) og Norah (1) er flomfaste.<\/p>\n<p><img alt=\"FAMILIEN: Sine Marie, Norah og Lisa Mari bruker tiden p\u00e5 \u00e5 finne aktiviteter inne i huset enn s\u00e5 lenge.  Foto: privat\" class=\"_image_qp4xg_65 layout-component layout-wide\" data-fullscreen- data-track-element-type=\"Article image fullscreen\" data-track-name=\"ImageFullscreen\" fetchpriority=\"high\" decoding=\"sync\" loading=\"eager\" height=\"3088\" itemprop=\"image\"  src=\"https:\/\/www.europesays.com\/no\/wp-content\/uploads\/2025\/12\/66f285bb-e567-498c-92c0-ed29a7daf41d\"  style=\"object-position:0% 0%\" width=\"2316\"\/>FAMILIEN: Sine Marie, Norah og Lisa Mari bruker tiden p\u00e5 \u00e5 finne aktiviteter inne i huset enn s\u00e5 lenge.  Foto: privat<\/p>\n<ul aria-hidden=\"true\" class=\"_images_ntbth_112\">\n<li><a class=\"_link_ntbth_117\" href=\"https:\/\/www.vg.no\/forfatter\/elise-kvien\" style=\"z-index:1\" title=\"Elise Kvien\" rel=\"nofollow noopener\" target=\"_blank\"><img alt=\"Bilde av Elise Kvien\" class=\"_image_ntbth_93\" fetchpriority=\"low\" loading=\"lazy\" decoding=\"async\" itemprop=\"image\"  src=\"https:\/\/www.europesays.com\/no\/wp-content\/uploads\/2025\/12\/1766082611_400_e9d71b6f-2a15-4dd1-85be-ea8fb873046c\"  width=\"480\"\/><\/a><\/li>\n<\/ul>\n<p> Oppdatert torsdag 18. desember kl. 19:11     <\/p>\n<p class=\"_paragraph_o9xde_4 _paragraph_xtcu6_10 layout-component text-serif-m layout-normal text-serif-m layout-padded\">\u2013 Det er ganske vanskelig, sier hun.<\/p>\n<p class=\"_paragraph_o9xde_4 _paragraph_xtcu6_10 layout-component text-serif-m layout-normal text-serif-m layout-padded\">Vannmengdene har slukt innkj\u00f8rselen til huset p\u00e5 \u00d8yno, der de bor sammen med mamma og mormor Vibecke Ekhom Bu (52). <\/p>\n<p class=\"_paragraph_o9xde_4 _paragraph_xtcu6_10 layout-component text-serif-m layout-normal text-serif-m layout-padded\">Men hun kommer seg ikke hjem som f\u00f8lge av flommen som har herjet i Sokndal de siste dagene.<\/p>\n<p class=\"_paragraph_o9xde_4 _paragraph_xtcu6_10 layout-component text-serif-m layout-normal text-serif-m layout-padded\"><strong class=\"_strong_o9xde_25\">Flere veier er stengt og spesielt krevende er det nettopp for de som bor p\u00e5 \u00d8yno, der b\u00e5t er det eneste fremkomstmiddelet for \u00f8yeblikket.<\/strong><\/p>\n<p class=\"_paragraph_o9xde_4 _paragraph_xtcu6_10 layout-component text-serif-m layout-normal text-serif-m layout-padded\">Huset ligger p\u00e5 toppen av en bakke, og den omtrent 150 meter lange veien til huset har de siste dagene v\u00e6rt under vann: <\/p>\n<p><img alt=\"Foto: privat\" class=\"_image_qp4xg_65 layout-component layout-normal\" data-fullscreen- data-track-element-type=\"Article image fullscreen\" data-track-name=\"ImageFullscreen\" decoding=\"async\" loading=\"lazy\" height=\"564\" itemprop=\"image\"  src=\"https:\/\/www.europesays.com\/no\/wp-content\/uploads\/2025\/12\/d9dc14bd-7818-405a-a052-31170aea0796\"  style=\"object-position:0% 0%\" width=\"423\"\/>Foto: privat<\/p>\n<p class=\"_paragraph_o9xde_4 _paragraph_xtcu6_10 layout-component text-serif-m layout-normal text-serif-m layout-padded\">Siden s\u00f8ndag morgen har 26-\u00e5ringen og d\u00f8trene stort sett v\u00e6rt inne.<\/p>\n<p class=\"_paragraph_o9xde_4 _paragraph_xtcu6_10 layout-component text-serif-m layout-normal text-serif-m layout-padded\">En dag var de ute p\u00e5 en kort tur, men med sm\u00e5 barn er det krevende. <\/p>\n<p class=\"_paragraph_o9xde_4 _paragraph_xtcu6_10 layout-component text-serif-m layout-normal text-serif-m layout-padded\">Onsdag m\u00e5tte sm\u00e5barnsmoren ty til en noe uvanlig vei for \u00e5 fylle opp kj\u00f8leskapet: <\/p>\n<p class=\"_paragraph_o9xde_4 _paragraph_xtcu6_10 layout-component text-serif-m layout-normal text-serif-m layout-padded\">\u2013 Vi har g\u00e5tt gjennom skogen for \u00e5 g\u00e5 p\u00e5 butikken og hente varer. Det er ikke s\u00e5 mye \u00e5 gj\u00f8re, s\u00e5 vi sitter inne og pr\u00f8ver \u00e5 f\u00e5 tiden til \u00e5 g\u00e5, forteller hun.<\/p>\n<p class=\"_paragraph_o9xde_4 _paragraph_xtcu6_10 layout-component text-serif-m layout-normal text-serif-m layout-padded\"><strong class=\"_strong_o9xde_25\">Hun har v\u00e6rt i kontakt med brannsjefen, som har informert om at de kan evakueres i morgen. <\/strong><\/p>\n<p class=\"_paragraph_o9xde_4 _paragraph_xtcu6_10 layout-component text-serif-m layout-normal text-serif-m layout-padded\"><strong class=\"_strong_o9xde_25\">Det har hun takket ja til. <\/strong><\/p>\n<p class=\"_paragraph_o9xde_4 _paragraph_xtcu6_10 layout-component text-serif-m layout-normal text-serif-m layout-padded\">Midt i en ellers urolig situasjon er det ogs\u00e5 de sm\u00e5 tingene som merkes.<\/p>\n<p class=\"_paragraph_o9xde_4 _paragraph_xtcu6_10 layout-component text-serif-m layout-normal text-serif-m layout-padded\">\u2013 Vi har ikke f\u00e5tt tak i juletre enn\u00e5. Det er litt kjedelig, sier hun.<\/p>\n<p>P\u00e5 andre siden<\/p>\n<p class=\"_paragraph_o9xde_4 _paragraph_xtcu6_10 layout-component text-serif-m layout-normal text-serif-m layout-padded\">Det samme sier mor Vibecke. <\/p>\n<p class=\"_paragraph_o9xde_4 _paragraph_xtcu6_10 layout-component text-serif-m layout-normal text-serif-m layout-padded\">Hun har ikke v\u00e6rt hjemme siden s\u00f8ndag, og bor forel\u00f8pig hos kj\u00e6resten p\u00e5 andre siden av den flomrammede innkj\u00f8rselen. <\/p>\n<p><img alt=\"Mor Vibecke Ekhom Bu bor hos kj\u00e6resten mens flommen gj\u00f8r det vanskelig \u00e5 dra hjem.   Foto: privat \/ privat\" class=\"_image_qp4xg_65 layout-component layout-normal\" data-fullscreen- data-track-element-type=\"Article image fullscreen\" data-track-name=\"ImageFullscreen\" decoding=\"async\" loading=\"lazy\" height=\"1200\" itemprop=\"image\"  src=\"https:\/\/www.europesays.com\/no\/wp-content\/uploads\/2025\/12\/4508099a-2884-4396-94be-f58a41aa8130\"  style=\"object-position:0% 0%\" width=\"1600\"\/>Mor Vibecke Ekhom Bu bor hos kj\u00e6resten mens flommen gj\u00f8r det vanskelig \u00e5 dra hjem.   Foto: privat \/ privat<\/p>\n<p class=\"_paragraph_o9xde_4 _paragraph_xtcu6_10 layout-component text-serif-m layout-normal text-serif-m layout-padded\">\u2013 Det er jo litt fortvilende. Jeg har ikke opplevd s\u00e5nne vannmengder f\u00f8r, sier hun. <\/p>\n<p class=\"_paragraph_o9xde_4 _paragraph_xtcu6_10 layout-component text-serif-m layout-normal text-serif-m layout-padded\"><strong class=\"_strong_o9xde_25\">Hun sier det verste er at hun ikke vet hvordan det blir med juleforberedelsene.<\/strong><\/p>\n<p class=\"_paragraph_o9xde_4 _paragraph_xtcu6_10 layout-component text-serif-m layout-normal text-serif-m layout-padded\">\u2013 Jeg h\u00e5per jo jeg kommer hjem over helgen. Jeg m\u00e5 jo f\u00e5 alt i orden til jul. F\u00e5 inn juletre, skaffe mat og s\u00e5nt.<\/p>\n<p class=\"_paragraph_o9xde_4 _paragraph_xtcu6_10 layout-component text-serif-m layout-normal text-serif-m layout-padded\">Hun ikke er komfortabel med \u00e5 reise til huset via b\u00e5t s\u00e5nn det er n\u00e5.<\/p>\n<p class=\"_paragraph_o9xde_4 _paragraph_xtcu6_10 layout-component text-serif-m layout-normal text-serif-m layout-padded\">\u2013 Jeg blir hos kj\u00e6resten til vannet forsvinner, sier hun. <\/p>\n<p>\u2013 Har v\u00e6rt en lang uke<\/p>\n<p class=\"_paragraph_o9xde_4 _paragraph_xtcu6_10 layout-component text-serif-m layout-normal text-serif-m layout-padded\">Ordf\u00f8rer Bj\u00f8rn-Inge Mydland (Sp) sier p\u00e5 telefon til VG at det stort sett har v\u00e6rt en god uke, men at den har v\u00e6rt lang. <\/p>\n<p class=\"_paragraph_o9xde_4 _paragraph_xtcu6_10 layout-component text-serif-m layout-normal text-serif-m layout-padded\">\u2013 Vi har brukt mye tid p\u00e5 andre ting enn det vi gjerne skulle gjort, sier han. <\/p>\n<p class=\"_paragraph_o9xde_4 _paragraph_xtcu6_10 layout-component text-serif-m layout-normal text-serif-m layout-padded\">Torsdag kom det en ny flomtopp, etter mandagens flomtopp. <\/p>\n<p><img decoding=\"async\" alt=\"Bilde av Bj\u00f8rn-Inge Mydland\" class=\"_image_ygndg_42\" height=\"53\" itemprop=\"image\" loading=\"lazy\"  src=\"https:\/\/www.europesays.com\/no\/wp-content\/uploads\/2025\/12\/94d0a97f-0176-470a-a734-79a62a170f01\"  width=\"40\"\/><strong class=\"_name_ygndg_51 title-serif-xs\">Bj\u00f8rn-Inge Mydland<\/strong><\/p>\n<p class=\"_paragraph_o9xde_4 text-sans-m _description_ygndg_56\">Ordf\u00f8rer i Sokndal kommune (Sp)<\/p>\n<p class=\"_paragraph_o9xde_4 _paragraph_xtcu6_10 layout-component text-serif-m layout-normal text-serif-m layout-padded\">\u2013 Hva sier prognosen for de neste dagene? <\/p>\n<p class=\"_paragraph_o9xde_4 _paragraph_xtcu6_10 layout-component text-serif-m layout-normal text-serif-m layout-padded\"><strong class=\"_strong_o9xde_25\">\u2013 Det er litt vondt \u00e5 si det, men det er meldt regn igjen i natt. Cirka 40 millimeter. Normalt sett er det ikke s\u00e5 galt, men siden det allerede er mye vann her er det kjedelig med mer. <\/strong><\/p>\n<p class=\"_paragraph_o9xde_4 _paragraph_xtcu6_10 layout-component text-serif-m layout-normal text-serif-m layout-padded\">Han sier at kommunen planlegger for at flommen holder samme niv\u00e5 fredag ogs\u00e5.<\/p>\n<p>    <img decoding=\"async\" alt=\"Tips oss illustrasjon\" src=\"https:\/\/www.europesays.com\/no\/wp-content\/uploads\/2025\/10\/pssst-small.webp.webp\"\/>    <\/p>\n<p class=\"title-serif-s\">Har du tips?<\/p>\n<p class=\"text-sans-m\">Send oss informasjon, bilder eller video.<\/p>\n<p>  <a href=\"https:\/\/www.vg.no\/tips-oss\" rel=\"nofollow noopener\" target=\"_blank\"> Tips oss <\/a>      <\/p>\n","protected":false},"excerpt":{"rendered":"Lisa Mari (26) og d\u00f8trene Sine Marie (4) og Norah (1) er flomfaste. FAMILIEN: Sine Marie, Norah og&hellip;\n","protected":false},"author":2,"featured_media":116781,"comment_status":"","ping_status":"","sticky":false,"template":"","format":"standard","meta":{"footnotes":""},"categories":[5],"tags":[31,20,21,24,25,1836,15,9248,19,22,23,17,18,13,30,28,29,14,16,14053,26,27,1917],"class_list":{"0":"post-116780","1":"post","2":"type-post","3":"status-publish","4":"format-standard","5":"has-post-thumbnail","7":"category-overskrifter","8":"tag-breaking","9":"tag-breaking-news","10":"tag-breakingnews","11":"tag-featured-news","12":"tag-featurednews","13":"tag-flom","14":"tag-headlines","15":"tag-hjem","16":"tag-hovedoppslag","17":"tag-latest-news","18":"tag-latestnews","19":"tag-main-news","20":"tag-mainnews","21":"tag-news","22":"tag-no","23":"tag-norge","24":"tag-norway","25":"tag-nyheter","26":"tag-overskrifter","27":"tag-sokndal-kommune","28":"tag-top-stories","29":"tag-topstories","30":"tag-vann"},"share_on_mastodon":{"url":"https:\/\/pubeurope.com\/@no\/115741997831884750","error":""},"_links":{"self":[{"href":"https:\/\/www.europesays.com\/no\/wp-json\/wp\/v2\/posts\/116780","targetHints":{"allow":["GET"]}}],"collection":[{"href":"https:\/\/www.europesays.com\/no\/wp-json\/wp\/v2\/posts"}],"about":[{"href":"https:\/\/www.europesays.com\/no\/wp-json\/wp\/v2\/types\/post"}],"author":[{"embeddable":true,"href":"https:\/\/www.europesays.com\/no\/wp-json\/wp\/v2\/users\/2"}],"replies":[{"embeddable":true,"href":"https:\/\/www.europesays.com\/no\/wp-json\/wp\/v2\/comments?post=116780"}],"version-history":[{"count":0,"href":"https:\/\/www.europesays.com\/no\/wp-json\/wp\/v2\/posts\/116780\/revisions"}],"wp:featuredmedia":[{"embeddable":true,"href":"https:\/\/www.europesays.com\/no\/wp-json\/wp\/v2\/media\/116781"}],"wp:attachment":[{"href":"https:\/\/www.europesays.com\/no\/wp-json\/wp\/v2\/media?parent=116780"}],"wp:term":[{"taxonomy":"category","embeddable":true,"href":"https:\/\/www.europesays.com\/no\/wp-json\/wp\/v2\/categories?post=116780"},{"taxonomy":"post_tag","embeddable":true,"href":"https:\/\/www.europesays.com\/no\/wp-json\/wp\/v2\/tags?post=116780"}],"curies":[{"name":"wp","href":"https:\/\/api.w.org\/{rel}","templated":true}]}}