{"id":116782,"date":"2025-12-18T18:31:24","date_gmt":"2025-12-18T18:31:24","guid":{"rendered":"https:\/\/www.europesays.com\/no\/116782\/"},"modified":"2025-12-18T18:31:24","modified_gmt":"2025-12-18T18:31:24","slug":"fotball-bryne-fk-klaeboe-ferdig-i-bryne","status":"publish","type":"post","link":"https:\/\/www.europesays.com\/no\/116782\/","title":{"rendered":"Fotball, Bryne FK | Kl\u00e6boe ferdig i Bryne"},"content":{"rendered":"\n<p>Joakim Kl\u00e6boe blir ikke med videre som f\u00f8rstelagstrener i Bryne FK, melder klubben selv p\u00e5 sin <a href=\"https:\/\/www.brynefk.no\/nyheter\/takk-for-innsatsen-joakim-klaebo\" rel=\"Follow nofollow noopener\" target=\"_blank\">nettside<\/a>.<\/p>\n<p>50-\u00e5ringen, som fullf\u00f8rte UEFA Pro-lisens i fjor, ble i september hentet inn for \u00e5 bidra som f\u00f8rstelagstrener sammen med Kevin Knappen.<\/p>\n<p>  <a href=\"https:\/\/www.jbl.no\/5-103-1227734\" class=\"related-teaser has-image default-story-teaser article--c-eRUmMG article--c-eRUmMG-jKCPdD-design-default\" rel=\"nofollow noopener\" target=\"_blank\"><\/p>\n<p>    <img decoding=\"async\" loading=\"lazy\"  src=\"https:\/\/www.europesays.com\/no\/wp-content\/uploads\/2025\/12\/Strmmen+tok+seieren+i+sluttminuttene%3A++Ren+eufori.bin\" alt=\"\" class=\"brick-c-cFOWSL\" style=\"\"\/><\/p>\n<p>\n            Les ogs\u00e5<\/p>\n<p>              Er dette Brynes nye trener?\n        <\/p>\n<p>  <\/a><\/p>\n<p>Han hadde blitt l\u00f8st fra kontrakten med Sarpsborg 08 i august, der han var hovedtrener Christian Michelsens assistent.<\/p>\n<p>Planen var at han skulle v\u00e6re i Bryne ut \u00e5ret.<\/p>\n<p>N\u00e5 er det alts\u00e5 klart at f\u00f8rstelagstreneren ogs\u00e5 forlater klubben, som hovedtrener Kevin Knappen ogs\u00e5 nylig gjorde.<\/p>\n<p>  <a href=\"https:\/\/www.jbl.no\/5-103-1227341\" class=\"related-teaser has-image default-story-teaser article--c-eRUmMG article--c-eRUmMG-jKCPdD-design-default\" rel=\"nofollow noopener\" target=\"_blank\"><\/p>\n<p>    <img decoding=\"async\" loading=\"lazy\"  src=\"https:\/\/www.europesays.com\/no\/wp-content\/uploads\/2025\/12\/E56A1614+2.jpg\" alt=\"\" class=\"brick-c-cFOWSL\" style=\"\"\/><\/p>\n<p>\n            Les ogs\u00e5<\/p>\n<p>              Kevin Knappen ferdig i Bryne\n        <\/p>\n<p>  <\/a><\/p>\n<p>  <a href=\"https:\/\/www.jbl.no\/5-103-1227357\" class=\"related-teaser has-image default-story-teaser article--c-eRUmMG article--c-eRUmMG-jKCPdD-design-default\" rel=\"nofollow noopener\" target=\"_blank\"><\/p>\n<p>    <img decoding=\"async\" loading=\"lazy\"  src=\"https:\/\/www.europesays.com\/no\/wp-content\/uploads\/2025\/12\/IMG_4534+2.jpg\" alt=\"\" class=\"brick-c-cFOWSL\" style=\"\"\/><\/p>\n<p>\n            Les ogs\u00e5<\/p>\n<p>              \u2013 M\u00e5 ikke g\u00e5 p\u00e5 grunn av nedrykket\n        <\/p>\n<p>  <\/a><\/p>\n","protected":false},"excerpt":{"rendered":"Joakim Kl\u00e6boe blir ikke med videre som f\u00f8rstelagstrener i Bryne FK, melder klubben selv p\u00e5 sin nettside. 50-\u00e5ringen,&hellip;\n","protected":false},"author":2,"featured_media":116783,"comment_status":"","ping_status":"","sticky":false,"template":"","format":"standard","meta":{"footnotes":""},"categories":[59],"tags":[36,2043,92,30,28,29,83,82,1510],"class_list":{"0":"post-116782","1":"post","2":"type-post","3":"status-publish","4":"format-standard","5":"has-post-thumbnail","7":"category-sport","8":"tag-art","9":"tag-bryne-fk","10":"tag-fotball","11":"tag-no","12":"tag-norge","13":"tag-norway","14":"tag-sport","15":"tag-sports","16":"tag-story"},"share_on_mastodon":{"url":"https:\/\/pubeurope.com\/@no\/115742001562388271","error":""},"_links":{"self":[{"href":"https:\/\/www.europesays.com\/no\/wp-json\/wp\/v2\/posts\/116782","targetHints":{"allow":["GET"]}}],"collection":[{"href":"https:\/\/www.europesays.com\/no\/wp-json\/wp\/v2\/posts"}],"about":[{"href":"https:\/\/www.europesays.com\/no\/wp-json\/wp\/v2\/types\/post"}],"author":[{"embeddable":true,"href":"https:\/\/www.europesays.com\/no\/wp-json\/wp\/v2\/users\/2"}],"replies":[{"embeddable":true,"href":"https:\/\/www.europesays.com\/no\/wp-json\/wp\/v2\/comments?post=116782"}],"version-history":[{"count":0,"href":"https:\/\/www.europesays.com\/no\/wp-json\/wp\/v2\/posts\/116782\/revisions"}],"wp:featuredmedia":[{"embeddable":true,"href":"https:\/\/www.europesays.com\/no\/wp-json\/wp\/v2\/media\/116783"}],"wp:attachment":[{"href":"https:\/\/www.europesays.com\/no\/wp-json\/wp\/v2\/media?parent=116782"}],"wp:term":[{"taxonomy":"category","embeddable":true,"href":"https:\/\/www.europesays.com\/no\/wp-json\/wp\/v2\/categories?post=116782"},{"taxonomy":"post_tag","embeddable":true,"href":"https:\/\/www.europesays.com\/no\/wp-json\/wp\/v2\/tags?post=116782"}],"curies":[{"name":"wp","href":"https:\/\/api.w.org\/{rel}","templated":true}]}}