{"id":116786,"date":"2025-12-18T18:37:15","date_gmt":"2025-12-18T18:37:15","guid":{"rendered":"https:\/\/www.europesays.com\/no\/116786\/"},"modified":"2025-12-18T18:37:15","modified_gmt":"2025-12-18T18:37:15","slug":"rune-mista-kona-anita-no-jobbar-han-for-tryggare-vegar-nrk-trondelag-lokale-nyheter-tv-og-radio","status":"publish","type":"post","link":"https:\/\/www.europesays.com\/no\/116786\/","title":{"rendered":"Rune mista kona Anita \u2013 no jobbar han for tryggare vegar \u2013 NRK Tr\u00f8ndelag \u2013 Lokale nyheter, TV og radio"},"content":{"rendered":"<p>52 \u00e5r gamle Anita \u00d8vreb\u00f8 Pettersen var p\u00e5 veg til jobb ein tidleg morgon i mars i fjor.<\/p>\n<p>Like nord for Vikatunnelen i Namsos kom ein semitrailer og kolliderte med bilen hennar p\u00e5 det glatte f\u00f8ret. Livet hennar enda der.<\/p>\n<p>Ektemann Rune Pettersen f\u00f8lgde rettssaka mot ein yrkessj\u00e5f\u00f8r f\u00f8rre veke.<\/p>\n<p><strong>\u2013 Ei s\u00e5nn dame fortener \u00e5 f\u00e5 eit ansikt utetter.<\/strong><\/p>\n<p>Han valde sj\u00f8lv \u00e5 sette seg i vitneboksen under rettssaka.<\/p>\n<p><img decoding=\"async\"   src=\"data:image\/gif;base64,R0lGODlhAQABAIAAAAAAAP\/\/\/yH5BAEAAAAALAAAAAABAAEAAAIBRAA7\" loading=\"eager\" alt=\"Rune i retten\" title=\"Foto: Rita Kleven \/ NRK\"\/><\/p>\n<p class=\"\">Ektemann Rune Pettersen fortalde i retten om Anita som var veldig viktig for han og familien.<\/p>\n<p>Foto: Rita Kleven \/ NRK<\/p>\n<p>Ville seie korleis ho var<\/p>\n<p><strong>Anita blei eit nytt trafikkoffer. Ho er ei av mange som mista livet p\u00e5 norske vegar i fjor.<\/strong><\/p>\n<p>Han fortalde i retten korleis ho var som menneske. Han meiner det var viktig \u00e5 f\u00e5 fram. Det er ikkje berre eit namn.<\/p>\n<p>\u2013 Ikkje minst alle ho tok til seg. Ho har fire barn sj\u00f8lv, stebarn, stebarnebarn og kjempestor familie. Alle ho m\u00f8tte likte ho.<\/p>\n<p><img decoding=\"async\"   src=\"data:image\/gif;base64,R0lGODlhAQABAIAAAAAAAP\/\/\/yH5BAEAAAAALAAAAAABAAEAAAIBRAA7\" loading=\"eager\" alt=\"Fakkel for trafikkofre\" title=\"Foto: NRK\"\/><\/p>\n<p class=\"\">Faklar tente for trafikkoffer p\u00e5 minnemarkering til Trygg Trafikk i Verdal tidlegare i \u00e5r. <\/p>\n<p>Foto: NRK<\/p>\n<p>Blei med i Trygg Trafikk<\/p>\n<p>Kvart \u00e5r er det fakkeltog og minnemarkering for dei som har mista livet i trafikken, <a href=\"https:\/\/www.tryggtrafikk.no\/artikler\/aktuelt\/minnemarkeringer-landet-rundt-2026\/\" ec-id=\"https:\/\/www.tryggtrafikk.no\/artikler\/aktuelt\/minnemarkeringer-landet-rundt-2026\/\" ec-name=\"slik det blir no i januar.\" rel=\"nofollow noopener\" target=\"_blank\">slik det blir no i januar.<\/a> Ogs\u00e5 Rune Pettersen bar ein fakkel i Verdal tidlegare i \u00e5r.<\/p>\n<p>Etter ulykka har han blitt med i Trygg Trafikk, og han h\u00e5par \u00e5 gjere ein forskjell.<\/p>\n<p>\u2013 Det har p\u00e5 ein m\u00e5te blitt veldig fint i ein sorgprosess.<\/p>\n<p>Han deler med andre kva han sj\u00f8lv har opplevd, og seier f\u00f8rebygging med russen er veldig, veldig viktig.<\/p>\n<p>Ogs\u00e5 i \u00e5r er det for mange omkomne i trafikken, seier han.<\/p>\n<p>Trykk og h\u00f8yr litt av l\u00e5ta \u00abVegen til tryggleiken\u00bb, med tekst og melodi av Joakim Pettersen.<\/p>\n<p>Son skreiv song<\/p>\n<p>Sonen til Rune, Joakim Pettersen laga songen \u00abVegen til tryggleiken\u00bb, etter at Anita mista livet.<\/p>\n<p>Songen er gitt ut i samarbeid med blant anna Trygg Trafikk.<\/p>\n<p>\u2013 Eg bruker \u00e5 seie det at du b\u00f8r ta vegen til tryggleiken, n\u00e5r du ferdast i trafikken, seier Rune Pettersen.<\/p>\n<p><img decoding=\"async\"   src=\"data:image\/gif;base64,R0lGODlhAQABAIAAAAAAAP\/\/\/yH5BAEAAAAALAAAAAABAAEAAAIBRAA7\" loading=\"eager\" alt=\"Frode Tiller Skjerv\u00f8, regionleder Tr\u00f8ndelag Trygg Trafikk\" title=\"Foto: Trygg Trafikk\"\/><\/p>\n<p class=\"\">Frode Tiller Skjerv\u00f8, regionleiar Trygg Trafikk.<\/p>\n<p>Foto: Trygg Trafikk<\/p>\n<p>S\u00f8rgeleg h\u00f8gt<\/p>\n<p>Utviklinga i talet p\u00e5 drepne i trafikken i \u00e5r er berre tragisk, seier regionleiar Frode Tiller Skjerv\u00f8 i Trygg Trafikk. I fjor mista 87 menneske livet, mens det s\u00e5 langt i \u00e5r er 103 drepne.<\/p>\n<p><strong>\u2013 Vi hadde ei positiv utvikling p\u00e5 talet p\u00e5 drepne i fjor og \u00e5ret f\u00f8r der, og s\u00e5 er vi tilbake igjen over 100 drepne. Det er s\u00f8rgeleg h\u00f8gt.<\/strong><\/p>\n<p>For Trygg Trafikk betyr det mykje at p\u00e5r\u00f8rande engasjerer seg, som Rune har gjort.<\/p>\n<p>\u2013 Det er ei veldig tragisk oppleving dei st\u00e5r i, og har st\u00e5tt i. Men at dei d\u00e5 vil dele korleis det faktisk er \u00e5 miste nokon, har ein veldig bra f\u00f8rebyggande effekt, seier han.<\/p>\n<p><img decoding=\"async\"   src=\"data:image\/gif;base64,R0lGODlhAQABAIAAAAAAAP\/\/\/yH5BAEAAAAALAAAAAABAAEAAAIBRAA7\" loading=\"eager\" alt=\"I retten\" title=\"Foto: Rita Kleven \/ NRK\"\/><\/p>\n<p class=\"\">Bistandsadvokaten Lise Ligaard og Rune Pettersen i retten. <\/p>\n<p>Foto: Rita Kleven \/ NRK<\/p>\n<p>D\u00e5 verda rasa<\/p>\n<p>15. desember kom dommen.<\/p>\n<p>Ein yrkessj\u00e5f\u00f8r blei d\u00f8md til fengsel i fire m\u00e5nader, og tapte f\u00f8rarretten i tre \u00e5r.<\/p>\n<p>Tida etter ulykka har vore tung for Rune.<\/p>\n<p>\u2013 Dei siste orda eg sa til ho, var om kvelden d\u00e5 vi la oss. Dagen etter er ho faktisk borte. Verda rasar.<\/p>\n<p>Han seier han har vore heldig som har hatt veldig gode folk rundt seg i tida etterp\u00e5.<\/p>\n<p>Publisert<\/p>\n<p>18.12.2025, kl. 16.59<\/p>\n","protected":false},"excerpt":{"rendered":"52 \u00e5r gamle Anita \u00d8vreb\u00f8 Pettersen var p\u00e5 veg til jobb ein tidleg morgon i mars i fjor.&hellip;\n","protected":false},"author":2,"featured_media":116787,"comment_status":"","ping_status":"","sticky":false,"template":"","format":"standard","meta":{"footnotes":""},"categories":[10],"tags":[20,21,24,25,15,22,23,13,30,28,29,14,16,26,27],"class_list":{"0":"post-116786","1":"post","2":"type-post","3":"status-publish","4":"format-standard","5":"has-post-thumbnail","7":"category-norge","8":"tag-breaking-news","9":"tag-breakingnews","10":"tag-featured-news","11":"tag-featurednews","12":"tag-headlines","13":"tag-latest-news","14":"tag-latestnews","15":"tag-news","16":"tag-no","17":"tag-norge","18":"tag-norway","19":"tag-nyheter","20":"tag-overskrifter","21":"tag-top-stories","22":"tag-topstories"},"share_on_mastodon":{"url":"https:\/\/pubeurope.com\/@no\/115742025042454832","error":""},"_links":{"self":[{"href":"https:\/\/www.europesays.com\/no\/wp-json\/wp\/v2\/posts\/116786","targetHints":{"allow":["GET"]}}],"collection":[{"href":"https:\/\/www.europesays.com\/no\/wp-json\/wp\/v2\/posts"}],"about":[{"href":"https:\/\/www.europesays.com\/no\/wp-json\/wp\/v2\/types\/post"}],"author":[{"embeddable":true,"href":"https:\/\/www.europesays.com\/no\/wp-json\/wp\/v2\/users\/2"}],"replies":[{"embeddable":true,"href":"https:\/\/www.europesays.com\/no\/wp-json\/wp\/v2\/comments?post=116786"}],"version-history":[{"count":0,"href":"https:\/\/www.europesays.com\/no\/wp-json\/wp\/v2\/posts\/116786\/revisions"}],"wp:featuredmedia":[{"embeddable":true,"href":"https:\/\/www.europesays.com\/no\/wp-json\/wp\/v2\/media\/116787"}],"wp:attachment":[{"href":"https:\/\/www.europesays.com\/no\/wp-json\/wp\/v2\/media?parent=116786"}],"wp:term":[{"taxonomy":"category","embeddable":true,"href":"https:\/\/www.europesays.com\/no\/wp-json\/wp\/v2\/categories?post=116786"},{"taxonomy":"post_tag","embeddable":true,"href":"https:\/\/www.europesays.com\/no\/wp-json\/wp\/v2\/tags?post=116786"}],"curies":[{"name":"wp","href":"https:\/\/api.w.org\/{rel}","templated":true}]}}