{"id":116788,"date":"2025-12-18T18:38:09","date_gmt":"2025-12-18T18:38:09","guid":{"rendered":"https:\/\/www.europesays.com\/no\/116788\/"},"modified":"2025-12-18T18:38:09","modified_gmt":"2025-12-18T18:38:09","slug":"usa-vil-legge-ned-national-center-for-atmospheric-research-nrk-klima","status":"publish","type":"post","link":"https:\/\/www.europesays.com\/no\/116788\/","title":{"rendered":"USA vil legge ned National Center for Atmospheric Research \u2013 NRK \u2013 Klima"},"content":{"rendered":"<p>USAs budsjettdirekt\u00f8r Russell Vought sa onsdag at USAs nasjonale senter for atmosf\u00e6re-forskning (NCAR) vil bli lagt ned.<\/p>\n<p>\u2013 Institusjonen er en av de st\u00f8rste kildene til klimaalarmisme i landet, skrev Vought p\u00e5 <a href=\"https:\/\/x.com\/russvought\/status\/2001099488774033692?s=20\" ec-id=\"https:\/\/x.com\/russvought\/status\/2001099488774033692\" ec-name=\"X\" rel=\"nofollow\">X<\/a>.<\/p>\n<p>Vought skriver at viktige funksjoner som v\u00e6rforskning vil bli flyttet til et annet sted.<\/p>\n<p><strong>If\u00f8lge <a href=\"https:\/\/eu.usatoday.com\/story\/news\/politics\/2025\/12\/16\/trump-dismantle-national-center-atmospheric-research-climate\/87798771007\/\" ec-id=\"https:\/\/eu.usatoday.com\/story\/news\/politics\/2025\/12\/16\/trump-dismantle-national-center-atmospheric-research-climate\/87798771007\/\" ec-name=\"USA Today\" rel=\"nofollow noopener\" target=\"_blank\">USA Today<\/a> vil arbeidet med \u00e5 splitte opp NCAR starte med det samme. Planen er \u00e5 stenge hele senteret.<\/strong><\/p>\n<p><img decoding=\"async\"   src=\"data:image\/gif;base64,R0lGODlhAQABAIAAAAAAAP\/\/\/yH5BAEAAAAALAAAAAABAAEAAAIBRAA7\" loading=\"eager\" alt=\"To menn i dress og slips (Bildebeskrivelsen er laget av en KI-tjeneste)\" title=\"Foto: AP\"\/><\/p>\n<p class=\"\">USAs budsjettdirekt\u00f8r\u00a0Russell\u00a0Vought (til h\u00f8yre) sammen med president Trump.<\/p>\n<p>Foto: AP<\/p>\n<p>\u2013 Mekka for klimaforskere<\/p>\n<p>Rundt 830 forskere arbeider ved NCAR utenfor Denver. Senteret ble etablert i 1960.<\/p>\n<p>New York Times skriver at NCAR har st\u00e5tt bak mange av de st\u00f8rste vitenskapelige gjennombruddene innen forskning p\u00e5 v\u00e6r og klima.<\/p>\n<p>Forskere ved NCAR har studert en rekke felter, som luftforurensing, havstr\u00f8mmer og global oppvarming.<\/p>\n<p><strong>\u2013 NCAR har v\u00e6rt helt avgj\u00f8rende for samarbeidspreget klimaforskning gjennom mange ti\u00e5r. Det er en slags mekka for klimaforskere, sier klimaforsker Bj\u00f8rn Samset ved Cicero.<\/strong><\/p>\n<p>Samset kaller NCAR for \u00abverdens viktigste institusjon for klimaforskning\u00bb. Han f\u00e5r st\u00f8tte av Cicero-kollega Ben Sanderson, som selv har jobbet ved NCAR i et ti\u00e5r.<\/p>\n<p><strong>\u2013 Dette senteret har nesten definert hvordan klimaforskning utf\u00f8res, sier han.<\/strong><\/p>\n<p><img decoding=\"async\"   src=\"data:image\/gif;base64,R0lGODlhAQABAIAAAAAAAP\/\/\/yH5BAEAAAAALAAAAAABAAEAAAIBRAA7\" loading=\"eager\" alt=\"Et lastefart\u00f8y frakter kull langs en elv, med en stor industrihimmel som bakgrunn. R\u00f8yk stiger opp fra to h\u00f8ye skorsteiner ved en kraftstasjon, som dominerer landskapet. Omgivelsene inkluderer tr\u00e6r langs elvebredden og flere industribygg i bakgrunnen. Bildet viser en kombinert scene av industriell aktivitet og naturlige elementer. (Bildebeskrivelsen er laget av en KI-tjeneste)\" title=\"Foto: Brian Snyder \/ Reuters \/ NTB\"\/><\/p>\n<p class=\"\">En lekter full av kull p\u00e5 Ohio-elven. Bruken av kull ligger an til \u00e5 \u00f8ke kraftig i USA i 2025.<\/p>\n<p>Foto: Brian Snyder \/ Reuters \/ NTB<\/p>\n<p>Viktig for klimamodeller<\/p>\n<p>S\u00e6rlig viktig har NCAR v\u00e6rt i \u00e5 utarbeide klimamodeller. Ettersom klimaendringer favner veldig bredt, er forskere avhengig av modeller om kan si noe om hvordan utviklingen vil bli.<\/p>\n<p>Senteret har lagt ut modellene \u00e5pent tilgjengelig for hele verden. Det samme gjelder alle dataene for v\u00e6r og klima som NCAR har samlet inn gjennom ti\u00e5r.<\/p>\n<p>Klimamodeller som er laget av forskere ved Cicero og Bjerknes-senteret er basert p\u00e5 modellene fra NCAR.<\/p>\n<p><strong>\u2013 Jeg har mange artikler som baserer p\u00e5 data som NCAR har laget og lagt ut fritt tilgjengelig. Dette gjelder hele verden, sier Samset. <\/strong><\/p>\n<p>Bruker sterke ord<\/p>\n<p>Trump-administrasjonen har en lang liste over kontroversielle inngrep i klimaforskning og arbeid mot global oppvarming.<\/p>\n<p>Allerede f\u00f8rste dag p\u00e5 jobben trakk president Trump landet ut av Parisavtalen. Siden har det blitt kuttet stort i forskning, samtidig som det er \u00e5pnet opp for oljeleting og mer bruk av kull.<\/p>\n<p>Likevel vekker beslutning om \u00e5 legge ned NCAR s\u00e6rlig sterke reaksjoner.<\/p>\n<p><img decoding=\"async\"   src=\"data:image\/gif;base64,R0lGODlhAQABAIAAAAAAAP\/\/\/yH5BAEAAAAALAAAAAABAAEAAAIBRAA7\" loading=\"eager\" alt=\"Kvinne utenfor National Center for Atmospheric Research (NCAR), \" title=\"Foto: Privat \/ NRK\"\/><\/p>\n<p class=\"\">Rosie Fisher utenfor National Center for Atmospheric Research p\u00e5 den tiden hun arbeidet der. Hun sier at gjennom \u00e5rene har et enormt antall forskere jobbet med NCAR.<\/p>\n<p>Foto: Privat \/ NRK<\/p>\n<p>N\u00e5r NRK ber klimaforskere sette ord p\u00e5 hva de mener om \u00e5 beslutningen om \u00e5 legge ned NCAR, kommer det formuleringer man vanligvis ikke h\u00f8rer fra forskerhold.<\/p>\n<p><strong>\u2013 Meningsl\u00f8s vandalisme. Det er et m\u00e5lrettet angrep p\u00e5 grunnlaget for all klimakunnskap, sier Ciceros Rosie Fisher.<\/strong><\/p>\n<p>Hennes kollega Bj\u00f8rn Samset sier at \u00abdet er en katastrofe for klimaforskning\u00bb.<\/p>\n<p>\u2013 Det er et veldig bevisst angrep p\u00e5 klimaforskning. Dette er et politisert angrep p\u00e5 fri forskning, sier Samset.<\/p>\n<p>Ogs\u00e5 i USA og internasjonalt er beslutningen m\u00f8tt av kraftig kritikk Trump-administrasjonen har s\u00e5 langt ikke svart p\u00e5 kritikken.<\/p>\n<p>Tar avstand fra p\u00e5stand<\/p>\n<p><img decoding=\"async\"   src=\"data:image\/gif;base64,R0lGODlhAQABAIAAAAAAAP\/\/\/yH5BAEAAAAALAAAAAABAAEAAAIBRAA7\" loading=\"eager\" alt=\"Portrett av mann\" title=\"Foto: Privat \/ NRK\"\/><\/p>\n<p class=\"\">Klimaforsker ved Cicero, Ben Sanderson sier at NCARs klimamodeller er brukt over hele verden, fra Norge via Europa til Kina.<\/p>\n<p>Foto: Privat \/ NRK<\/p>\n<p>Sanderson tar avstand fra Trump-administrasjonens p\u00e5stand om at NCAR driver med klimaalarmisme.<\/p>\n<p><strong>Tvert imot mener han at NCAR er overraskende lite politisk motivert.<\/strong><\/p>\n<p>\u2013 Det er en rigor\u00f8s, vitenskapelig motivert organisasjon. De driver ikke med \u00e5 fremme noen ideologiske meninger, sier Sanderson.<\/p>\n<p><img decoding=\"async\"   src=\"data:image\/gif;base64,R0lGODlhAQABAIAAAAAAAP\/\/\/yH5BAEAAAAALAAAAAABAAEAAAIBRAA7\" loading=\"eager\" alt=\"En satellitt i verdensrommet over jorden\" title=\"Illustrasjon: - \/ AFP \/ NTB\"\/><\/p>\n<p class=\"\">I august ble det klart at Trump-administrasjonen stopper st\u00f8tte til en Nasa-satellitt som m\u00e5ler utslipp av klimagasser og plantevekst.<\/p>\n<p>Illustrasjon: &#8211; \/ AFP \/ NTB<\/p>\n<p>Frykter forskere forsvinner<\/p>\n<p>Dersom NCAR forsvinner er forskerne enige om at det vil f\u00e5 store konsekvenser.<\/p>\n<p>Selv om det ikke er klart enn\u00e5, sier Sanderson at i det verste tilfellet g\u00e5r vi bakover i forhold til v\u00e5r evne til \u00e5 forst\u00e5 tilstanden i et klimasystem og i v\u00e5r evne til \u00e5 forutse fremtidig klima.<\/p>\n<p>Han fryktet at forskerne som i dag jobber for NCAR vil finne seg andre jobber innen andre felter og at prosjekter drevet av NCAR kollapser.<\/p>\n<p><strong>\u2013 Jeg tror det vil f\u00e5 konsekvenser for v\u00e5r forst\u00e5else av klimaendringer som vil vare i flere ti\u00e5r. Og FNs klimarapporter og de internasjonale klimaforhandlingene vil v\u00e6re mindre basert p\u00e5 kunnskap, sier Sanderson.<\/strong><\/p>\n<p><img decoding=\"async\"   src=\"data:image\/gif;base64,R0lGODlhAQABAIAAAAAAAP\/\/\/yH5BAEAAAAALAAAAAABAAEAAAIBRAA7\" loading=\"eager\" alt=\"en gruppe hus foran et fjell (Bildebeskrivelsen er laget av en KI-tjeneste)\" title=\"Foto: Reuters\"\/><\/p>\n<p class=\"\">National Center for Atmospheric Research ligger idyllisk til i utkanten av Boulder, Colorado.<\/p>\n<p>Foto: Reuters<\/p>\n<p>H\u00e5per p\u00e5 hjelp fra Norge<\/p>\n<p>I l\u00f8pet av 2025 har Norge flere ganger gitt penger for \u00e5 oppveie skadene av amerikanske kutt i klimaforskning.<\/p>\n<p>I mai ble det klart at Norge skal <a href=\"https:\/\/www.nrk.no\/klima\/regjeringen-gir-20-millioner-for-a-sikre-klimadata-fra-usa-1.17410880\" ec-id=\"pp:article:1.17410880\" ec-name=\"bruke 20 millioner kroner\" rel=\"nofollow noopener\" target=\"_blank\">bruke 20 millioner kroner<\/a> p\u00e5 \u00e5 sikre klimadata fra USA. Norge har ogs\u00e5 gitt ekstra penger for \u00e5 sikre seg utenlandske klimaforskere.<\/p>\n<p>Rosie Fisher sier at norsk klimaforskning er i en veldig unik situasjon til \u00e5 fortsette arbeidet fra NCAR.<\/p>\n<p>\u2013 Hvis Norge har penger til \u00e5 st\u00f8tte dette arbeidet, kan vi bruke dem, sier Fisher.<\/p>\n<p><strong>Ben Sanderson sier at det n\u00e5 handler om \u00e5 st\u00f8tte n\u00f8kkelindivider som har uerstattelig kunnskap og erfaring innen klimaforsking.<\/strong><\/p>\n<p>Samtidig vil en grunnpilar innen klimaforskningen bli borte med NCAR. Sanderson sier vi n\u00e5 m\u00e5 tenke nytt p\u00e5 hvordan data lagres, hvordan forskere m\u00f8tes og annet.<\/p>\n<p>\u2013 Vi m\u00e5 n\u00e5 tenke p\u00e5 hvordan europeisk og norsk forskningsinfrastruktur kan fungere uten dette USA, sier Ben Sanderson.<\/p>\n<p>          Temperatur i verden siden 1880<br \/>\n      sammenlignet med snittet i perioden 1991-2020+0,5\u00b0Csammenlignet med normalen?Trykk for forklaring normaltemperatur<\/p>\n<p>1880<\/p>\n<p>1900<\/p>\n<p>1920<\/p>\n<p>1940<\/p>\n<p>1960<\/p>\n<p>1980<\/p>\n<p>2000<\/p>\n<p>2020<\/p>\n<p><a class=\"klimastatus-link-2rXk0X svelte-bswcvn\" href=\"https:\/\/www.nrk.no\/klima\/status\" rel=\"nofollow noopener\" target=\"_blank\">G\u00e5 til NRKs Klimastatus<br \/>\n      <\/a>Hvorfor er de fleste \u00e5rene bl\u00e5 og kaldere enn normalen?<\/p>\n<p>Dette er fordi alle \u00e5rene n\u00e5 sammenlignes med en ny normal, det vil si gjennomsnittet av v\u00e6r i 30-\u00e5rsperioden 1991-2020. Disse 30 \u00e5rene har v\u00e6rt uvanlig varme. De fleste andre \u00e5r blir derfor kaldere enn normalt.<\/p>\n<p>Inntil nylig brukte forskerne en normalperiode som gikk fra 1961-1990. I disse \u00e5rene var det relativt kaldt. Det begynner \u00e5 bli en god stund siden 1960-tallet og den nye normalen gj\u00f8r at vi kan sammenlignet v\u00e6ret med klimaet (normalen) som folk faktisk opplever i dag.<\/p>\n<p>Normal-perioden blir bestemt av Verdens meteorologiorganisasjon (WMO), og brukes i alle land. P\u00e5 den m\u00e5ten kan vi sammenligne v\u00e6ret i Norge med andre land og vi kan m\u00e5le endringer over hele kloden.<\/p>\n<p>Hvordan kan man regne ut \u00e9n temperatur for hele verden?<\/p>\n<p>Dette tallet er resultat av et komplisert regnestykke. <\/p>\n<p>Det gj\u00f8res m\u00e5linger med termometre b\u00e5de p\u00e5 land og p\u00e5 havoverflaten (p\u00e5 havet er termometrene festet til b\u00f8yer). Noen steder st\u00e5r termometrene tett, ander steder er det langt mellom dem. Ved hjelp av statistisk metode klarer forskerne \u00e5 gi m\u00e5lingene ulik vekt, slik at alle omr\u00e5der f\u00e5r like stor betydning:<\/p>\n<p>Dataene som brukes i denne grafen kommer fra amerikanske NOAA. De har delt kloden inn i ruter p\u00e5 5\u00b0 x 5\u00b0 og regner ut \u00e9n temperatur for hver rute. Da kan de igjen regne seg frem til et globalt tall, for hver m\u00e5ned eller for hvert \u00e5r. De kan ogs\u00e5 lage tall for temperaturen bare over havet eller bare over land, eller for den nordlige og s\u00f8rlige halvkule. Rutene p\u00e5 polene er mindre enn langs ekvator p\u00e5 grunn av klodens krumming. Dette tar forskerne ogs\u00e5 hensyn til i regnestykket sitt.<\/p>\n<p>Andre, som for eksempel NASA eller Hadley Centre, regner p\u00e5 litt andre m\u00e5ter enn NOAA. Derfor er det gjerne sm\u00e5 forskjeller p\u00e5 de ulike datasettene. Trenden de viser er uansett den samme: Siden 1880 har verden blitt varmere.<\/p>\n<p>Publisert<\/p>\n<p>18.12.2025, kl. 15.38<\/p>\n","protected":false},"excerpt":{"rendered":"USAs budsjettdirekt\u00f8r Russell Vought sa onsdag at USAs nasjonale senter for atmosf\u00e6re-forskning (NCAR) vil bli lagt ned. \u2013&hellip;\n","protected":false},"author":2,"featured_media":116789,"comment_status":"","ping_status":"","sticky":false,"template":"","format":"standard","meta":{"footnotes":""},"categories":[5],"tags":[20,21,24,25,15,19,22,23,17,18,13,30,28,29,14,16,26,27],"class_list":{"0":"post-116788","1":"post","2":"type-post","3":"status-publish","4":"format-standard","5":"has-post-thumbnail","7":"category-overskrifter","8":"tag-breaking-news","9":"tag-breakingnews","10":"tag-featured-news","11":"tag-featurednews","12":"tag-headlines","13":"tag-hovedoppslag","14":"tag-latest-news","15":"tag-latestnews","16":"tag-main-news","17":"tag-mainnews","18":"tag-news","19":"tag-no","20":"tag-norge","21":"tag-norway","22":"tag-nyheter","23":"tag-overskrifter","24":"tag-top-stories","25":"tag-topstories"},"share_on_mastodon":{"url":"https:\/\/pubeurope.com\/@no\/115742028897747481","error":""},"_links":{"self":[{"href":"https:\/\/www.europesays.com\/no\/wp-json\/wp\/v2\/posts\/116788","targetHints":{"allow":["GET"]}}],"collection":[{"href":"https:\/\/www.europesays.com\/no\/wp-json\/wp\/v2\/posts"}],"about":[{"href":"https:\/\/www.europesays.com\/no\/wp-json\/wp\/v2\/types\/post"}],"author":[{"embeddable":true,"href":"https:\/\/www.europesays.com\/no\/wp-json\/wp\/v2\/users\/2"}],"replies":[{"embeddable":true,"href":"https:\/\/www.europesays.com\/no\/wp-json\/wp\/v2\/comments?post=116788"}],"version-history":[{"count":0,"href":"https:\/\/www.europesays.com\/no\/wp-json\/wp\/v2\/posts\/116788\/revisions"}],"wp:featuredmedia":[{"embeddable":true,"href":"https:\/\/www.europesays.com\/no\/wp-json\/wp\/v2\/media\/116789"}],"wp:attachment":[{"href":"https:\/\/www.europesays.com\/no\/wp-json\/wp\/v2\/media?parent=116788"}],"wp:term":[{"taxonomy":"category","embeddable":true,"href":"https:\/\/www.europesays.com\/no\/wp-json\/wp\/v2\/categories?post=116788"},{"taxonomy":"post_tag","embeddable":true,"href":"https:\/\/www.europesays.com\/no\/wp-json\/wp\/v2\/tags?post=116788"}],"curies":[{"name":"wp","href":"https:\/\/api.w.org\/{rel}","templated":true}]}}