{"id":116817,"date":"2025-12-18T19:06:20","date_gmt":"2025-12-18T19:06:20","guid":{"rendered":"https:\/\/www.europesays.com\/no\/116817\/"},"modified":"2025-12-18T19:06:20","modified_gmt":"2025-12-18T19:06:20","slug":"vaer-trafikk-sender-ut-farevarsel-for-juleutfarten","status":"publish","type":"post","link":"https:\/\/www.europesays.com\/no\/116817\/","title":{"rendered":"V\u00e6r, Trafikk | Sender ut farevarsel f\u00f8r juleutfarten"},"content":{"rendered":"\n<p>Juleferien n\u00e6rmer seg.<\/p>\n<p>Lengter du etter \u00e5 f\u00e5 tatt fram skia, og sendt ungene ned p\u00e5 bakken p\u00e5 akebrett?<\/p>\n<p>Ja, da har du d\u00e5rlige dager.<\/p>\n<p>Derfor er det kanskje mange som har tenkt seg p\u00e5 fjellet i l\u00f8pet av de kommende par ukene.<\/p>\n<p>If\u00f8lge Statens vegvesen er det ventet at juleutfarten vil starte for alvor n\u00e5 f\u00f8r helga.<\/p>\n<p>Halvparten av de som skal hjem til jul, bruker bil for \u00e5 komme seg avg\u00e5rde.<\/p>\n<p>Det kommende d\u00f8gnet kan det bli utfordrende om du har tenkt deg ut p\u00e5 en aldri s\u00e5 liten juleferie, eller bare skal hjem.<\/p>\n<p>Torsdag er det sendt ut gult farevarsel for kraftig sn\u00f8fokk i flere fjellomr\u00e5der.<\/p>\n<p>   <img decoding=\"async\" width=\"287\" height=\"486\" fetchpriority=\"low\"  loading=\"lazy\"  src=\"https:\/\/www.europesays.com\/no\/wp-content\/uploads\/2025\/12\/Sn%C3%B8fokk.png\" alt=\"\" class=\"brick-c-cFOWSL\" style=\"--brick-image-ratio: 287 \/ 486;\"\/><\/p>\n<p>Farevarselet gjelder fra torsdag kveld.<\/p>\n<p>Det er ventet \u00e5 roe seg f\u00f8rst et godt stykke ut p\u00e5 fredagen.<\/p>\n<p>Farevarselet gjelder for fjelltraktene i S\u00f8r-Norge. Det kan ogs\u00e5 skape utfordringer i deler av Nord-\u00d8sterdal.<\/p>\n<p>Fjellbygda Folldal er en av stedene der det kan bli utfordrende kj\u00f8reforhold.<\/p>\n<p>Ogs\u00e5 riksveg 3 over Kvikne i Tynset kommune er det sendt ut gult farevarsel for sn\u00f8fokk<\/p>\n<p>Det er ventet nedb\u00f8r og varmegrader utover natta, og relativt kraftige vindkast utover fredagen.<\/p>\n<p>Vinden vil merkes noe i lavtliggende omr\u00e5der ogs\u00e5, men ikke p\u00e5 langt n\u00e6r som i fjellet.<\/p>\n<p>I l\u00f8pet av helga vil ogs\u00e5 kuldegradene komme. Men noen hvit jul m\u00e5 du nok fortsatt se langt etter, om du ikke skal p\u00e5 fjellet.<\/p>\n","protected":false},"excerpt":{"rendered":"Juleferien n\u00e6rmer seg. Lengter du etter \u00e5 f\u00e5 tatt fram skia, og sendt ungene ned p\u00e5 bakken p\u00e5&hellip;\n","protected":false},"author":2,"featured_media":286,"comment_status":"","ping_status":"","sticky":false,"template":"","format":"standard","meta":{"footnotes":""},"categories":[10],"tags":[36,20,21,24,25,15,22,23,13,30,28,29,14,16,1510,26,27,224,553],"class_list":{"0":"post-116817","1":"post","2":"type-post","3":"status-publish","4":"format-standard","5":"has-post-thumbnail","7":"category-norge","8":"tag-art","9":"tag-breaking-news","10":"tag-breakingnews","11":"tag-featured-news","12":"tag-featurednews","13":"tag-headlines","14":"tag-latest-news","15":"tag-latestnews","16":"tag-news","17":"tag-no","18":"tag-norge","19":"tag-norway","20":"tag-nyheter","21":"tag-overskrifter","22":"tag-story","23":"tag-top-stories","24":"tag-topstories","25":"tag-trafikk","26":"tag-vaer"},"share_on_mastodon":{"url":"https:\/\/pubeurope.com\/@no\/115742139101251794","error":""},"_links":{"self":[{"href":"https:\/\/www.europesays.com\/no\/wp-json\/wp\/v2\/posts\/116817","targetHints":{"allow":["GET"]}}],"collection":[{"href":"https:\/\/www.europesays.com\/no\/wp-json\/wp\/v2\/posts"}],"about":[{"href":"https:\/\/www.europesays.com\/no\/wp-json\/wp\/v2\/types\/post"}],"author":[{"embeddable":true,"href":"https:\/\/www.europesays.com\/no\/wp-json\/wp\/v2\/users\/2"}],"replies":[{"embeddable":true,"href":"https:\/\/www.europesays.com\/no\/wp-json\/wp\/v2\/comments?post=116817"}],"version-history":[{"count":0,"href":"https:\/\/www.europesays.com\/no\/wp-json\/wp\/v2\/posts\/116817\/revisions"}],"wp:featuredmedia":[{"embeddable":true,"href":"https:\/\/www.europesays.com\/no\/wp-json\/wp\/v2\/media\/286"}],"wp:attachment":[{"href":"https:\/\/www.europesays.com\/no\/wp-json\/wp\/v2\/media?parent=116817"}],"wp:term":[{"taxonomy":"category","embeddable":true,"href":"https:\/\/www.europesays.com\/no\/wp-json\/wp\/v2\/categories?post=116817"},{"taxonomy":"post_tag","embeddable":true,"href":"https:\/\/www.europesays.com\/no\/wp-json\/wp\/v2\/tags?post=116817"}],"curies":[{"name":"wp","href":"https:\/\/api.w.org\/{rel}","templated":true}]}}