{"id":116823,"date":"2025-12-18T19:14:17","date_gmt":"2025-12-18T19:14:17","guid":{"rendered":"https:\/\/www.europesays.com\/no\/116823\/"},"modified":"2025-12-18T19:14:17","modified_gmt":"2025-12-18T19:14:17","slug":"na-gar-donald-trump-i-samme-felle-som-joe-biden","status":"publish","type":"post","link":"https:\/\/www.europesays.com\/no\/116823\/","title":{"rendered":"\u2013 N\u00e5 g\u00e5r Donald Trump i samme felle som Joe Biden"},"content":{"rendered":"<p>    Donald Trump gjennomskues n\u00e5 av amerikanske velgere, mener USA-kjenner. \u2013 St\u00f8tten vakler betydelig.<\/p>\n<p>\n        USAs president Donald Trump avbildet under sin tale til nasjonen.<br \/>\n        Foto: Doug Mills via The New York Times \/ AP \/ NTB\n    <\/p>\n<p class=\"kicker tertiary color_mobile_tertiary\" style=\"\">Verden<\/p>\n<p>\u2013 N\u00e5 g\u00e5r Donald Trump i samme felle som Joe Biden gjorde. Biden<br \/>\npr\u00f8vde ogs\u00e5 \u00e5 forklare at inflasjonen var mye bedre enn folk trodde, sier den<br \/>\nsvenske USA-kjenneren Jakob Stenberg til SVTs program <a href=\"https:\/\/www.svtplay.se\/video\/eDvMMw5\/morgonstudion\/idag-06-00\" target=\"_blank\" rel=\"nofollow noopener\">Morgonstudion<\/a>.<\/p>\n<p>For ti \u00e5r startet Stenberg podkasten Kongressen, som gir<br \/>\nlytterne innblikk i amerikansk politikk. Stenberg brukes stadig som<br \/>\nUSA-ekspert i svenske medier.<\/p>\n<p>                <img decoding=\"async\" src=\"https:\/\/www.europesays.com\/no\/wp-content\/uploads\/2025\/12\/10118289.webp\" width=\"480\" height=\"394\" title=\"USA-kjenner Jakob Stenberg.\" alt=\"\" loading=\"lazy\" style=\"\"\/><\/p>\n<p>\n            USA-kjenner Jakob Stenberg.<br \/>\n            Foto: Privat\n        <\/p>\n<p>Han viser til <a href=\"https:\/\/www.dagsavisen.no\/nyheter\/trump-lover-okonomisk-boom-neste-ar\/10116502\" target=\"_blank\" rel=\"nofollow noopener\">Donald Trumps tale\u00a0til nasjonen onsdag<\/a>, der presidenten ga lovnader om kraftig rentekutt og en \u00f8konomisk boom i 2026.<\/p>\n<p>Trumps trumfkort<\/p>\n<p>Stenberg mener Trump h\u00f8rtes mer anstrengt ut enn han pleier<br \/>\ni talen.<\/p>\n<p>\u2013 Trumps trumfkort har alltid v\u00e6rt \u00f8konomien, hvor han har<br \/>\nhatt sterk st\u00f8tte. N\u00e5 vakler den ganske betydelig, mener svensken.<\/p>\n<p>\u00abIt&#8217;s the\u00a0economy,\u00a0stupid\u00bb, sa Bill Clintons<br \/>\nsjefstrateg James Carville i forbindelse med presidentvalget i USA i 1992. Siden<br \/>\nden gang er sitatet hans stadig l\u00f8ftet fram som en p\u00e5minner om hvor viktig<br \/>\n\u00f8konomi er for amerikanske velgere.<\/p>\n<p>I talen onsdag fokuserte Trump p\u00e5 alle feilene han mener<br \/>\nforgjengeren Biden gjorde. Jakob Stenberg tror ikke den sittende presidenten<br \/>\nvil lykkes med den taktikken.<\/p>\n<p>\u2013 Hovedsakelig fordi Trump lovet \u00e5 fikse s\u00e5 mange ting<br \/>\nveldig raskt. Han skulle fikse \u00f8konomien, den skulle snu raskt, og n\u00e5r mange<br \/>\nvelgere ikke f\u00f8ler at det er tilfelle, fungerer det ikke egentlig.<\/p>\n<p>                <img decoding=\"async\" src=\"https:\/\/www.europesays.com\/no\/wp-content\/uploads\/2025\/12\/10118303.webp\" width=\"480\" height=\"322\" title=\"Trumps forgjenger i presidentstolen i USA, Demokratenes Joe Biden.\" alt=\"\" loading=\"lazy\" style=\"\"\/><\/p>\n<p>\n            Trumps forgjenger i presidentstolen i USA, Demokratenes Joe Biden.<br \/>\n            Foto: Tannen Maury \/ AFP \/ NTB\n        <\/p>\n<p> \u00abAlt var pyton under Biden\u00bb <\/p>\n<p>Ogs\u00e5 USA-ekspert Hilmar Mjelde, som er professor i<br \/>\nstatsvitenskap ved H\u00f8gskulen p\u00e5 Vestlandet, er inne p\u00e5 samme poeng. Han mener<br \/>\nTrump er i utakt med folkeopinionen.<\/p>\n<p>                <img decoding=\"async\" src=\"https:\/\/www.europesays.com\/no\/wp-content\/uploads\/2025\/12\/10118314.webp\" width=\"480\" height=\"274\" title=\"Hilmar Mjelde f\u00f8lger USA tett.\" alt=\"\" loading=\"lazy\" style=\"\"\/><\/p>\n<p>\n            Hilmar Mjelde f\u00f8lger USA tett.<br \/>\n            Pressefoto: Mauricio Pavez\n        <\/p>\n<p>\u2013 Trump snakket om at alt var pyton under Biden og at nu g\u00e5r<br \/>\nalt s\u00e5 meget bedre. Det var feil tone, fordi meningsm\u00e5lingene viser tydelig at<br \/>\nfolk flest er misforn\u00f8yde, sier Mjelde til NTB.<\/p>\n<p>Jakob Stenberg har tidligere snakket med Dagsavisen om at<br \/>\n\u00f8konomien spiller en stor rolle inn mot valg i USA.<\/p>\n<p>\u2013 Lommeboka er det viktigste sp\u00f8rsm\u00e5let for amerikanske<br \/>\nvelgere. Hvis ting ikke har snudd til det bedre i \u00f8konomien om et \u00e5rs tid, n\u00e5r<br \/>\npartiene for alvor starter valgkampen opp mot mellomvalget i 2026, vil det gi<br \/>\nDemokratene vind i seilene og et godt utgangspunkt, sa svensken til Dagsavisen<br \/>\ntidligere i \u00e5r.<\/p>\n<p>Nytt valg i horisonten<\/p>\n<p>Trump\u00a0er tydelig irritert over at velgerne ikke er mer<br \/>\nforn\u00f8yd med jobben han gj\u00f8r, mener Hilmar Mjelde. <\/p>\n<p>\u2013\u00a0Han innser at republikanerne ligger an til \u00e5 tape<br \/>\nkongressvalget neste \u00e5r og er tydelig engstelig for det, sier professoren til<br \/>\nNTB.<\/p>\n<p>\u2013 Det fungerer ikke \u00e5 fortelle velgerne at ting er mye bedre<br \/>\nenn de skj\u00f8nner. Det feilet fullstendig for Biden og det kommer til \u00e5 feile<br \/>\nlike mye for\u00a0Trump, tilf\u00f8yer han.<\/p>\n<p class=\"italic m-italic\" data-lab-italic=\"italic\">F\u00e5 nyhetsbrev fra Dagsavisen. Meld deg p\u00e5\u00a0<a href=\"https:\/\/www.dagsavisen.no\/om-dagsavisen\/2023\/12\/20\/fa-daglig-nyhetsbrev\/\" rel=\"nofollow noopener\" target=\"_blank\">her<\/a>!<\/p>\n<p>        <a itemprop=\"url\" class=\"\" href=\"https:\/\/www.dagsavisen.no\/nyheter\/jack-gar-i-jfks-fotspor-et-navn-som-apner-dorer\/10055677\" data-k5a-url=\"https:\/\/www.dagsavisen.no\/a\/10055677\" rel=\"nofollow noopener\" target=\"_blank\"><\/p>\n<p>            \u00abJack\u00bb g\u00e5r i JFKs fotspor: \u2013 Et navn som \u00e5pner d\u00f8rer<\/p>\n<p>        <\/a><\/p>\n","protected":false},"excerpt":{"rendered":"Donald Trump gjennomskues n\u00e5 av amerikanske velgere, mener USA-kjenner. \u2013 St\u00f8tten vakler betydelig. USAs president Donald Trump avbildet&hellip;\n","protected":false},"author":2,"featured_media":116824,"comment_status":"","ping_status":"","sticky":false,"template":"","format":"standard","meta":{"footnotes":""},"categories":[5],"tags":[20,21,24,25,15,19,22,23,17,18,13,30,28,29,14,16,26,27],"class_list":{"0":"post-116823","1":"post","2":"type-post","3":"status-publish","4":"format-standard","5":"has-post-thumbnail","7":"category-overskrifter","8":"tag-breaking-news","9":"tag-breakingnews","10":"tag-featured-news","11":"tag-featurednews","12":"tag-headlines","13":"tag-hovedoppslag","14":"tag-latest-news","15":"tag-latestnews","16":"tag-main-news","17":"tag-mainnews","18":"tag-news","19":"tag-no","20":"tag-norge","21":"tag-norway","22":"tag-nyheter","23":"tag-overskrifter","24":"tag-top-stories","25":"tag-topstories"},"share_on_mastodon":{"url":"https:\/\/pubeurope.com\/@no\/115742170660555357","error":""},"_links":{"self":[{"href":"https:\/\/www.europesays.com\/no\/wp-json\/wp\/v2\/posts\/116823","targetHints":{"allow":["GET"]}}],"collection":[{"href":"https:\/\/www.europesays.com\/no\/wp-json\/wp\/v2\/posts"}],"about":[{"href":"https:\/\/www.europesays.com\/no\/wp-json\/wp\/v2\/types\/post"}],"author":[{"embeddable":true,"href":"https:\/\/www.europesays.com\/no\/wp-json\/wp\/v2\/users\/2"}],"replies":[{"embeddable":true,"href":"https:\/\/www.europesays.com\/no\/wp-json\/wp\/v2\/comments?post=116823"}],"version-history":[{"count":0,"href":"https:\/\/www.europesays.com\/no\/wp-json\/wp\/v2\/posts\/116823\/revisions"}],"wp:featuredmedia":[{"embeddable":true,"href":"https:\/\/www.europesays.com\/no\/wp-json\/wp\/v2\/media\/116824"}],"wp:attachment":[{"href":"https:\/\/www.europesays.com\/no\/wp-json\/wp\/v2\/media?parent=116823"}],"wp:term":[{"taxonomy":"category","embeddable":true,"href":"https:\/\/www.europesays.com\/no\/wp-json\/wp\/v2\/categories?post=116823"},{"taxonomy":"post_tag","embeddable":true,"href":"https:\/\/www.europesays.com\/no\/wp-json\/wp\/v2\/tags?post=116823"}],"curies":[{"name":"wp","href":"https:\/\/api.w.org\/{rel}","templated":true}]}}