{"id":116825,"date":"2025-12-18T19:20:20","date_gmt":"2025-12-18T19:20:20","guid":{"rendered":"https:\/\/www.europesays.com\/no\/116825\/"},"modified":"2025-12-18T19:20:20","modified_gmt":"2025-12-18T19:20:20","slug":"influensa-barnehage-influensa-og-omgangssyke-herjer-40-barn-i-en-barnehage-borte","status":"publish","type":"post","link":"https:\/\/www.europesays.com\/no\/116825\/","title":{"rendered":"Influensa, Barnehage | Influensa og omgangssyke herjer: 40 barn i \u00e9n barnehage borte"},"content":{"rendered":"\n<p>(<a href=\"https:\/\/www.an.no\/influensa-og-omgangssyke-herjer-40-barn-i-n-barnehage-borte\/s\/5-4-2296214\" rel=\"Follow nofollow noopener\" target=\"_blank\">Avisa Nordland<\/a>): Onsdag i forrige uke skrev Avisa Nordland at influensasesongen herjer b\u00e5de nasjonalt og lokalt. Smittevernoverlege i Bod\u00f8, Ole Fredrik Linnemann Andorsen, meldte om en markant \u00f8kning i influensavirus i byen.<\/p>\n<p>\u2013 Vi ser n\u00e5 en \u00f8kning i influensavirus i Bod\u00f8. Samtidig ser vi at andre virus, som har v\u00e6rt til stede i h\u00f8st, er avtakende. Det er alts\u00e5 influensavirus som dominerer, og denne \u00f8kningen er ventet sammenlignet med det man har sett i resten av landet de siste ukene, skrev Linnemann Andorsen i en e-post til Avisa Nordland.<\/p>\n<p>Tirsdag ble det sendt ut ei melding til foresatte ved Norlandia Vollen naturbarnehage.<\/p>\n<p>\u2013 Vi st\u00e5r dessverre i en utfordrende situasjon med h\u00f8y sykdomsfrav\u00e6r i barnehagen. Per i dag er sju ansatte og 40 barn hjemme p\u00e5 grunn av omgangssyke og influensa. For \u00e5 redusere smitte og gi alle mulighet til \u00e5 feire jul friske, ber vi om deres samarbeid, var meldingen fra daglig leder Christine Klette-Brunv\u00e6r.<\/p>\n<p><b>Les ogs\u00e5: <a href=\"https:\/\/www.nettavisen.no\/nyheter\/her-er-100-barn-borte-fra-skolen\/s\/5-95-2781236\" rel=\"Follow nofollow noopener\" target=\"_blank\">Her er 100 barn borte fra skolen<\/a><\/b><\/p>\n<p>Tok grep<\/p>\n<p>Hun lister s\u00e5 en rekke tiltak, tiltak som \u00e5 holde s\u00f8sken borte fra dersom det oppst\u00e5r omgangssyke i husstanden og at barn skal v\u00e6re hjemme i minimum 48 timer etter at siste oppkast eller l\u00f8s avf\u00f8ring.<\/p>\n<p> \u2013 Vi som er p\u00e5 jobb gj\u00f8r v\u00e5rt ytterste for \u00e5 begrense smitte ved \u00e5 vaske opp oppkast, gjennomf\u00f8re grundig rengj\u00f8ring av avdelinger, leker og pr\u00f8ver v\u00e6re s\u00e5 mye som mulig ute. Bemanningen vurderes fortl\u00f8pende fra dag til dag ut fra barnetall og eventuell sykdom blant personalet, fortsatte meldingen.<\/p>\n<p>Til Avisa Nordland sier hun at som under covid-b\u00f8lgen er begrensing av smitte viktig og n\u00f8dvendige tiltak som vi er avhengig av samarbeid rundt.<\/p>\n<p>\u2013 Jeg opplever at foreldregruppen stort sett har forst\u00e5else for dette selv om det selvsagt ubeleilig \u00e5 holde barn hjemme n\u00e5r smittetrykket er s\u00e5 stort som n\u00e5, sier hun.<\/p>\n<p>Hun legger til at deres kompetanse, samt r\u00e5d fra Folkehelseinstituttet og kommuneoverlege tilsier likevel at dette er n\u00f8dvendige tiltak slik situasjonen er n\u00e5.<\/p>\n<p>\u2013 Forh\u00e5pentligvis slipper vi da re-smitte og et forlenget smitteutbrudd blant barn og ansatte, sier den daglige lederen.<\/p>\n<p><b>Les ogs\u00e5: <a href=\"https:\/\/www.nettavisen.no\/nyheter\/fhi-advarer-om-at-influensaforekomsten-oker-i-norge\/s\/5-95-2775073\" rel=\"Follow nofollow noopener\" target=\"_blank\">FHI advarer: \u2013 Smittetoppen kan komme f\u00f8r jul<\/a><\/b><\/p>\n<p>Tips og r\u00e5d<\/p>\n<p>Smittevernoverlegen uttalte til Avisa Nordland at \u00f8kningen sist onsdag er s\u00e5pass markant sammenlignet med det niv\u00e5et som har v\u00e6rt de siste ukene, at man m\u00e5 legge til grunn at sesongen for influensa er i gang ogs\u00e5 i Bod\u00f8.<\/p>\n<p>\u2013 Det er vanskelig \u00e5 si noe om n\u00e5r smitten vil v\u00e6re p\u00e5 topp her lokalt, men erfaringene fra landet for \u00f8vrig er at smitten \u00f8ker sv\u00e6rt raskt, uttalte han.<\/p>\n<p>Her er Linnemann Andorsen r\u00e5d dersom man har v\u00e6rt uheldig og blitt rammet av influensa:<\/p>\n<ul>\n<li>Hvis man f\u00f8rst har blitt syk er det lurt \u00e5 ha god h\u00e5ndhygiene og holde hendene rene for \u00e5 begrense smitte til andre. Bruk s\u00e5pe og vann eller alkoholbasert h\u00e5nddesinfeksjonsmiddel. <\/li>\n<li>Bruk papirlommet\u00f8rkle eller albukroken n\u00e5r du hoster eller nyser. Kast lommet\u00f8rkleet, og vask hendene etterp\u00e5. <\/li>\n<li>Hold deg hjemme hvis du er syk eller har nyoppst\u00e5tte luftveissymptomer (feber, hoste, tungpustethet, hodepine, slapphet, muskelverk, s\u00e5r hals med mer). <\/li>\n<li>Reduser omgangen med andre til du f\u00f8ler deg frisk igjen, spesielt personer med risiko for \u00e5 f\u00e5 komplikasjoner som f\u00f8lge av influensa. <\/li>\n<li>Dersom du er bekymret ta kontakt med fastlege eller legevakt.<\/li>\n<\/ul>\n","protected":false},"excerpt":{"rendered":"(Avisa Nordland): Onsdag i forrige uke skrev Avisa Nordland at influensasesongen herjer b\u00e5de nasjonalt og lokalt. Smittevernoverlege i&hellip;\n","protected":false},"author":2,"featured_media":116826,"comment_status":"","ping_status":"","sticky":false,"template":"","format":"standard","meta":{"footnotes":""},"categories":[10],"tags":[20,21,24,25,15,22,23,13,30,28,29,14,16,26,27],"class_list":{"0":"post-116825","1":"post","2":"type-post","3":"status-publish","4":"format-standard","5":"has-post-thumbnail","7":"category-norge","8":"tag-breaking-news","9":"tag-breakingnews","10":"tag-featured-news","11":"tag-featurednews","12":"tag-headlines","13":"tag-latest-news","14":"tag-latestnews","15":"tag-news","16":"tag-no","17":"tag-norge","18":"tag-norway","19":"tag-nyheter","20":"tag-overskrifter","21":"tag-top-stories","22":"tag-topstories"},"share_on_mastodon":{"url":"https:\/\/pubeurope.com\/@no\/115742194136012635","error":""},"_links":{"self":[{"href":"https:\/\/www.europesays.com\/no\/wp-json\/wp\/v2\/posts\/116825","targetHints":{"allow":["GET"]}}],"collection":[{"href":"https:\/\/www.europesays.com\/no\/wp-json\/wp\/v2\/posts"}],"about":[{"href":"https:\/\/www.europesays.com\/no\/wp-json\/wp\/v2\/types\/post"}],"author":[{"embeddable":true,"href":"https:\/\/www.europesays.com\/no\/wp-json\/wp\/v2\/users\/2"}],"replies":[{"embeddable":true,"href":"https:\/\/www.europesays.com\/no\/wp-json\/wp\/v2\/comments?post=116825"}],"version-history":[{"count":0,"href":"https:\/\/www.europesays.com\/no\/wp-json\/wp\/v2\/posts\/116825\/revisions"}],"wp:featuredmedia":[{"embeddable":true,"href":"https:\/\/www.europesays.com\/no\/wp-json\/wp\/v2\/media\/116826"}],"wp:attachment":[{"href":"https:\/\/www.europesays.com\/no\/wp-json\/wp\/v2\/media?parent=116825"}],"wp:term":[{"taxonomy":"category","embeddable":true,"href":"https:\/\/www.europesays.com\/no\/wp-json\/wp\/v2\/categories?post=116825"},{"taxonomy":"post_tag","embeddable":true,"href":"https:\/\/www.europesays.com\/no\/wp-json\/wp\/v2\/tags?post=116825"}],"curies":[{"name":"wp","href":"https:\/\/api.w.org\/{rel}","templated":true}]}}