{"id":116828,"date":"2025-12-18T19:28:19","date_gmt":"2025-12-18T19:28:19","guid":{"rendered":"https:\/\/www.europesays.com\/no\/116828\/"},"modified":"2025-12-18T19:28:19","modified_gmt":"2025-12-18T19:28:19","slug":"gjovik-vestre-toten-og-ostre-toten-vurderer-a-sla-seg-saman-nrk-innlandet-lokale-nyheter-tv-og-radio","status":"publish","type":"post","link":"https:\/\/www.europesays.com\/no\/116828\/","title":{"rendered":"Gj\u00f8vik, Vestre Toten og \u00d8stre Toten vurderer \u00e5 sl\u00e5 seg saman \u2013 NRK Innlandet \u2013 Lokale nyheter, TV og radio"},"content":{"rendered":"<p>Dei tre kommunane Gj\u00f8vik, \u00d8stre Toten og Vestre Toten har bestemt seg for \u00e5 g\u00e5 vidare med planane om ei <a href=\"https:\/\/www.nrk.no\/innlandet\/kommunesammenslaing-pa-toten-1.17698018\" ec-id=\"pp:article:1.17698018\" ec-name=\"kommunesamansl\u00e5ing fr\u00e5 1. januar 2028\" rel=\"nofollow noopener\" target=\"_blank\">kommunesamansl\u00e5ing fr\u00e5 1. januar 2028<\/a>.<\/p>\n<p>Det blei klart etter at kommunane onsdag og torsdag har halde kommunestyrem\u00f8te.<\/p>\n<p>Kommunane har lenge vore i dialog om \u00e5 bli til ei storkommune. Dei er komen til \u00abFase 2\u00bb. I desse dagar har temaet i kommunane vore om dei skal vidare til tredje fase som mellom anna inneber folkeavstemmingar.<\/p>\n<p><strong>No har alle tre kommunane stemt for \u00e5 halde fram med utgreiingane. Men det var ikkje heilt utan motstand.<\/strong><\/p>\n<p><img decoding=\"async\"   src=\"data:image\/gif;base64,R0lGODlhAQABAIAAAAAAAP\/\/\/yH5BAEAAAAALAAAAAABAAEAAAIBRAA7\" loading=\"eager\" alt=\"Bror Helgestad, SP (\u00d8stre Toten) Anne Bjertn\u00e6s, H (Gj\u00f8vik) Tonje Bergum Jahr , AP(Vestre Toten)\" title=\"Foto: Terje Gording Hong \/ NRK\"\/><\/p>\n<p class=\"\">Ordf\u00f8rar i \u00d8stre Toten, Bror Helgestad (Sp), ordf\u00f8rar i Gj\u00f8vik, Anne Bjertn\u00e6s (H) og ordf\u00f8rar i Vestre Toten, Tonje Bergum Jahr (Ap) under eit folkem\u00f8te hausten 2025.<\/p>\n<p>Foto: Terje Gording Hong \/ NRK<\/p>\n<p>Ville utsette saka<\/p>\n<p>Sist ut om \u00e5 bestemme seg var Vestre Toten som hadde sitt kommunestyrem\u00f8te torsdag. Arbeidarpartiet kom med forslag om \u00e5 utsette neste fase til etter kommune- og fylkestingsvalet i 2027.<\/p>\n<p>Stian Pettersbakken, som er gruppeleiar for Ap i kommunen seier dei meiner det er for d\u00e5rleg tid b\u00e5de for innbyggarane og politikarane.<\/p>\n<p>\u2013 Prosessen er altfor ambisi\u00f8s, og tilbakemeldingane i alle samanhengar i prosessen har s\u00e5 langt vore at vi har for d\u00e5rleg tid.<\/p>\n<p>Han seier han er b\u00e5de skuffa og overraska over at kommunestyret likevel kom fram til \u00e5 halde fram til neste fase.\n<\/p>\n<p><img decoding=\"async\"   src=\"data:image\/gif;base64,R0lGODlhAQABAIAAAAAAAP\/\/\/yH5BAEAAAAALAAAAAABAAEAAAIBRAA7\" loading=\"eager\" alt=\"To personer sitter ved et m\u00f8tebord med en datamaskin og notater foran seg. Den ene personen holder et papir og ser mot mikrofonen, mens den andre skriver p\u00e5 en notatblokk. I bakgrunnen finnes en skjerm, og omgivelsene har trepaneler. Det er ogs\u00e5 en kopp og en flaske med drikke p\u00e5 bordet. (Bildebeskrivelsen er laget av en KI-tjeneste)\" title=\"Foto: Knut R\u00f8srud \/ NRK\"\/><\/p>\n<p class=\"\">Ordf\u00f8rar i Vestre Toten, Tonje Bergum Jahr (Ap).<\/p>\n<p>Foto: Knut R\u00f8srud \/ NRK<\/p>\n<p>Partiet fekk kritikk for \u00e5 ville utsette, mellom anna fr\u00e5 Svein Erik S\u00f8rensen i Frp. Arbeidarpartiordf\u00f8rar Tonje Bergum Jahr svara fr\u00e5 talarstolen at kommunen m\u00e5 gjere sine eigne sj\u00f8lvstendige val, sj\u00f8lv om dei to andre kommunane hadde vedteke \u00e5 halde fram<\/p>\n<p><strong>19 stemde for og 12 mot \u00e5 g\u00e5 vidare til fase 3. Berre Raudt og Arbeidarpartiet stemte mot.<\/strong><\/p>\n<p>Meiner det ville stoppa heile prosessen<\/p>\n<p>Ahmed Haruun er gruppeleiar for SV. Han seier gruppa har vore delt. Men han meiner sj\u00f8lv det er rett \u00e5 g\u00e5 vidare til s\u00e5kalla \u00abFase 3\u00bb, for \u00e5 finne ut kva fordeler det kan ha \u00e5 sl\u00e5 seg saman.<\/p>\n<p>\u2013 Eg tenker at dette er veldig viktig for oss, ogs\u00e5 viktig for meg som kommunestyrerepresentant. Vi har krevjande kommune\u00f8konomi, og s\u00e5 er det auka krav til kompetanse, rekruttering og robuste tenester, seier Haruun.<\/p>\n<p><img decoding=\"async\"   src=\"data:image\/gif;base64,R0lGODlhAQABAIAAAAAAAP\/\/\/yH5BAEAAAAALAAAAAABAAEAAAIBRAA7\" loading=\"eager\" alt=\"Ahmed Haruun Ali (SV) og Dorte \u00d8degaard Benckert (Sp)\" title=\"Foto: Knut Erik R\u00f8srud \/ NRK\"\/><\/p>\n<p class=\"\">Ahmed Haruun Ali (SV) og Dorte \u00d8degaard Benckert (Sp) under behandlinga torsdag i Vestre Toten.<\/p>\n<p>Foto: Knut Erik R\u00f8srud \/ NRK<\/p>\n<p>Han var ikkje einige i \u00e5 utsette det heile d\u00e5 dei allereie er i ein prosess.<\/p>\n<p>Senterpartiet meiner ogs\u00e5 det er viktig \u00e5 halde fram med unders\u00f8kingane. Dorthe \u00d8deg\u00e5rd Benckert, som er gruppeleiar i Sp seier \u00e5 utsette prosessen ville vore \u00e5 stoppe den.<\/p>\n<p>\u2013 Vi \u00f8nsker eit breitt grunnlag for \u00e5 g\u00e5 inn i ein folkeavstemming med breiast mogleg kunnskap om avgjerda som kan takast.<\/p>\n<p>Usemje ogs\u00e5 i dei andre kommunane<\/p>\n<p>Ogs\u00e5 i Gj\u00f8vik var det motstand. Der kom det forslag om \u00e5 stoppe prosessen. Hans Olav Lahlum i SV kom med forslaget, men fekk berre st\u00f8tte fr\u00e5 6 mot 34 stemmer.<\/p>\n<p>\u2013 Vi meiner ein b\u00f8r avslutte prosessen utan \u00e5 bruke meir tid og pengar p\u00e5 dette, sa Hans Olav Lahlum i SV da saka blei behandla i Gj\u00f8vik.<\/p>\n<p><strong>Der enda det med at 34 stemte for \u00e5 g\u00e5 til fase 3 og berre 6 var imot.<\/strong><\/p>\n<p>Splittinga var stor i \u00d8stre Toten. 16 mot 13 stemmer avgjorde at dei ville g\u00e5 vidare i prosessen.<\/p>\n<p>No ser ordf\u00f8rar Anne Bjertn\u00e6s (H) i Gj\u00f8vik fram til \u00e5 sette seg rundt forhandlingsbordet med naboane.<\/p>\n<p>\u2013 Det er nokre ting vi er n\u00f8ydde til \u00e5 ta stilling til, som: namn p\u00e5 kommunen, politisk styring og viktige m\u00e5lsettingar for den framtidige kommunen, seier ho til NRK.\n<\/p>\n<p><img decoding=\"async\"   src=\"data:image\/gif;base64,R0lGODlhAQABAIAAAAAAAP\/\/\/yH5BAEAAAAALAAAAAABAAEAAAIBRAA7\" loading=\"eager\" alt=\"En kvinne st\u00e5r foran en m\u00f8tegulv i et rom med lys trepanel og moderne m\u00f8bler. Bak henne er det et langt bord med flere stoler og datamaskiner, hvor noen personer er opptatt med \u00e5 arbeide. Rommet er utstyrt med en stor skjerm p\u00e5 veggen, og det er en tilfredsstillende atmosf\u00e6re av formell aktivitet. Kvinnen har p\u00e5 seg en svart bluse med dekorative detaljer. (Bildebeskrivelsen er laget av en KI-tjeneste)\" title=\"Foto: Frode Meskau \/ NRK\"\/><\/p>\n<p class=\"\">Ordf\u00f8rar i Gj\u00f8vik, Anne Bjertn\u00e6s (H).<\/p>\n<p>Foto: Frode Meskau \/ NRK<\/p>\n<p>Bjertn\u00e6s meiner ei samansl\u00e5ing vil gjere regionen langt meir attraktiv \u00e5 jobbe i, og f\u00e5r st\u00f8tte fr\u00e5 ordf\u00f8rar i \u00d8stre Toten, Bror Helgestad (Sp).<\/p>\n<p>\u2013 Vi kan bli ein meir attraktiv region. Ein samla kommune vil ha st\u00f8rre tyngde i kampen om arbeidsplassar, investeringar til veg og statlege midlar til ulike form\u00e5l, sa Helgestad under kommunestyrem\u00f8tet onsdag.\n<\/p>\n<p>        Kva meiner du den nye kommunen b\u00f8r heite?<\/p>\n<p>        Gj\u00f8vik kommune<\/p>\n<p>        Stor Gj\u00f8vik kommune<\/p>\n<p>        Toten kommune<\/p>\n<p>        Vestoppland kommune<\/p>\n<p>        Raufoss kommune<\/p>\n<p>        Noe annet\/vet ikke<\/p>\n<p>      Vis resultat<\/p>\n<p class=\"pin-nrkno-poll__disclaimer\">\n    Denne avstemningen viser ikke hva befolkningen mener om sp\u00f8rsm\u00e5let.<br \/>\n    Resultatet viser hva de som selv har valgt \u00e5 stemme mener,<br \/>\n    og avstemningen har ikke et utvalg som gj\u00f8r den representativ for alle som bor i landet.\n  <\/p>\n<p>Forhandlingar og folkeavstemming<\/p>\n<p>Dei tre kommunane skal no sete seg rundt forhandlingsbordet for \u00e5 bli samde om ein intensjonsavtale. Denne avtalen skal vera ferdig innan utgangen av januar 2026.<\/p>\n<p>28. februar skal dei tre kommunestyra behandla og vedta intensjonsavtalen.<\/p>\n<p>Blir intensjonsavtalen vedteken, skal ei r\u00e5dgivande folkeavstemming haldast i dei tre kommunane, f\u00f8r eit eventuelt endeleg vedtak om samansl\u00e5ing finn stad 31. mai 2026.<\/p>\n<p><img decoding=\"async\"   src=\"data:image\/gif;base64,R0lGODlhAQABAIAAAAAAAP\/\/\/yH5BAEAAAAALAAAAAABAAEAAAIBRAA7\" loading=\"eager\" alt=\"en person som st\u00e5r foran en rad med kl\u00e6r p\u00e5 et stativ\" title=\"Foto: Gorm Kallestad \/ NTB\"\/><\/p>\n<p class=\"\">V\u00e5ren 2026 kan det bli halde val i dei tre kommunane for om ein skal sl\u00e5 seg saman, eller ikkje.<\/p>\n<p>Foto: Gorm Kallestad \/ NTB<\/p>\n<p>Publisert<\/p>\n<p>18.12.2025, kl. 13.56<\/p>\n<p>Oppdatert<\/p>\n<p>18.12.2025, kl. 18.12<\/p>\n","protected":false},"excerpt":{"rendered":"Dei tre kommunane Gj\u00f8vik, \u00d8stre Toten og Vestre Toten har bestemt seg for \u00e5 g\u00e5 vidare med planane&hellip;\n","protected":false},"author":2,"featured_media":116829,"comment_status":"","ping_status":"","sticky":false,"template":"","format":"standard","meta":{"footnotes":""},"categories":[10],"tags":[20,21,24,25,15,22,23,13,30,28,29,14,16,26,27],"class_list":{"0":"post-116828","1":"post","2":"type-post","3":"status-publish","4":"format-standard","5":"has-post-thumbnail","7":"category-norge","8":"tag-breaking-news","9":"tag-breakingnews","10":"tag-featured-news","11":"tag-featurednews","12":"tag-headlines","13":"tag-latest-news","14":"tag-latestnews","15":"tag-news","16":"tag-no","17":"tag-norge","18":"tag-norway","19":"tag-nyheter","20":"tag-overskrifter","21":"tag-top-stories","22":"tag-topstories"},"share_on_mastodon":{"url":"https:\/\/pubeurope.com\/@no\/115742225432782464","error":""},"_links":{"self":[{"href":"https:\/\/www.europesays.com\/no\/wp-json\/wp\/v2\/posts\/116828","targetHints":{"allow":["GET"]}}],"collection":[{"href":"https:\/\/www.europesays.com\/no\/wp-json\/wp\/v2\/posts"}],"about":[{"href":"https:\/\/www.europesays.com\/no\/wp-json\/wp\/v2\/types\/post"}],"author":[{"embeddable":true,"href":"https:\/\/www.europesays.com\/no\/wp-json\/wp\/v2\/users\/2"}],"replies":[{"embeddable":true,"href":"https:\/\/www.europesays.com\/no\/wp-json\/wp\/v2\/comments?post=116828"}],"version-history":[{"count":0,"href":"https:\/\/www.europesays.com\/no\/wp-json\/wp\/v2\/posts\/116828\/revisions"}],"wp:featuredmedia":[{"embeddable":true,"href":"https:\/\/www.europesays.com\/no\/wp-json\/wp\/v2\/media\/116829"}],"wp:attachment":[{"href":"https:\/\/www.europesays.com\/no\/wp-json\/wp\/v2\/media?parent=116828"}],"wp:term":[{"taxonomy":"category","embeddable":true,"href":"https:\/\/www.europesays.com\/no\/wp-json\/wp\/v2\/categories?post=116828"},{"taxonomy":"post_tag","embeddable":true,"href":"https:\/\/www.europesays.com\/no\/wp-json\/wp\/v2\/tags?post=116828"}],"curies":[{"name":"wp","href":"https:\/\/api.w.org\/{rel}","templated":true}]}}