{"id":116832,"date":"2025-12-18T19:36:10","date_gmt":"2025-12-18T19:36:10","guid":{"rendered":"https:\/\/www.europesays.com\/no\/116832\/"},"modified":"2025-12-18T19:36:10","modified_gmt":"2025-12-18T19:36:10","slug":"wiz-khalifa-domt-til-ni-maneder-i-fengsel-i-romania","status":"publish","type":"post","link":"https:\/\/www.europesays.com\/no\/116832\/","title":{"rendered":"Wiz Khalifa d\u00f8mt til ni m\u00e5neder i fengsel i Romania"},"content":{"rendered":"\n<p class=\"_lead_o9xde_2 _lead_xtcu6_50 layout-component text-serif-m layout-normal text-serif-l layout-component layout-wide layout-padded _wide_17hqh_1 layout-padded\">Den amerikanske rapperen Wiz Khalifa er d\u00f8mt til ni m\u00e5neder i fengsel i Romania for besittelse av narkotika.<\/p>\n<p><img alt=\"Rapperen Wiz Khalifa er d\u00f8mt til ni m\u00e5neder i fengsel i Romania.  Foto: Chris Pizzello \/ AP \/ NTB\" class=\"_image_qp4xg_65 layout-component layout-wide\" data-fullscreen- data-track-element-type=\"Article image fullscreen\" data-track-name=\"ImageFullscreen\" fetchpriority=\"high\" decoding=\"sync\" loading=\"eager\" height=\"3613\" itemprop=\"image\"  src=\"https:\/\/www.europesays.com\/no\/wp-content\/uploads\/2025\/12\/b09202f6-15cf-4d6b-b573-f87cda90e208\"  style=\"object-position:0% 0%\" width=\"5420\"\/>Rapperen Wiz Khalifa er d\u00f8mt til ni m\u00e5neder i fengsel i Romania.  Foto: Chris Pizzello \/ AP \/ NTB<\/p>\n<ul aria-hidden=\"true\" class=\"_images_ntbth_112\">\n<li><a class=\"_link_ntbth_117\" href=\"https:\/\/www.vg.no\/forfatter\/ntb\" style=\"z-index:1\" title=\"NTB\" rel=\"nofollow noopener\" target=\"_blank\"><img alt=\"Bilde av NTB\" class=\"_image_ntbth_93\" fetchpriority=\"low\" loading=\"lazy\" decoding=\"async\" itemprop=\"image\"  src=\"https:\/\/www.europesays.com\/no\/wp-content\/uploads\/2025\/12\/1766086570_308_c33980b0-5d07-4027-84a1-813f90a7c8d6\"  width=\"480\"\/><\/a><\/li>\n<\/ul>\n<p> Oppdatert torsdag 18. desember kl. 20:15     <\/p>\n<p class=\"_paragraph_o9xde_4 _paragraph_xtcu6_10 layout-component text-serif-m layout-normal text-serif-m layout-padded\">Khalifa, som egentlig heter Cameron Jibril Thomaz, ble stanset av rumensk politi i juli 2024 etter \u00e5 ha r\u00f8ykte cannabis p\u00e5 scenen under en festivalopptreden i strandbyen Costinesti. Han ble s\u00e5 funnet med mer enn 18 gram cannabis p\u00e5 seg.<\/p>\n<p class=\"_paragraph_o9xde_4 _paragraph_xtcu6_10 layout-component text-serif-m layout-normal text-serif-m layout-padded\">Rapperen ble f\u00f8rst d\u00f8mt til \u00e5 betale en bot p\u00e5 rundt 830 dollar, men p\u00e5talemyndigheten anket den dommen. Torsdagens dom kan imidlertid ikke ankes, skriver det rumenske nyhetsbyr\u00e5et Agerpres.<\/p>\n<p class=\"_paragraph_o9xde_4 _paragraph_xtcu6_10 layout-component text-serif-m layout-normal text-serif-m layout-padded\">Det er uklart om rumenske myndigheter vil fors\u00f8ke \u00e5 f\u00e5 Khalifa utlevert fra USA, der han bor.<\/p>\n","protected":false},"excerpt":{"rendered":"Den amerikanske rapperen Wiz Khalifa er d\u00f8mt til ni m\u00e5neder i fengsel i Romania for besittelse av narkotika.&hellip;\n","protected":false},"author":2,"featured_media":116833,"comment_status":"","ping_status":"","sticky":false,"template":"","format":"standard","meta":{"footnotes":""},"categories":[5],"tags":[20,21,915,24,25,15,19,22,23,17,18,13,30,28,29,14,16,8603,26,27,14092],"class_list":{"0":"post-116832","1":"post","2":"type-post","3":"status-publish","4":"format-standard","5":"has-post-thumbnail","7":"category-overskrifter","8":"tag-breaking-news","9":"tag-breakingnews","10":"tag-cannabis","11":"tag-featured-news","12":"tag-featurednews","13":"tag-headlines","14":"tag-hovedoppslag","15":"tag-latest-news","16":"tag-latestnews","17":"tag-main-news","18":"tag-mainnews","19":"tag-news","20":"tag-no","21":"tag-norge","22":"tag-norway","23":"tag-nyheter","24":"tag-overskrifter","25":"tag-romania","26":"tag-top-stories","27":"tag-topstories","28":"tag-wiz-khalifa"},"share_on_mastodon":{"url":"https:\/\/pubeurope.com\/@no\/115742256907730513","error":""},"_links":{"self":[{"href":"https:\/\/www.europesays.com\/no\/wp-json\/wp\/v2\/posts\/116832","targetHints":{"allow":["GET"]}}],"collection":[{"href":"https:\/\/www.europesays.com\/no\/wp-json\/wp\/v2\/posts"}],"about":[{"href":"https:\/\/www.europesays.com\/no\/wp-json\/wp\/v2\/types\/post"}],"author":[{"embeddable":true,"href":"https:\/\/www.europesays.com\/no\/wp-json\/wp\/v2\/users\/2"}],"replies":[{"embeddable":true,"href":"https:\/\/www.europesays.com\/no\/wp-json\/wp\/v2\/comments?post=116832"}],"version-history":[{"count":0,"href":"https:\/\/www.europesays.com\/no\/wp-json\/wp\/v2\/posts\/116832\/revisions"}],"wp:featuredmedia":[{"embeddable":true,"href":"https:\/\/www.europesays.com\/no\/wp-json\/wp\/v2\/media\/116833"}],"wp:attachment":[{"href":"https:\/\/www.europesays.com\/no\/wp-json\/wp\/v2\/media?parent=116832"}],"wp:term":[{"taxonomy":"category","embeddable":true,"href":"https:\/\/www.europesays.com\/no\/wp-json\/wp\/v2\/categories?post=116832"},{"taxonomy":"post_tag","embeddable":true,"href":"https:\/\/www.europesays.com\/no\/wp-json\/wp\/v2\/tags?post=116832"}],"curies":[{"name":"wp","href":"https:\/\/api.w.org\/{rel}","templated":true}]}}