{"id":116834,"date":"2025-12-18T19:42:09","date_gmt":"2025-12-18T19:42:09","guid":{"rendered":"https:\/\/www.europesays.com\/no\/116834\/"},"modified":"2025-12-18T19:42:09","modified_gmt":"2025-12-18T19:42:09","slug":"ber-helse-midt-norge-ta-grep-smp-no","status":"publish","type":"post","link":"https:\/\/www.europesays.com\/no\/116834\/","title":{"rendered":"Ber Helse Midt-Norge ta grep &#8211; smp.no"},"content":{"rendered":"<ol>\n<li><a href=\"https:\/\/news.google.com\/rss\/articles\/CBMickFVX3lxTE9JNVZoV09vdDJiY0Y1bkRkMW5kWU44eUIyRlcxcjEzdlRDWDhvcGRuaXVYaWRnQXR6Z01IY1RsclNZcDBUdmZyRVl6bjg3Nk5WMFJvenN0bFdJMVBjeXJkX1JMeUs0V055LWYzTEljbkVlZw?oc=5\" target=\"_blank\" rel=\"nofollow noopener\">Ber Helse Midt-Norge ta grep<\/a>&nbsp;&nbsp;smp.no<\/li>\n<li><a href=\"https:\/\/news.google.com\/rss\/articles\/CBMimAFBVV95cUxQTEVla0taQ052NjlLdE5jek5sNDdPYldRUFk4RHVRVHo0ZExMSnE0SnB3TW5JSlNXc2JfWG1mZlVvOW5HR1ptSjItM0hEX2txOGNCa0tmaFFscXdRT1FVWm1lTXJ2WXNDX2pjcmpoVlpVV3Q4VDBLaGZYTG92VGM1ZmV2Z25DVUV5Szc1ekJGNG4tNHRDRkFSLQ?oc=5\" target=\"_blank\" rel=\"nofollow noopener\">Sa det rett ut<\/a>&nbsp;&nbsp;smp.no<\/li>\n<li><a href=\"https:\/\/news.google.com\/rss\/articles\/CBMixAFBVV95cUxNei1aQVNWOVdmb1lsZFVwbm1CVl82QUpCWnNKV0VCZmEtS2lxQmluTlVSazQ1R0ZrQ0tTV2Q1bnBtTTVWWndhaEJ1a0U3S0kyMjhFaThsZGItRm5uM2pxQ0NVZ1J5VEhLZWdBRWhPOUthUmJpdTFxQldNcDNpYm1mY0lWODRPdlBpUm1FRUhLVnhaUFpxQ1VPQkFmS20zV0VBUG1DX2IzSVhzYkN3N212cE9rNC00eHlocVpJQkdSYVAzUTNo?oc=5\" target=\"_blank\" rel=\"nofollow noopener\">Helsef\u00f8retaket m\u00e5 kutte 410 millionar &#8211; tilsette fryktar at det g\u00e5r ut over pasientane<\/a>&nbsp;&nbsp;NRK<\/li>\n<li><a href=\"https:\/\/news.google.com\/rss\/articles\/CBMijgFBVV95cUxOLXFEWElDZExaNklvTHhmaWpRUEh2ZXAwdHVuMnZZaUxTU3RqXzVZLUNfOUxiZVU5eEJ6WjFSWnJzakhIT09PNkwtQXdfd0xCOWdrU2EwQm1jMUMybmxSMGRySFNPZGtJcUF5cnVPS0EtSU4td0c3bFV0UGhWZXdnRG9ZX2JsN2gtSWd1bURn?oc=5\" target=\"_blank\" rel=\"nofollow noopener\">Varsel om mulige kutt i ambulanse og sengeplasser \u2013 se budsjettm\u00f8tet i opptak<\/a>&nbsp;&nbsp;rbnett.no<\/li>\n<li><a href=\"https:\/\/news.google.com\/rss\/articles\/CBMirgFBVV95cUxNUlM5enVnUmpXRHFKTjVYREtKNEtPLUpMdTNTZnFyV2xCX0xTYXEzZ3Nwem1adkpvZTlkdEFJcmRhZG5Sb3NHcUJ4R0lUMF9BakdRYk9RR1VQVDhBQ3R3LXZhZ2hqcVBLSDdoTVZrMkJ1NU1xczF5aUxhOTdkUVlhNU5xQmQ1eDNPSDZxX3oyZnNpS3FQU3lqcDlwcUI1VWFSQm53WW91UWJyQ3JlSUE?oc=5\" target=\"_blank\" rel=\"nofollow noopener\">(+) M\u00e5 kutte 410 millioner: \u2013 Det mest krevende budsjettet i foretakets historie<\/a>&nbsp;&nbsp;Dagens Medisin<\/li>\n<\/ol>\n","protected":false},"excerpt":{"rendered":"Ber Helse Midt-Norge ta grep&nbsp;&nbsp;smp.no Sa det rett ut&nbsp;&nbsp;smp.no Helsef\u00f8retaket m\u00e5 kutte 410 millionar &#8211; tilsette fryktar at&hellip;\n","protected":false},"author":2,"featured_media":116835,"comment_status":"","ping_status":"","sticky":false,"template":"","format":"standard","meta":{"footnotes":""},"categories":[10],"tags":[20,21,24,25,15,22,23,13,30,28,29,14,16,26,27],"class_list":{"0":"post-116834","1":"post","2":"type-post","3":"status-publish","4":"format-standard","5":"has-post-thumbnail","7":"category-norge","8":"tag-breaking-news","9":"tag-breakingnews","10":"tag-featured-news","11":"tag-featurednews","12":"tag-headlines","13":"tag-latest-news","14":"tag-latestnews","15":"tag-news","16":"tag-no","17":"tag-norge","18":"tag-norway","19":"tag-nyheter","20":"tag-overskrifter","21":"tag-top-stories","22":"tag-topstories"},"share_on_mastodon":{"url":"https:\/\/pubeurope.com\/@no\/115742280883230421","error":""},"_links":{"self":[{"href":"https:\/\/www.europesays.com\/no\/wp-json\/wp\/v2\/posts\/116834","targetHints":{"allow":["GET"]}}],"collection":[{"href":"https:\/\/www.europesays.com\/no\/wp-json\/wp\/v2\/posts"}],"about":[{"href":"https:\/\/www.europesays.com\/no\/wp-json\/wp\/v2\/types\/post"}],"author":[{"embeddable":true,"href":"https:\/\/www.europesays.com\/no\/wp-json\/wp\/v2\/users\/2"}],"replies":[{"embeddable":true,"href":"https:\/\/www.europesays.com\/no\/wp-json\/wp\/v2\/comments?post=116834"}],"version-history":[{"count":0,"href":"https:\/\/www.europesays.com\/no\/wp-json\/wp\/v2\/posts\/116834\/revisions"}],"wp:featuredmedia":[{"embeddable":true,"href":"https:\/\/www.europesays.com\/no\/wp-json\/wp\/v2\/media\/116835"}],"wp:attachment":[{"href":"https:\/\/www.europesays.com\/no\/wp-json\/wp\/v2\/media?parent=116834"}],"wp:term":[{"taxonomy":"category","embeddable":true,"href":"https:\/\/www.europesays.com\/no\/wp-json\/wp\/v2\/categories?post=116834"},{"taxonomy":"post_tag","embeddable":true,"href":"https:\/\/www.europesays.com\/no\/wp-json\/wp\/v2\/tags?post=116834"}],"curies":[{"name":"wp","href":"https:\/\/api.w.org\/{rel}","templated":true}]}}