{"id":116836,"date":"2025-12-18T19:43:22","date_gmt":"2025-12-18T19:43:22","guid":{"rendered":"https:\/\/www.europesays.com\/no\/116836\/"},"modified":"2025-12-18T19:43:22","modified_gmt":"2025-12-18T19:43:22","slug":"halvparten-av-snussortene-kan-bli-ulovlige","status":"publish","type":"post","link":"https:\/\/www.europesays.com\/no\/116836\/","title":{"rendered":"Halvparten av snussortene kan bli ulovlige"},"content":{"rendered":"<p> Helse- og omsorgsdepartementet sendte onsdag et forslag om \u00e5 stramme inn p\u00e5 tobakk- og nikotinsalget <a href=\"https:\/\/www.regjeringen.no\/no\/dokumenter\/horing-forslag-til-endringer-i-tobakksskadeloven-med-forskrifter-gjeninnforing-av-forbud-mot-nesetobakk-videre-standardisering-av-snus-mv\/id3143314\/?expand=horingsbrev\" rel=\"noopener nofollow\" target=\"_blank\">ut p\u00e5 h\u00f8ring<\/a>. Vern av barn og unge st\u00e5r sentralt i regjeringens forslag.<\/p>\n<p>Det er imidlertid feilsl\u00e5tt, mener kommunikasjonssjef Markus Lindblad i nettbutikken Snuslageret.<\/p>\n<p> \u2013 Snusen er en av hoved\u00e5rsakene til at Norge topper listene over f\u00e5 r\u00f8ykerelaterte hjerte- og karsykdommer i verden. Dette har ikke noe med folkehelsen \u00e5 gj\u00f8re, men er ren fanatisme, sier kommunikasjonssjef Markus Lindblad i Snuslageret i en <a href=\"https:\/\/storage.mfn.se\/39aa919d-2fca-44ff-b7dc-b881ae87ce5e\/regjeringen-vil-forby-over-halvparten-av-all-snus-dette-er-fanatisme-og-taperne-er-de-norske-snuserne.pdf\" rel=\"noopener nofollow\" target=\"_blank\">pressemelding<\/a>.<\/p>\n<p>Helseminister Jan Christian Vestre (Ap) tar kritikken med stor ro.<\/p>\n<p>\u2013 At produsenter av snus er negative til strengere regulering av nikotin, er ikke s\u00e5 rart, sier han og oppfordre folk til \u00e5 sende inn synspunkter mens forslaget er p\u00e5 h\u00f8ring.<\/p>\n<p>Maksgrense<\/p>\n<p> \u2013 Barn og unge er s\u00e6rlig s\u00e5rbare for skadevirkningene fra tobakksvarer og andre nikotinprodukter. Med dette h\u00f8ringsforslaget \u00f8nsker derfor departementet s\u00e6rlig \u00e5 redusere barns tilgang til tobakksvarer og nikotinprodukter, heter det i regjeringens <a href=\"https:\/\/www.regjeringen.no\/no\/dokumenter\/horing-forslag-til-endringer-i-tobakksskadeloven-med-forskrifter-gjeninnforing-av-forbud-mot-nesetobakk-videre-standardisering-av-snus-mv\/id3143314\/?expand=horingsnotater\" rel=\"noopener nofollow\" target=\"_blank\">h\u00f8ringsnotat<\/a>.<\/p>\n<p>Blant tiltakene som foresl\u00e5s, er blant annet lavere maksgrenser for nikotininnhold, til 12 mg per gram snus.<\/p>\n<p>Maksgrensen for nikotin vil if\u00f8lge Snuslageret medf\u00f8re at over halvparten av alle snussorter som selges i Norge i dag, risikerer \u00e5 bli forbudt.<\/p>\n<p>\u2013 All erfaring viser at n\u00e5r utvalget av lovlige produkter begrenses, finner forbrukerne andre veier. Vi risikerer \u00e5 f\u00e5 en situasjon der den illegale handelen med snus \u00f8ker, noe som verken gagner folkehelsen eller samfunnet som helhet, sier Lindblad.<\/p>\n<p>Vestre sier de ikke har foresl\u00e5tt et forbud, men en \u00f8vre grense for nikotin.<\/p>\n<p>\u2013 Vi foresl\u00e5r ikke et forbud mot snus, og hvit snus som i dag er lovlig, skal fortsatt v\u00e6re lovlig, sier han.<\/p>\n<p>Popul\u00e6re snussorter<\/p>\n<p>Regjeringen foresl\u00e5r i tillegg maksst\u00f8rrelse p\u00e5 snusposer og forbud mot tilleggselementer, alts\u00e5 andre tilsetningsstoffer.<\/p>\n<p>\u2013 Forslaget om en \u00f8vre grense for nikotininnhold i snus og maksst\u00f8rrelse for snusposer, vil kunne medf\u00f8re redusert omsetning for tobakksindustrien ved at noen snusvarianter ikke lenger vil kunne innf\u00f8res og selges i Norge, med mindre nikotininnholdet i og st\u00f8rrelsen p\u00e5 disse endres, heter det i regjeringens h\u00f8ringsnotat.<\/p>\n<p>Snuslageret har samlet en liste over 212 snussorter de mener vil bli rammet av forslaget. P\u00e5 den lista finner man popul\u00e6re snussorter, som Epok No1 Ice Blue, Epok No7 Freeze og G. 3 No8 Volt.<\/p>\n<p>Kristian Tonning Riise hos snusprodusenten Swedish Match bekrefter til NTB at flere av deres produkter p\u00e5 lista ville blitt rammet. Det gjelder blant annet Kapten, G3, General, Nick &amp; Johnny, The Lab og Zyn. Selskapet jobber imidlertid fortsatt med \u00e5 skaffe seg fullstendig oversikt.<\/p>\n<p>Forslaget er ute p\u00e5 h\u00f8ring fram til 17. mars.<\/p>\n","protected":false},"excerpt":{"rendered":"Helse- og omsorgsdepartementet sendte onsdag et forslag om \u00e5 stramme inn p\u00e5 tobakk- og nikotinsalget ut p\u00e5 h\u00f8ring.&hellip;\n","protected":false},"author":2,"featured_media":116837,"comment_status":"","ping_status":"","sticky":false,"template":"","format":"standard","meta":{"footnotes":""},"categories":[5],"tags":[20,21,24,25,15,19,22,23,17,18,13,30,28,29,14,16,26,27],"class_list":{"0":"post-116836","1":"post","2":"type-post","3":"status-publish","4":"format-standard","5":"has-post-thumbnail","7":"category-overskrifter","8":"tag-breaking-news","9":"tag-breakingnews","10":"tag-featured-news","11":"tag-featurednews","12":"tag-headlines","13":"tag-hovedoppslag","14":"tag-latest-news","15":"tag-latestnews","16":"tag-main-news","17":"tag-mainnews","18":"tag-news","19":"tag-no","20":"tag-norge","21":"tag-norway","22":"tag-nyheter","23":"tag-overskrifter","24":"tag-top-stories","25":"tag-topstories"},"share_on_mastodon":{"url":"https:\/\/pubeurope.com\/@no\/115742284407750236","error":""},"_links":{"self":[{"href":"https:\/\/www.europesays.com\/no\/wp-json\/wp\/v2\/posts\/116836","targetHints":{"allow":["GET"]}}],"collection":[{"href":"https:\/\/www.europesays.com\/no\/wp-json\/wp\/v2\/posts"}],"about":[{"href":"https:\/\/www.europesays.com\/no\/wp-json\/wp\/v2\/types\/post"}],"author":[{"embeddable":true,"href":"https:\/\/www.europesays.com\/no\/wp-json\/wp\/v2\/users\/2"}],"replies":[{"embeddable":true,"href":"https:\/\/www.europesays.com\/no\/wp-json\/wp\/v2\/comments?post=116836"}],"version-history":[{"count":0,"href":"https:\/\/www.europesays.com\/no\/wp-json\/wp\/v2\/posts\/116836\/revisions"}],"wp:featuredmedia":[{"embeddable":true,"href":"https:\/\/www.europesays.com\/no\/wp-json\/wp\/v2\/media\/116837"}],"wp:attachment":[{"href":"https:\/\/www.europesays.com\/no\/wp-json\/wp\/v2\/media?parent=116836"}],"wp:term":[{"taxonomy":"category","embeddable":true,"href":"https:\/\/www.europesays.com\/no\/wp-json\/wp\/v2\/categories?post=116836"},{"taxonomy":"post_tag","embeddable":true,"href":"https:\/\/www.europesays.com\/no\/wp-json\/wp\/v2\/tags?post=116836"}],"curies":[{"name":"wp","href":"https:\/\/api.w.org\/{rel}","templated":true}]}}