{"id":116840,"date":"2025-12-18T19:49:25","date_gmt":"2025-12-18T19:49:25","guid":{"rendered":"https:\/\/www.europesays.com\/no\/116840\/"},"modified":"2025-12-18T19:49:25","modified_gmt":"2025-12-18T19:49:25","slug":"lo-ledelsen-har-fatt-ny-lonn","status":"publish","type":"post","link":"https:\/\/www.europesays.com\/no\/116840\/","title":{"rendered":"LO-ledelsen har f\u00e5tt ny l\u00f8nn"},"content":{"rendered":"<p class=\"byline\">Ragnhild Heyerdahl<\/p>\n<p class=\"epost\">ragnhild@lomedia.no<\/p>\n<p class=\"tekst\">Helt p\u00e5 tampen av \u00e5ret har LO-sekretariatet fastsatt l\u00f8nna til de ni som sitter i LOs ledelse.<\/p>\n<p class=\"tekst\">Alle i LO-ledelsen f\u00e5r i \u00e5r et kronetillegg p\u00e5 53.826 kroner. Det tilsvarer en typisk <a target=\"_blank\" rel=\"noopener nofollow\" href=\"https:\/\/www.ssb.no\/arbeid-og-lonn\/lonn-og-arbeidskraftkostnader\/artikler\/hva-er-vanlig-lonn-i-norge\">m\u00e5nedsl\u00f8nn i Norge<\/a> (medianl\u00f8nn).<\/p>\n<p class=\"tekst\">Dermed f\u00e5r LO-leder Kine Asper Vistnes en \u00e5rsl\u00f8nn p\u00e5 1.645.326 kroner. <\/p>\n<p class=\"tekst\">Til sammenligning tjener en <a target=\"_blank\" rel=\"noopener nofollow\" href=\"https:\/\/www.stortinget.no\/no\/Stortinget-og-demokratiet\/Representantene\/representantordninger\/godtgjoring\/\">stortingsrepresentant<\/a> 1.214.977 kroner, og en statsr\u00e5d 1.734.020 kroner.<\/p>\n<p class=\"tekst\">NHO-direkt\u00f8r Ole Erik Almlid hadde if\u00f8lge \u00e5rsregnskapet en \u00e5rsl\u00f8nn i 2024 p\u00e5 5.073.000, alts\u00e5 mer enn tre ganger s\u00e5 h\u00f8y l\u00f8nn som LO-lederen. <\/p>\n<p class=\"tekst\">Se oversikten over l\u00f8nna til hele LOs valgte ledelse nederst i saken.<\/p>\n<p class=\"mellomtittel\">L\u00f8nns\u00f8kning i prosent<\/p>\n<p class=\"tekst\">Siden alle f\u00e5r det samme kronetillegget, blir l\u00f8nns\u00f8kningen m\u00e5lt i prosent mindre jo h\u00f8yere l\u00f8nna er. <\/p>\n<p class=\"tekst\">LO-lederen f\u00e5r dermed en l\u00f8nns\u00f8kning p\u00e5 3,4 prosent, mens LO-sekret\u00e6rene \u2013 med en l\u00f8nn p\u00e5 1.277.145 kroner \u2013 f\u00e5r 4,4 prosent. <\/p>\n<p class=\"tekst\">4,4 prosent tilsvarer <a target=\"_blank\" rel=\"noopener nofollow\" href=\"https:\/\/frifagbevegelse.no\/nyheter\/ny-lonn-lo-og-nho-er-enige-6.158.1126607.bef980372f\">den \u00f8konomiske rammen i \u00e5rets l\u00f8nnsoppgj\u00f8r<\/a> som LO og NHO forhandlet fram i v\u00e5r. Dette er alts\u00e5 hva partene forventer at den gjennomsnittlige \u00e5rsl\u00f8nna skal \u00f8ke med i \u00e5r.<\/p>\n<p class=\"tekst\">Den nye l\u00f8nna til LO-ledelsen settes med virkningsdato fra 1. januar 2025.<\/p>\n<p class=\"uthevet-avsnitt\">Les ogs\u00e5: <a target=\"_blank\" rel=\"noopener nofollow\" href=\"https:\/\/frifagbevegelse.no\/nyheter\/sa-mye-tjente-toppene-i-arbeidslivet-6.158.1179333.260dd146f0\">S\u00e5 mye tjente toppene i arbeidslivet i fjor<\/a><\/p>\n<p class=\"mellomtittel\">Slik blir l\u00f8nna fastsatt<\/p>\n<p class=\"tekst\">Det er LOs kompensasjonsutvalg som leverer innstillingen til ny l\u00f8nn for LO-ledelsen. Innstillingen godkjennes av sekretariatet.<\/p>\n<p class=\"tekst\">Utvalget best\u00e5r av forbundsleder i Fellesforbundet, Christian Justnes, forbundsleder Christopher Beckham i Handel og Kontor og Elisabeth Steen fra LO Stat.<\/p>\n<p class=\"Caption\">Ny l\u00f8nn LO-ledelsen<\/p>\n<p class=\"tekst\">Rettelogg: I en tidligere versjon av denne saken var f\u00f8rstesekret\u00e6r Ingerid Marie Utvik og LO-sekret\u00e6r Fawsi Adem oppf\u00f8rt med feil l\u00f8nn. Feilen ble rettet 18.12 kl. 11.49.<\/p>\n","protected":false},"excerpt":{"rendered":"Ragnhild Heyerdahl ragnhild@lomedia.no Helt p\u00e5 tampen av \u00e5ret har LO-sekretariatet fastsatt l\u00f8nna til de ni som sitter i&hellip;\n","protected":false},"author":2,"featured_media":116841,"comment_status":"","ping_status":"","sticky":false,"template":"","format":"standard","meta":{"footnotes":""},"categories":[10],"tags":[20,21,24,25,15,22,23,13,30,28,29,14,16,26,27],"class_list":{"0":"post-116840","1":"post","2":"type-post","3":"status-publish","4":"format-standard","5":"has-post-thumbnail","7":"category-norge","8":"tag-breaking-news","9":"tag-breakingnews","10":"tag-featured-news","11":"tag-featurednews","12":"tag-headlines","13":"tag-latest-news","14":"tag-latestnews","15":"tag-news","16":"tag-no","17":"tag-norge","18":"tag-norway","19":"tag-nyheter","20":"tag-overskrifter","21":"tag-top-stories","22":"tag-topstories"},"share_on_mastodon":{"url":"https:\/\/pubeurope.com\/@no\/115742308108002738","error":""},"_links":{"self":[{"href":"https:\/\/www.europesays.com\/no\/wp-json\/wp\/v2\/posts\/116840","targetHints":{"allow":["GET"]}}],"collection":[{"href":"https:\/\/www.europesays.com\/no\/wp-json\/wp\/v2\/posts"}],"about":[{"href":"https:\/\/www.europesays.com\/no\/wp-json\/wp\/v2\/types\/post"}],"author":[{"embeddable":true,"href":"https:\/\/www.europesays.com\/no\/wp-json\/wp\/v2\/users\/2"}],"replies":[{"embeddable":true,"href":"https:\/\/www.europesays.com\/no\/wp-json\/wp\/v2\/comments?post=116840"}],"version-history":[{"count":0,"href":"https:\/\/www.europesays.com\/no\/wp-json\/wp\/v2\/posts\/116840\/revisions"}],"wp:featuredmedia":[{"embeddable":true,"href":"https:\/\/www.europesays.com\/no\/wp-json\/wp\/v2\/media\/116841"}],"wp:attachment":[{"href":"https:\/\/www.europesays.com\/no\/wp-json\/wp\/v2\/media?parent=116840"}],"wp:term":[{"taxonomy":"category","embeddable":true,"href":"https:\/\/www.europesays.com\/no\/wp-json\/wp\/v2\/categories?post=116840"},{"taxonomy":"post_tag","embeddable":true,"href":"https:\/\/www.europesays.com\/no\/wp-json\/wp\/v2\/tags?post=116840"}],"curies":[{"name":"wp","href":"https:\/\/api.w.org\/{rel}","templated":true}]}}