{"id":116842,"date":"2025-12-18T19:50:28","date_gmt":"2025-12-18T19:50:28","guid":{"rendered":"https:\/\/www.europesays.com\/no\/116842\/"},"modified":"2025-12-18T19:50:28","modified_gmt":"2025-12-18T19:50:28","slug":"situasjonen-kan-utvikle-seg-raskt","status":"publish","type":"post","link":"https:\/\/www.europesays.com\/no\/116842\/","title":{"rendered":"&#8211; Situasjonen kan utvikle seg raskt"},"content":{"rendered":"<p class=\"kicker \" style=\"\">Farevarsel for sn\u00f8fokk:<\/p>\n<p>  Det ventes kraftig sn\u00f8fokk i fjellomr\u00e5der i S\u00f8r-Norge fredag, den f\u00f8rste utfartsdagen i juleferien. Fjelloverganger kan stenge p\u00e5 kort varsel, advarer Vegtrafikksentralen.<\/p>\n<p>\n    ADVARER: Sn\u00f8fokk gir stedvis redusert sikt og sn\u00f8 som pakker seg i veibanen. Foto: Lars Eivind Bones \/ Dagbladet\n  <\/p>\n<p>Meteorologene har sendt ut et gult farevarsel om kraftig sn\u00f8fokk i fjellet i S\u00f8r-Norge.\u00a0<\/p>\n<p>Faren \u00f8ker seint torsdag kveld og varer til fredag ettermiddag, if\u00f8lge\u00a0<a href=\"https:\/\/www.yr.no\/nb\/farevarsler\" target=\"_blank\" rel=\"nofollow noopener\">varselet<\/a>\u00a0p\u00e5 Yr.no.<\/p>\n<p>Advarselen om lokal sn\u00f8fokk i fjellet kommer p\u00e5 grunn av kraftig vind. Det gjelder blant annet for Hardangervidda, Strynefjellet, Vikafjell og Dovrefjell.<\/p>\n<p>Redusert sikt og sn\u00f8 som pakker seg i veien, kan f\u00f8re til vanskelige kj\u00f8reforhold lokalt, heter det i varselet. Det advares ogs\u00e5 om at veier kan bli stengt og kolonnekj\u00f8ring innf\u00f8rt p\u00e5 kort varsel.\u00a0<\/p>\n<p>&#8211; Bruk riktige dekk og kj\u00f8r etter forholdene, heter det.\u00a0<\/p>\n<p>        <img loading=\"lazy\" decoding=\"async\" src=\"https:\/\/www.europesays.com\/no\/wp-content\/uploads\/2025\/12\/84004115.webp\" width=\"980\" height=\"559\" title=\"FJELLET I S\u00d8R-NORGE: Det ventes lokal sn\u00f8fokk i fjellet p\u00e5 grunn av kraftig vind. Sn\u00f8fokk gir stedvis redusert sikt og sn\u00f8 som pakker seg i veibanen. Veier kan bli stengt og kolonnekj\u00f8ring kan bli innf\u00f8rt p\u00e5 kort varsel. Foto: Meteorologisk institutt\" alt=\"\" class=\"\" style=\"--aspect-ratio-image: 1.75; \"\/><\/p>\n<p>\n        FJELLET I S\u00d8R-NORGE: Det ventes lokal sn\u00f8fokk i fjellet p\u00e5 grunn av kraftig vind. Sn\u00f8fokk gir stedvis redusert sikt og sn\u00f8 som pakker seg i veibanen. Veier kan bli stengt og kolonnekj\u00f8ring kan bli innf\u00f8rt p\u00e5 kort varsel. Foto: Meteorologisk institutt\n    <\/p>\n<p>Vegtrafikksentralen advarer\u00a0\t<\/p>\n<p>Torsdag ettermiddag er flere av fjellovergangene fortsatt forel\u00f8pig \u00e5pne. Men det kan endre seg raskt, advarer Vegtrafikksentralen.<\/p>\n<p>&#8211; Situasjonen kan utvikle seg raskt, s\u00e5 det er viktig at folk som har planer om \u00e5 kj\u00f8re i fjellet\u00a0oppdaterer seg og f\u00f8lger med p\u00e5\u00a0farevarsler p\u00e5\u00a0<a href=\"https:\/\/www.175.no\/\" target=\"_blank\" rel=\"nofollow noopener\">www.175.no,<\/a>\u00a0sier\u00a0trafikkoperat\u00f8r ved Vegtrafikksentralen vest, Andreas Rasmussen, til Dagbladet.\u00a0<\/p>\n<p>Han understreker at dersom man\u00a0har planer om \u00e5 kj\u00f8re over fjellet og\u00a0ikke har f\u00e5tt p\u00e5 vinterdekk enn\u00e5, er det h\u00f8yst p\u00e5 tide. Trafikkoperat\u00f8ren\u00a0understreker at han ogs\u00e5 m\u00e5\u00a0man sko seg for mye venting.\u00a0<\/p>\n<p>&#8211; Fjellovergangen kan raskt bli stengt og det kan bli kolonnekj\u00f8ring. Da er det viktig \u00e5 ha med seg varme kl\u00e6r og mat i bilen, sier\u00a0Rasmussen.\u00a0<\/p>\n<p>        <img loading=\"lazy\" decoding=\"async\" src=\"https:\/\/www.europesays.com\/no\/wp-content\/uploads\/2025\/12\/84005562.webp\" width=\"667\" height=\"381\" title=\"HARDANGERVIDDA: Slik ser det ut p\u00e5 riksvei sju over fjellovergangen ved Hardangervidda torsdag kveld. Veien er forel\u00f8pig \u00e5pen, men kan stenge p\u00e5 kort varsel, advarer Vegtrafikksentralen. Foto: Statens vegvesen\" alt=\"\" class=\"\" style=\"--aspect-ratio-image: 1.75; \"\/><\/p>\n<p>\n        HARDANGERVIDDA: Slik ser det ut p\u00e5 riksvei sju over fjellovergangen ved Hardangervidda torsdag kveld. Veien er forel\u00f8pig \u00e5pen, men kan stenge p\u00e5 kort varsel, advarer Vegtrafikksentralen. Foto: Statens vegvesen\n    <\/p>\n<p>Juleutfarten\t<\/p>\n<p>I farevarselet oppfordres til at man skal beregne ekstra tid til transport og kj\u00f8ring.<\/p>\n<p>If\u00f8lge Statens vegvesen starter juleutfarten fredag, og de melder at over halvparten av dem som skal hjem til jul, bruker bil.\u00a0<\/p>\n<p>Toppen ventes f\u00f8rst lille julaften, men mange ventes \u00e5 dra hjem til jul allerede til helga.<\/p>\n<p>Fare for sn\u00f8skred\t<\/p>\n<p>Torsdag og fredag skal det sn\u00f8 mye i h\u00f8yden. Jo h\u00f8yere og kaldere, jo mer ustabil kan sn\u00f8en v\u00e6re \u2013 og dermed blir det fare for sn\u00f8skred.<\/p>\n<p>&#8211;\u00a0 Gi sn\u00f8en tid til \u00e5 stabilisere seg, er oppfordringen til vaktleder i sn\u00f8skredvarslingen Ingrid Skrede.<\/p>\n<p>Fjellene i S\u00f8r-Norge f\u00e5r stedvis mye sn\u00f8 over 1000-1200 meter over havet torsdag og fredag, stedvis ogs\u00e5 under 1000 meter over havet \u00f8stafjells.<\/p>\n<p>&#8211; I S\u00f8r-Norge er det lite sn\u00f8 under 1000 meter over havet og generelt er det mindre sn\u00f8 enn normalt, med unntak av deler av Innlandet. Jo h\u00f8yere du kommer, jo kaldere og mer ustabilt vil det trolig v\u00e6re, n\u00e5 som v\u00e6ret st\u00e5r p\u00e5, sier\u00a0 Skrede.<\/p>\n<p>P\u00e5 de h\u00f8yeste fjellene i Jotunheimen vil det v\u00e6re fare for \u00e5 l\u00f8se ut skred en god stund p\u00e5 grunn av vedvarende svake lag, skriver\u00a0<a href=\"https:\/\/www.varsom.no\/nyheter\/nyheter-snoskred\/sno-og-snoskredfare-forste-del-av-juleferien\/\" target=\"_blank\" rel=\"nofollow noopener\">Varsom.no<\/a>.<\/p>\n<p>Mildv\u00e6ret har herjet ogs\u00e5 i Nord-Norge, spesielt i ytre str\u00f8k, som n\u00e5 gj\u00f8r at skredfaren er liten fra Troms\u00f8 og s\u00f8rover. Men det kan komme litt nysn\u00f8 til helgen, hvis man flytter seg litt opp fra havniv\u00e5.<\/p>\n","protected":false},"excerpt":{"rendered":"Farevarsel for sn\u00f8fokk: Det ventes kraftig sn\u00f8fokk i fjellomr\u00e5der i S\u00f8r-Norge fredag, den f\u00f8rste utfartsdagen i juleferien. Fjelloverganger&hellip;\n","protected":false},"author":2,"featured_media":116843,"comment_status":"","ping_status":"","sticky":false,"template":"","format":"standard","meta":{"footnotes":""},"categories":[5],"tags":[20,21,24,25,15,19,2539,22,23,17,18,13,30,28,29,14,16,26,27],"class_list":{"0":"post-116842","1":"post","2":"type-post","3":"status-publish","4":"format-standard","5":"has-post-thumbnail","7":"category-overskrifter","8":"tag-breaking-news","9":"tag-breakingnews","10":"tag-featured-news","11":"tag-featurednews","12":"tag-headlines","13":"tag-hovedoppslag","14":"tag-innenriks","15":"tag-latest-news","16":"tag-latestnews","17":"tag-main-news","18":"tag-mainnews","19":"tag-news","20":"tag-no","21":"tag-norge","22":"tag-norway","23":"tag-nyheter","24":"tag-overskrifter","25":"tag-top-stories","26":"tag-topstories"},"share_on_mastodon":{"url":"https:\/\/pubeurope.com\/@no\/115742312203647040","error":""},"_links":{"self":[{"href":"https:\/\/www.europesays.com\/no\/wp-json\/wp\/v2\/posts\/116842","targetHints":{"allow":["GET"]}}],"collection":[{"href":"https:\/\/www.europesays.com\/no\/wp-json\/wp\/v2\/posts"}],"about":[{"href":"https:\/\/www.europesays.com\/no\/wp-json\/wp\/v2\/types\/post"}],"author":[{"embeddable":true,"href":"https:\/\/www.europesays.com\/no\/wp-json\/wp\/v2\/users\/2"}],"replies":[{"embeddable":true,"href":"https:\/\/www.europesays.com\/no\/wp-json\/wp\/v2\/comments?post=116842"}],"version-history":[{"count":0,"href":"https:\/\/www.europesays.com\/no\/wp-json\/wp\/v2\/posts\/116842\/revisions"}],"wp:featuredmedia":[{"embeddable":true,"href":"https:\/\/www.europesays.com\/no\/wp-json\/wp\/v2\/media\/116843"}],"wp:attachment":[{"href":"https:\/\/www.europesays.com\/no\/wp-json\/wp\/v2\/media?parent=116842"}],"wp:term":[{"taxonomy":"category","embeddable":true,"href":"https:\/\/www.europesays.com\/no\/wp-json\/wp\/v2\/categories?post=116842"},{"taxonomy":"post_tag","embeddable":true,"href":"https:\/\/www.europesays.com\/no\/wp-json\/wp\/v2\/tags?post=116842"}],"curies":[{"name":"wp","href":"https:\/\/api.w.org\/{rel}","templated":true}]}}