{"id":116844,"date":"2025-12-18T19:52:30","date_gmt":"2025-12-18T19:52:30","guid":{"rendered":"https:\/\/www.europesays.com\/no\/116844\/"},"modified":"2025-12-18T19:52:30","modified_gmt":"2025-12-18T19:52:30","slug":"shawn-mendes-tatt-pa-fersken-med-bruna-marquezine","status":"publish","type":"post","link":"https:\/\/www.europesays.com\/no\/116844\/","title":{"rendered":"Shawn Mendes tatt p\u00e5 fersken med Bruna Marquezine"},"content":{"rendered":"<p class=\"kicker \" style=\"\">Superstjernen<\/p>\n<p>  Avsl\u00f8rt p\u00e5 flyplassen.\u00a0<\/p>\n<p>\n    RYKTENE SVIRRER: Shawn Mendes har tilbrakt mye tid med en brasiliansk skj\u00f8nnhet de siste dagene. Foto: Splash News \/ NTB\n  <\/p>\n<p>Popstjernen Shawn Mendes (27) og artist Camila Cabello (28) var lenge et av popverdenens hotteste par. De to kjente hverandre lenge som venner, etter \u00e5 ha m\u00f8ttes og turnert sammen tidlig i karrieren.\u00a0<\/p>\n<p>        <img loading=\"lazy\" decoding=\"async\" src=\"https:\/\/www.europesays.com\/no\/wp-content\/uploads\/2025\/12\/84000285.webp\" width=\"667\" height=\"654\" title=\"VENNSKAP BLE TIL KJ\u00c6RLIGHET: Shawn og Camila ble et par etter \u00e5 ha jobbet sammen over lengre tid. Foto: NTB\" alt=\"\" class=\"\" style=\"--aspect-ratio-image: 1.02; \"\/><\/p>\n<p>\n        VENNSKAP BLE TIL KJ\u00c6RLIGHET: Shawn og Camila ble et par etter \u00e5 ha jobbet sammen over lengre tid. Foto: NTB\n    <\/p>\n<p>Og sommeren 2019 bekreftet duoen at de var mer enn venner. Samme \u00e5r slapp de l\u00e5ten\u00a0\u00abSe\u00f1orita\u00bb, som raskt ble en stor hit.\u00a0<\/p>\n<p>Etter to \u00e5r tok derimot forholdet slutt &#8211; i november 2021. Bruddnyheten delte de <a href=\"https:\/\/www.seher.no\/kjendis\/brudd\/74675625\" rel=\"nofollow noopener\" target=\"_blank\">i en felles uttalelse p\u00e5 Instagram Story.\u00a0<\/a><\/p>\n<p>        <img loading=\"lazy\" decoding=\"async\" src=\"https:\/\/www.europesays.com\/no\/wp-content\/uploads\/2025\/12\/84000281.webp\" width=\"667\" height=\"688\" title=\"LYKKEN BRAST: Etter to \u00e5r som kj\u00e6rester besluttet stjerneparet \u00e5 g\u00e5 hver til sitt. Foto: Skjermbilde: @shawnmendes \/ Instagram\" alt=\"\" class=\"\" style=\"--aspect-ratio-image: 0.97; \"\/><\/p>\n<p>\n        LYKKEN BRAST: Etter to \u00e5r som kj\u00e6rester besluttet stjerneparet \u00e5 g\u00e5 hver til sitt. Foto: Skjermbilde: @shawnmendes \/ Instagram\n    <\/p>\n<p class=\"font-weight-bold m-font-weight-bold\" data-lab-font_weight=\"font-weight-bold\">\u00abHei folkens, vi har bestemt oss for \u00e5 avslutte det romantiske forholdet v\u00e5rt, men v\u00e5r kj\u00e6rlighet til hverandre som mennesker er sterkere enn noen gang. Vi startet forholdet v\u00e5rt som bestevenner og vil fortsette \u00e5 v\u00e6re bestevenner. Vi setter s\u00e5 stor pris p\u00e5 deres st\u00f8tte helt fra begynnelsen og fremover\u00bb, skrev Shawn og Camila.\u00a0<\/p>\n<p>I 2023 oppsto det full forvirring blant fansen da Shawn og Camila ble observert <a href=\"https:\/\/www.seher.no\/kjendis\/tatt-pa-fersken\/79022012\" rel=\"nofollow noopener\" target=\"_blank\">mens de klinte til under Coachella-festivalen<\/a>. Se video under!\u00a0<\/p>\n<p>        OVERRASKET: Det sirkulerte flere videoer av Camila Cabello og Shawn Mendes under Coachella. Video: Twitter.<\/p>\n<p>Gjenforeningen skulle derimot vise seg \u00e5 ikke v\u00e6re av det varige slaget, og i juni samme \u00e5r uttalte kilder at det var\u00a0<a href=\"https:\/\/www.seher.no\/kjendis\/de-gamle-problemene-dukket-opp-igjen\/79605333\" rel=\"nofollow noopener\" target=\"_blank\">brudd for paret<\/a>\u00a0&#8211; igjen.<\/p>\n<p class=\"font-weight-bold m-font-weight-bold\" data-lab-font_weight=\"font-weight-bold\">N\u00e5 kan det derimot virke som at \u00abMercy\u00bb-sangeren har funnet kj\u00e6rligheten igjen. I helgen ble han nemlig observert med den brasilianske skuespilleren Bruna Marquezine (30). Det melder <a href=\"https:\/\/www.tmz.com\/2025\/12\/16\/shawn-mendes-seen-with-bruna-marquezine\/\" rel=\"nofollow noopener\" target=\"_blank\">TMZ.\u00a0<\/a><\/p>\n<p>    <a itemprop=\"url\" href=\"https:\/\/www.seher.no\/kjendis\/vi-har-noe-a-fortelle\/84000259\" rel=\"nofollow noopener\" target=\"_blank\"><\/p>\n<p>        <img loading=\"lazy\" decoding=\"async\" src=\"https:\/\/www.europesays.com\/no\/wp-content\/uploads\/2025\/12\/84000307.webp\" width=\"980\" height=\"441\" title=\"- Vi har noe \u00e5 fortelle\" alt=\"\" class=\"lazyload\" style=\"--aspect-ratio-image: 2.22; \"\/><\/p>\n<p>        &#8211; Vi har noe \u00e5 fortelle<\/p>\n<p>    <\/a><\/p>\n<p>Popstjernen og skuespilleren ble f\u00f8rst sett i Rio de Janeiro da de forlot en restaurant sammen s\u00f8ndag kveld. P\u00e5 bildene TMZ har publisert ser man Shawn pr\u00f8ve \u00e5 gjemme ansiktet sitt fra papparazziene.\u00a0<\/p>\n<p>De to turtelduene ble ogs\u00e5 obsevert p\u00e5 flyplassen mandag da de ankom S\u00e3o Paulo i Brasil. I skrivende stund har ingen av dem kommentert romanseryktene.\u00a0<\/p>\n<p>        <img loading=\"lazy\" decoding=\"async\" src=\"https:\/\/www.europesays.com\/no\/wp-content\/uploads\/2025\/12\/84000232.webp\" width=\"667\" height=\"948\" title=\"NYTT PAR?: Bruna og Shawn har enn\u00e5 til gode \u00e5 bekrefte om de har funnet kj\u00e6rligheten, men mye tyder p\u00e5 at de er p\u00e5 dater'n. Foto: Splash News \/ NTB\" alt=\"\" class=\"\" style=\"--aspect-ratio-image: 0.70; \"\/><\/p>\n<p>\n        NYTT PAR?: Bruna og Shawn har enn\u00e5 til gode \u00e5 bekrefte om de har funnet kj\u00e6rligheten, men mye tyder p\u00e5 at de er p\u00e5 dater&#8217;n. Foto: Splash News \/ NTB\n    <\/p>\n<p>Bruna startet sin karriere som barneskuespiller allerede som 7-\u00e5ring. Hun medvirket blant annet i TV-programmet \u00abGente Inocente\u00bb, f\u00f8r hun slo gjennom i telenovelaer p\u00e5 brasiliansk TV.\u00a0<\/p>\n<p>        <img loading=\"lazy\" decoding=\"async\" src=\"https:\/\/www.europesays.com\/no\/wp-content\/uploads\/2025\/12\/84000421.webp\" width=\"667\" height=\"914\" title=\"GLADLAKS: Bruna har opparbeidet seg en solid f\u00f8lgerskare p\u00e5 Instagram, hvor hun deler sm\u00e5 og store \u00f8yeblikk fra livet sitt til sine 44 millioner f\u00f8lgere. Foto: Skjermbilde: @brunamarquezine \/ Instagram\" alt=\"\" class=\"\" style=\"--aspect-ratio-image: 0.73; \"\/><\/p>\n<p>\n        GLADLAKS: Bruna har opparbeidet seg en solid f\u00f8lgerskare p\u00e5 Instagram, hvor hun deler sm\u00e5 og store \u00f8yeblikk fra livet sitt til sine 44 millioner f\u00f8lgere. Foto: Skjermbilde: @brunamarquezine \/ Instagram\n    <\/p>\n<p>Hun har v\u00e6rt \u00e5 se i brasilianske s\u00e5peserier som \u00abSalve Jorge\u00bb,\u00a0\u00a0\u00abEm Fam\u00edlia\u00bb og \u00abI Love Parais\u00f3polis\u00bb.\u00a0\u00a0<\/p>\n<p>I 2020 valgte hun \u00e5 avlutte kontrakten med TV Globo for \u00e5 satse bredere p\u00e5 blant annet film og internasjonale TV-prosjekter.\u00a0<\/p>\n<p>        VOKST OPP: Prinsessen er nesten ikke til \u00e5 kjenne igjen i en ny video som er delt av det svenske kongehuset. Reporter: Caroline Vagle. Video: Instagram\/@kungahuset \/ Kine Falch.<\/p>\n<p>Hun har i senere tid dukket opp i Hollywood-filmen \u00abBlue Beetle\u00bb fra 2023 &#8211; og den romantiske komedien\u00a0\u00abAmor da Minha Vida\u00bb for Disney+ <\/p>\n<p>        <img loading=\"lazy\" decoding=\"async\" src=\"https:\/\/www.europesays.com\/no\/wp-content\/uploads\/2025\/12\/84000423.webp\" width=\"667\" height=\"854\" title=\"MODELL OG SKUESPILLER: Bruna har ogs\u00e5 markert seg i moteverdenen, og har blant annet g\u00e5tt visninger p\u00e5 store moteuker i New York, Milano og Paris. Foto: Splash News \/ NTB\" alt=\"\" class=\"\" style=\"--aspect-ratio-image: 0.78; \"\/><\/p>\n<p>\n        MODELL OG SKUESPILLER: Bruna har ogs\u00e5 markert seg i moteverdenen, og har blant annet g\u00e5tt visninger p\u00e5 store moteuker i New York, Milano og Paris. Foto: Splash News \/ NTB\n    <\/p>\n<p>        <img loading=\"lazy\" decoding=\"async\" src=\"https:\/\/www.europesays.com\/no\/wp-content\/uploads\/2025\/12\/84000425.webp\" width=\"667\" height=\"1041\" title=\"PRISVINNER: Skuespilleren har mottatt flere priser gjennom karrieren, blant annet trof\u00e9 Pr\u00eamio Contigo! og Trof\u00e9u Imprensa. Foto: Xavier Collin \/ Image Press Agency \/ SplashNews.com \/ NTB\" alt=\"\" class=\"\" style=\"--aspect-ratio-image: 0.64; \"\/><\/p>\n<p>\n        PRISVINNER: Skuespilleren har mottatt flere priser gjennom karrieren, blant annet trof\u00e9 Pr\u00eamio Contigo! og Trof\u00e9u Imprensa. Foto: Xavier Collin \/ Image Press Agency \/ SplashNews.com \/ NTB\n    <\/p>\n<p>Skuespilleren har tidligere v\u00e6rt sammen med den brasilianske fotballstjernen Neymar Jr.\u00a0 (33). De to fant hverandre rundt 2012 \/ 2013 og de hadde lenge et av-og-p\u00e5 forhold f\u00f8r det tok slutt i 2018.\u00a0<\/p>\n<p>        <img loading=\"lazy\" decoding=\"async\" src=\"https:\/\/www.europesays.com\/no\/wp-content\/uploads\/2025\/12\/84000413.webp\" width=\"667\" height=\"968\" title=\"\u00abBRUMA\u00bb: Neymar og Bruna Marquezine i april i 2018. Samme \u00e5r tok forholdet slutt. Foto: Broadimage \/ REX \/ NTB\" alt=\"\" class=\"\" style=\"--aspect-ratio-image: 0.69; \"\/><\/p>\n<p>\n        \u00abBRUMA\u00bb: Neymar og Bruna Marquezine i april i 2018. Samme \u00e5r tok forholdet slutt. Foto: Broadimage \/ REX \/ NTB\n    <\/p>\n<p>        <img loading=\"lazy\" decoding=\"async\" src=\"https:\/\/www.europesays.com\/no\/wp-content\/uploads\/2025\/12\/84000403.webp\" width=\"667\" height=\"554\" title=\"FANT EN ANNEN BRUNA: I dag er Neymar Jr. sammen med Bruna Biancardi. Her er de sammen med d\u00f8trene Mel og Mavie tidligere i \u00e5r. Foto: Thiago Bernardes \/ Reuters \/ NTB\" alt=\"\" class=\"\" style=\"--aspect-ratio-image: 1.20; \"\/><\/p>\n<p>\n        FANT EN ANNEN BRUNA: I dag er Neymar Jr. sammen med Bruna Biancardi. Her er de sammen med d\u00f8trene Mel og Mavie tidligere i \u00e5r. Foto: Thiago Bernardes \/ Reuters \/ NTB\n    <\/p>\n<p>Duoen ble s\u00e5 popul\u00e6re at fansen ga dem kallenavnet \u00abBrumar\u00bb.\u00a0<\/p>\n<p>Men n\u00e5 kan det alts\u00e5 se ut til at Bruna har funnet kj\u00e6rligheten p\u00e5 ny med den candaidiske artisten Shawn Mendes.\u00a0<\/p>\n","protected":false},"excerpt":{"rendered":"Superstjernen Avsl\u00f8rt p\u00e5 flyplassen.\u00a0 RYKTENE SVIRRER: Shawn Mendes har tilbrakt mye tid med en brasiliansk skj\u00f8nnhet de siste&hellip;\n","protected":false},"author":2,"featured_media":116845,"comment_status":"","ping_status":"","sticky":false,"template":"","format":"standard","meta":{"footnotes":""},"categories":[58],"tags":[14096,14095,4104,71,479,14005,30,28,29,14094,72],"class_list":{"0":"post-116844","1":"post","2":"type-post","3":"status-publish","4":"format-standard","5":"has-post-thumbnail","7":"category-underholdning","8":"tag-bruna-marquezine","9":"tag-camila-cabello","10":"tag-eksklusivt","11":"tag-entertainment","12":"tag-kjendis","13":"tag-neymar","14":"tag-no","15":"tag-norge","16":"tag-norway","17":"tag-shawn-mendes","18":"tag-underholdning"},"share_on_mastodon":{"url":"https:\/\/pubeurope.com\/@no\/115742320125734463","error":""},"_links":{"self":[{"href":"https:\/\/www.europesays.com\/no\/wp-json\/wp\/v2\/posts\/116844","targetHints":{"allow":["GET"]}}],"collection":[{"href":"https:\/\/www.europesays.com\/no\/wp-json\/wp\/v2\/posts"}],"about":[{"href":"https:\/\/www.europesays.com\/no\/wp-json\/wp\/v2\/types\/post"}],"author":[{"embeddable":true,"href":"https:\/\/www.europesays.com\/no\/wp-json\/wp\/v2\/users\/2"}],"replies":[{"embeddable":true,"href":"https:\/\/www.europesays.com\/no\/wp-json\/wp\/v2\/comments?post=116844"}],"version-history":[{"count":0,"href":"https:\/\/www.europesays.com\/no\/wp-json\/wp\/v2\/posts\/116844\/revisions"}],"wp:featuredmedia":[{"embeddable":true,"href":"https:\/\/www.europesays.com\/no\/wp-json\/wp\/v2\/media\/116845"}],"wp:attachment":[{"href":"https:\/\/www.europesays.com\/no\/wp-json\/wp\/v2\/media?parent=116844"}],"wp:term":[{"taxonomy":"category","embeddable":true,"href":"https:\/\/www.europesays.com\/no\/wp-json\/wp\/v2\/categories?post=116844"},{"taxonomy":"post_tag","embeddable":true,"href":"https:\/\/www.europesays.com\/no\/wp-json\/wp\/v2\/tags?post=116844"}],"curies":[{"name":"wp","href":"https:\/\/api.w.org\/{rel}","templated":true}]}}