{"id":116848,"date":"2025-12-18T19:56:08","date_gmt":"2025-12-18T19:56:08","guid":{"rendered":"https:\/\/www.europesays.com\/no\/116848\/"},"modified":"2025-12-18T19:56:08","modified_gmt":"2025-12-18T19:56:08","slug":"flere-omkommet-etter-at-privatfly-krasjet","status":"publish","type":"post","link":"https:\/\/www.europesays.com\/no\/116848\/","title":{"rendered":"Flere omkommet etter at privatfly krasjet"},"content":{"rendered":"<p class=\"paywall hyperion-css-1j42uic\">Et sm\u00e5fly har kr\u00e6sjet ved landing p\u00e5 flyplassen i Nord-Carolina.<\/p>\n<p class=\"paywall hyperion-css-1j42uic\">If\u00f8lge CNN har flere omkommet i krasjen. <\/p>\n<p class=\"paywall hyperion-css-1j42uic\">\u2013 En Cessna C550 kr\u00e6sjet ved landing p\u00e5 Statesville regionale flyplass klokken 10:20 lokal tid, skriver amerikanske luftmyndigheter i en oppdatering.<\/p>\n<p class=\"paywall hyperion-css-1j42uic\">Det var lavt skydekke, regn og d\u00e5rlig sikt i omr\u00e5det, if\u00f8lge CNN.<\/p>\n<p class=\"paywall hyperion-css-1j42uic\">C550 er et lite, jetdrevet privatfly med opptil ti sitteplasser.  Forel\u00f8pige flydata viser at flyet forlot flyplassen rundt klokken 10.00. Etter \u00e5 ha fl\u00f8yet rundt \u00e5tte kilometer, gjorde piloten en br\u00e5 venstresving tilbake mot flyplassen, if\u00f8lge VG.<\/p>\n<p class=\"paywall hyperion-css-1j42uic\">Flyet var aldri h\u00f8yere enn 600 meter, if\u00f8lge FlightAware.<\/p>\n","protected":false},"excerpt":{"rendered":"Et sm\u00e5fly har kr\u00e6sjet ved landing p\u00e5 flyplassen i Nord-Carolina. If\u00f8lge CNN har flere omkommet i krasjen. \u2013&hellip;\n","protected":false},"author":2,"featured_media":914,"comment_status":"","ping_status":"","sticky":false,"template":"","format":"standard","meta":{"footnotes":""},"categories":[12],"tags":[20,21,24,25,15,22,23,13,30,28,29,14,16,26,27,42,43,44,45],"class_list":{"0":"post-116848","1":"post","2":"type-post","3":"status-publish","4":"format-standard","5":"has-post-thumbnail","7":"category-verden","8":"tag-breaking-news","9":"tag-breakingnews","10":"tag-featured-news","11":"tag-featurednews","12":"tag-headlines","13":"tag-latest-news","14":"tag-latestnews","15":"tag-news","16":"tag-no","17":"tag-norge","18":"tag-norway","19":"tag-nyheter","20":"tag-overskrifter","21":"tag-top-stories","22":"tag-topstories","23":"tag-verden","24":"tag-world","25":"tag-world-news","26":"tag-worldnews"},"share_on_mastodon":{"url":"https:\/\/pubeurope.com\/@no\/115742335581046825","error":""},"_links":{"self":[{"href":"https:\/\/www.europesays.com\/no\/wp-json\/wp\/v2\/posts\/116848","targetHints":{"allow":["GET"]}}],"collection":[{"href":"https:\/\/www.europesays.com\/no\/wp-json\/wp\/v2\/posts"}],"about":[{"href":"https:\/\/www.europesays.com\/no\/wp-json\/wp\/v2\/types\/post"}],"author":[{"embeddable":true,"href":"https:\/\/www.europesays.com\/no\/wp-json\/wp\/v2\/users\/2"}],"replies":[{"embeddable":true,"href":"https:\/\/www.europesays.com\/no\/wp-json\/wp\/v2\/comments?post=116848"}],"version-history":[{"count":0,"href":"https:\/\/www.europesays.com\/no\/wp-json\/wp\/v2\/posts\/116848\/revisions"}],"wp:featuredmedia":[{"embeddable":true,"href":"https:\/\/www.europesays.com\/no\/wp-json\/wp\/v2\/media\/914"}],"wp:attachment":[{"href":"https:\/\/www.europesays.com\/no\/wp-json\/wp\/v2\/media?parent=116848"}],"wp:term":[{"taxonomy":"category","embeddable":true,"href":"https:\/\/www.europesays.com\/no\/wp-json\/wp\/v2\/categories?post=116848"},{"taxonomy":"post_tag","embeddable":true,"href":"https:\/\/www.europesays.com\/no\/wp-json\/wp\/v2\/tags?post=116848"}],"curies":[{"name":"wp","href":"https:\/\/api.w.org\/{rel}","templated":true}]}}