{"id":116849,"date":"2025-12-18T19:57:14","date_gmt":"2025-12-18T19:57:14","guid":{"rendered":"https:\/\/www.europesays.com\/no\/116849\/"},"modified":"2025-12-18T19:57:14","modified_gmt":"2025-12-18T19:57:14","slug":"dobling-i-familieinnvandring-nrk-norge-oversikt-over-nyheter-fra-ulike-deler-av-landet","status":"publish","type":"post","link":"https:\/\/www.europesays.com\/no\/116849\/","title":{"rendered":"Dobling i familieinnvandring \u2013 NRK Norge \u2013 Oversikt over nyheter fra ulike deler av landet"},"content":{"rendered":"<p>Saken oppsummert<\/p>\n<ul>\n<li>Flere norske kommuner, inkludert Sarpsborg, vurderer \u00e5 si nei til \u00e5 bosette flere enslige mindre\u00e5rige asyls\u00f8kere p\u00e5 grunn av presset fra familiegjenforening.<\/li>\n<li>Familiegjenforeninger kan inneb\u00e6re store kostnader og utfordringer, med familier p\u00e5 opptil 10 personer som m\u00e5 bosettes.<\/li>\n<li>Nasjonale tall fra UDI viser en kraftig \u00f8kning i familieinnvandring til enslige mindre\u00e5rige, fra 326 i fjor til 707 i \u00e5r.<\/li>\n<li>Regjeringen har varslet innstramminger i innvandringsregelverket for \u00e5 sikre en mer b\u00e6rekraftig og kontrollert innvandring.<\/li>\n<li>Enkelte kommuner, som Lillehammer, tviler p\u00e5 at varslede tiltak fra regjeringen vil ha stor effekt p\u00e5 utfordringene de st\u00e5r overfor.<\/li>\n<\/ul>\n<p>Oppsummeringen er laget av en KI-tjeneste fra OpenAI. Innholdet er kvalitetssikret av NRKs journalister f\u00f8r publisering.<\/p>\n<p>NRK bes\u00f8ker en kommune som har ropt varsku om at de ikke klarer presset. Den samlede innvandringen er for h\u00f8y. N\u00e5 vurderer de \u00e5 ta grep.<\/p>\n<p>Sarpsborg har hatt fire bofellesskap for enslige mindre\u00e5rige. Tre er lagt ned.<\/p>\n<p><strong>N\u00e5 vurderer kommunen \u00e5 si nei til \u00e5 bosette flere enslige mindre\u00e5rige asyls\u00f8kere.<\/strong><\/p>\n<p>Gjelder flere kommuner<\/p>\n<p>If\u00f8lge KS vurderer flere norske kommuner n\u00e5 \u00e5 si nei til \u00e5 ta imot enslige mindre\u00e5rige asyls\u00f8kere. Kommunen f\u00e5r nemlig ogs\u00e5 ansvar for den mindre\u00e5riges familie som kan komme etter, gjennom familiegjenforening.<\/p>\n<p><strong>Og det kan dreie seg om mange personer \u2013 kanskje er det opp mot 10 s\u00f8sken og foreldre som skal bosettes.<\/strong><\/p>\n<p>\u2013 Det har endret seg betraktelig de siste 5\u20136 \u00e5rene. De som kom i 2015 og 2016 fra Afghanistan var reelt sett enslige mindre\u00e5rige som integrerte seg. Det vi ser n\u00e5 handler ofte om store familiegjenforeningssaker. Det er et helt annet game enn det vi har v\u00e6rt vitne til tidligere, sier kommunedirekt\u00f8r i Sarpsborg Turid Stub\u00f8 Johnsen.<\/p>\n<p>\u2013 Hvordan kan dere sl\u00e5 fast at barna sendes for \u00e5 f\u00e5 familien etter? <\/p>\n<p>\u2013 For det f\u00f8rste er det barn, kanskje ned i 11\u201312 \u00e5rs alderen som kommer. Vi ser at mange av barna virker \u00e5 v\u00e6re styrt fra et annet sted enn her. De f\u00e5r beskjed om \u00e5 ikke forholde seg s\u00e5 mye til det nye samfunnet og skolen de skal g\u00e5 p\u00e5, sier Stub\u00f8 Johnsen.<\/p>\n<p><img decoding=\"async\"   src=\"data:image\/gif;base64,R0lGODlhAQABAIAAAAAAAP\/\/\/yH5BAEAAAAALAAAAAABAAEAAAIBRAA7\" loading=\"eager\" alt=\"En person med kort blondt h\u00e5r st\u00e5r foran et hus i et t\u00e5kelagt milj\u00f8. Personen har p\u00e5 seg en brun ullk\u00e5pe. I bakgrunnen er et toetasjes hus med store vinduer synlig. Omgivelsene inkluderer ogs\u00e5 tr\u00e6r og s\u00f8ppeldunker. (Bildebeskrivelsen er laget av en KI-tjeneste)\" title=\"Foto: William Jobling \/ NRK\"\/><\/p>\n<p class=\"\">KREVER ENDERING: Turid Stub\u00f8 Johnsen er kommunedirekt\u00f8r i Sarpsborg. Hun sier bosetting av enslige mindre\u00e5rige n\u00e5 ofte betyr store familiegjenforeninger.<\/p>\n<p>Foto: William Jobling \/ NRK<\/p>\n<p><strong>Nasjonale tall fra UDI viser en dobling i familieinnvandringen til personer som har f\u00e5tt opphold som enslige mindre\u00e5rige. I fjor var det 326. I \u00e5r var det 707, da desember startet. <\/strong><\/p>\n<p>Millioner for \u00e9n familie<\/p>\n<p>Gjenforeningsfamiliene kommer p\u00e5 kort varsel, men krever ofte mye innsats fra folk i kommunen.<\/p>\n<p>\u2013 N\u00e5r nasjonale myndigheter fatter vedtak om familiegjenforening s\u00e5 f\u00e5r vi uten forvarsel beskjed om at det da kommer en bosetting med kanskje 10 s\u00f8sken og foreldre.<strong> <\/strong><\/p>\n<p>I ett tilfelle forteller hun at en familie kostet 14\u201315 millioner fordi de tok over omsorgen for flere av barna. <\/p>\n<p>\u2013 Alts\u00e5 14\u201315 millioner knyttet til en gjenforent familie? <\/p>\n<p>\u2013 Ja.<\/p>\n<p>Lillehammer \u00f8nsker forutsigbarhet<\/p>\n<p>Lillehammer kommune har tatt imot mange asyls\u00f8kere over flere \u00e5r. N\u00e5r det br\u00e5tt kommer familier til enslige mindre\u00e5rige i tillegg, er det krevende. <\/p>\n<p>\u2013 Det utfordrer kapasiteten i tjenestene v\u00e5re, sier kommunalsjef Laila Owren.<\/p>\n<p><img decoding=\"async\"   src=\"data:image\/gif;base64,R0lGODlhAQABAIAAAAAAAP\/\/\/yH5BAEAAAAALAAAAAABAAEAAAIBRAA7\" loading=\"eager\" alt=\"En person if\u00f8rt svart dressjakke og en dekorert bluse st\u00e5r foran et lysende vindu. En del av interi\u00f8ret er synlig med bjelker og en sofa i bakgrunnen. Utenfor vinduet er det en bil og noe uklart landskap. (Bildebeskrivelsen er laget av en KI-tjeneste)\" title=\"Foto: Aleksandr Nedbaev \/ NRK\"\/><\/p>\n<p class=\"\">INNSTRAMMING UTEN VIRKNING: Laila Owren er kommunalsjef for oppvekst og utdanning i Lillehammer. Hun tror ikke de varslede innstrammingene fra justisministeren vil bety s\u00e5 mye. <\/p>\n<p>Foto: Aleksandr Nedbaev \/ NRK<\/p>\n<p>Hun forteller at personen som kom som enslig mindre\u00e5rig br\u00e5tt f\u00e5r ansvar for hele familien sin.<\/p>\n<p>\u2013 Det er gjerne familier som har stort hjelpebehov. Da f\u00e5r kommunen et stort oppdrag i \u00e5 hjelpe med \u00e5 skaffe bosted, m\u00f8blere og kj\u00f8pe inn hvitevarer, forklarer Owren.<\/p>\n<p>Flere vurderer \u00e5 si nei<\/p>\n<p>25 kommuner har tatt imot enslige mindre\u00e5rige if\u00f8lge kommunenes egen interesseorganisasjon KS. 22 har svart p\u00e5 KS sin rundsp\u00f8rring.<\/p>\n<p><img decoding=\"async\"   src=\"data:image\/gif;base64,R0lGODlhAQABAIAAAAAAAP\/\/\/yH5BAEAAAAALAAAAAABAAEAAAIBRAA7\" loading=\"eager\" alt=\"En person med gr\u00e5tt, b\u00f8lget h\u00e5r hviler h\u00e5nden under haken. Bakgrunnen viser et bl\u00e5tt opplyst rom med en gulvlampe. Personen har p\u00e5 seg en gr\u00f8nn genser over en svart skjorte. (Bildebeskrivelsen er laget av en KI-tjeneste)\" title=\"Foto: Jon Petrusson \/ NRK\"\/><\/p>\n<p class=\"\">HAR VARSLET: Nina Gran er fagleder i kommunenes egen interesseorganisasjon (KS). Hun sier de flere ganger har varslet direktorater og regjering om utfordringer med \u00e5 ta imot familier til enslige mindre\u00e5rige. <\/p>\n<p>Foto: Jon Petrusson \/ NRK<\/p>\n<p>\u2013 Samtlige melder at det er utfordrende, men i ulik grad, sier Nina Gran som er fagleder for innvandring og integrering. <\/p>\n<p>Hun f\u00e5r ogs\u00e5 h\u00f8re at flere kommuner vurderer \u00e5 kutte i antallet flyktninger de bosetter. <\/p>\n<p><strong>\u2013 Vi har bedt om at det foretas en bedre vurdering av om familiegjenforening er til barnets beste, sier hun. <\/strong><\/p>\n<p>UDI: Vet ikke om \u00f8kningen vil fortsette<\/p>\n<p>Utlendingsdirektoratet avgj\u00f8r hvem som har rett til \u00e5 f\u00e5 opphold, og hvem som ikke har det.<\/p>\n<p><img decoding=\"async\"   src=\"data:image\/gif;base64,R0lGODlhAQABAIAAAAAAAP\/\/\/yH5BAEAAAAALAAAAAABAAEAAAIBRAA7\" loading=\"eager\" alt=\"To menn sitter ved et bord i et m\u00f8terom. Den ene personen viser til opplysninger p\u00e5 et dokument, mens den andre lytter. Omgivelsene er preget av store vinduer som slipper inn naturlig lys. P\u00e5 bordet er det flere papirer og en mikrofon. (Bildebeskrivelsen er laget av en KI-tjeneste)\" title=\"Foto: Maria Erla Hilstad Flyum \/ NRK\"\/><\/p>\n<p class=\"\">REGELSTYRT: UDI-sjef Snorre S\u00e6ther sier de ikke ser p\u00e5 b\u00e6rekraften i den samlede innvandringen til Norge.<\/p>\n<p>Foto: Maria Erla Hilstad Flyum \/ NRK<\/p>\n<p>\u2013 Vi er jo en slags portvokter, sier Snorre S\u00e6ther. UDI-sjefen tar frem tallene som viser at familiegjenforening til enslige mindre\u00e5rige flyktninger vokser kraftig.<\/p>\n<p><strong>Fra 326 i fjor til 707 s\u00e5 langt i \u00e5r.<\/strong><\/p>\n<p>\u2013 Hvordan vil det bildet se ut framover?<\/p>\n<p>\u2013 Det er veldig vanskelig \u00e5 si.<\/p>\n<p>Syrere har v\u00e6rt en x-faktor fordi disse s\u00f8knadene har v\u00e6rt lagt p\u00e5 is etter Assad-regimets fall. UDI s\u00e5 en kraftig reduksjon i ankomster nesten umiddelbart etter at de stanset saksbehandlingen i desember 2024. <\/p>\n<p>I dag har regjeringen besluttet \u00e5 <a href=\"https:\/\/www.regjeringen.no\/no\/aktuelt\/justis-og-beredskapsdepartementet-forlenger-ikke-berostillelsen-av-asylsaker-fra-syria\/id3143849\/\" ec-id=\"https:\/\/www.regjeringen.no\/no\/aktuelt\/justis-og-beredskapsdepartementet-forlenger-ikke-berostillelsen-av-asylsaker-fra-syria\/id3143849\/\" ec-name=\"gjenoppta behandlingen\" rel=\"nofollow noopener\" target=\"_blank\">gjenoppta behandlingen<\/a> av disse s\u00f8knadene fra f\u00f8rste juledag, etter r\u00e5d fra UDI.<\/p>\n<p>\u2013 N\u00e5r vi n\u00e5 gjenopptar saksbehandlingen av syrerne, og gitt at en del av de enslige mindre\u00e5rige der f\u00e5r en tillatelse, s\u00e5 kan vi forvente flere familieinnvandringss\u00f8knader, sier S\u00e6ther. <\/p>\n<p>\u2013 Men ser dere p\u00e5 totaliteten, hva som er b\u00e6rekraftig i Norge?<\/p>\n<p>\u2013 B\u00e6rekraften er ikke noe vi vurderer i v\u00e5re saker. Vi anvender regelverket, rett og slett. <\/p>\n<p>\u2013 Vi m\u00e5 ha innstramming<\/p>\n<p>Familiegjenforening til enslige mindre\u00e5rige flyktninger utgj\u00f8r bare en liten andel av den samlede familieinnvandringen til Norge. Ved utgangen av november hadde 11.127 personer f\u00e5tt familieinnvandre til Norge. I fjor var tallet 9000. Den klart st\u00f8rste gruppen var syrere med knapt 2000.<\/p>\n<p><img decoding=\"async\"   src=\"data:image\/gif;base64,R0lGODlhAQABAIAAAAAAAP\/\/\/yH5BAEAAAAALAAAAAABAAEAAAIBRAA7\" loading=\"eager\" alt=\"En kvinne st\u00e5r foran en kamerautstyr i en utend\u00f8rs setting. Hun har p\u00e5 seg en m\u00f8rkegr\u00f8nn jakke og ser mot kameraet. I bakgrunnen kan man se en bygning og tr\u00e6r, og bakken er st\u00f8pt med trapper. Det er klart v\u00e6r, og omgivelsene gir en uformell kontekst til situasjonen. (Bildebeskrivelsen er laget av en KI-tjeneste)\" title=\"Foto: Maria Erla Hilstad Flyum \/ NRK\"\/><\/p>\n<p class=\"\">\u00abMITT ANSVAR\u00bb: Astri Aas-Hansen sier det er hennes og regjeringens ansvar at innvandringen til Norge er b\u00e6rekraftig. <\/p>\n<p>Foto: Maria Erla Hilstad Flyum \/ NRK<\/p>\n<p>\u2013 Hvem er det som tar ansvaret for totalen av innvandring til Norge?<\/p>\n<p><strong>\u2013 Det er mitt ansvar og regjeringas ansvar, sl\u00e5r justisminister Astri Aas-Hansen (Ap) fast.<\/strong><\/p>\n<p>Regjeringen har akkurat lagt fram en <a href=\"https:\/\/www.regjeringen.no\/contentassets\/66a93755b6f04e0494d842ec64d42fd9\/regjeringens-plan-for-norge.pdf\" ec-id=\"https:\/\/www.regjeringen.no\/contentassets\/66a93755b6f04e0494d842ec64d42fd9\/regjeringens-plan-for-norge.pdf\" ec-name=\"plan for Norge\" rel=\"nofollow noopener\" target=\"_blank\">plan for Norge<\/a> de neste fire \u00e5rene der de lover en \u00abb\u00e6rekraftig\u00bb innvandring til Norge.<\/p>\n<p>\u2013 Vi m\u00e5 ha innstramming i innvandringsregelverket, sier justisministeren. <\/p>\n<p>Og justisministeren har allerede varslet noen for enslige mindre\u00e5rige. <\/p>\n<p>Det mest grunnleggende er \u00e5 lovregulere at familiegjenforening skal v\u00e6re til barnets beste.<\/p>\n<p>Tror ikke endring vil ha effekt<\/p>\n<p>I Lillehammer tror kommunaldirekt\u00f8r Laila Owren regjeringens varslede tiltak vil ha liten effekt. Barnets beste-prinsippet gjelder allerede. <\/p>\n<p>\u2013 Ut ifra de signalene som er sendt gjennom media og kriteriene som er forespeila der, s\u00e5 ser ikke vi at det vil p\u00e5virke familiegjenforeningene i Lillehammer noe s\u00e6rlig, sier hun.<\/p>\n<p>\u2013 Hva tenker du om at Lillehammer tviler p\u00e5 at det gj\u00f8r noen stor forskjell?<\/p>\n<p>\u2013 Jeg mener at vi m\u00e5 se p\u00e5 dette, og ogs\u00e5 andre regelendringer. Vi ser p\u00e5 regelendringer i bredt for \u00e5 sikre en kontrollert, b\u00e6rekraftig og rettferdig innvandring, sier Aas-Hansen. <\/p>\n<p><strong>I statsbudsjettet markerte Arbeiderpartiet seg tydelig med \u00e5 kutte antall kvoteflyktninger Norge tar imot til bare 100.<\/strong><\/p>\n<p>\u2013 Dere setter tallet p\u00e5 kvoteflyktninger til 100. Samtidig har 11.000\u201312.000 f\u00e5tt familieinnvandre til Norge i \u00e5r. Hva er sammenheng i det?<\/p>\n<p>\u2013 Det er summen av dette vi m\u00e5 se p\u00e5, avslutter Aas-Hansen. <\/p>\n<p>Publisert<\/p>\n<p>18.12.2025, kl. 19.26<\/p>\n","protected":false},"excerpt":{"rendered":"Saken oppsummert Flere norske kommuner, inkludert Sarpsborg, vurderer \u00e5 si nei til \u00e5 bosette flere enslige mindre\u00e5rige asyls\u00f8kere&hellip;\n","protected":false},"author":2,"featured_media":116850,"comment_status":"","ping_status":"","sticky":false,"template":"","format":"standard","meta":{"footnotes":""},"categories":[10],"tags":[20,21,24,25,15,22,23,13,30,28,29,14,16,26,27],"class_list":{"0":"post-116849","1":"post","2":"type-post","3":"status-publish","4":"format-standard","5":"has-post-thumbnail","7":"category-norge","8":"tag-breaking-news","9":"tag-breakingnews","10":"tag-featured-news","11":"tag-featurednews","12":"tag-headlines","13":"tag-latest-news","14":"tag-latestnews","15":"tag-news","16":"tag-no","17":"tag-norge","18":"tag-norway","19":"tag-nyheter","20":"tag-overskrifter","21":"tag-top-stories","22":"tag-topstories"},"share_on_mastodon":{"url":"https:\/\/pubeurope.com\/@no\/115742339423246581","error":""},"_links":{"self":[{"href":"https:\/\/www.europesays.com\/no\/wp-json\/wp\/v2\/posts\/116849","targetHints":{"allow":["GET"]}}],"collection":[{"href":"https:\/\/www.europesays.com\/no\/wp-json\/wp\/v2\/posts"}],"about":[{"href":"https:\/\/www.europesays.com\/no\/wp-json\/wp\/v2\/types\/post"}],"author":[{"embeddable":true,"href":"https:\/\/www.europesays.com\/no\/wp-json\/wp\/v2\/users\/2"}],"replies":[{"embeddable":true,"href":"https:\/\/www.europesays.com\/no\/wp-json\/wp\/v2\/comments?post=116849"}],"version-history":[{"count":0,"href":"https:\/\/www.europesays.com\/no\/wp-json\/wp\/v2\/posts\/116849\/revisions"}],"wp:featuredmedia":[{"embeddable":true,"href":"https:\/\/www.europesays.com\/no\/wp-json\/wp\/v2\/media\/116850"}],"wp:attachment":[{"href":"https:\/\/www.europesays.com\/no\/wp-json\/wp\/v2\/media?parent=116849"}],"wp:term":[{"taxonomy":"category","embeddable":true,"href":"https:\/\/www.europesays.com\/no\/wp-json\/wp\/v2\/categories?post=116849"},{"taxonomy":"post_tag","embeddable":true,"href":"https:\/\/www.europesays.com\/no\/wp-json\/wp\/v2\/tags?post=116849"}],"curies":[{"name":"wp","href":"https:\/\/api.w.org\/{rel}","templated":true}]}}