{"id":116853,"date":"2025-12-18T20:03:11","date_gmt":"2025-12-18T20:03:11","guid":{"rendered":"https:\/\/www.europesays.com\/no\/116853\/"},"modified":"2025-12-18T20:03:11","modified_gmt":"2025-12-18T20:03:11","slug":"nye-bilder-fra-epstein-dokumentene-er-frigitt","status":"publish","type":"post","link":"https:\/\/www.europesays.com\/no\/116853\/","title":{"rendered":"Nye bilder fra Epstein-dokumentene er frigitt"},"content":{"rendered":"<p class=\"extendedContent hyperion-css-eyn926\" data-test-tag=\"lead-text\">Kontrollkomiteen i Kongressen har sluppet 68 nye bilder fra Epstein-dokumentene. Bildene inkluderer meldinger om en 18-\u00e5ring fra Russland.<\/p>\n<p><img decoding=\"async\" class=\"image-asset hyperion-css-u06ts1\" data-test-tag=\"image-asset\" src=\"https:\/\/www.europesays.com\/no\/wp-content\/uploads\/2025\/12\/019b0df4-4d6c-4584-aa7b-7cfb4a969425\"  alt=\"P\u00e5 ett av de nylig frigitte bildene ser man Epstein sammen med flere kvinner. Identiteten deres er ikke kjent.\"  loading=\"eager\" fetchpriority=\"high\" style=\"aspect-ratio:1584 \/ 1258\"\/>P\u00e5 ett av de nylig frigitte bildene ser man Epstein sammen med flere kvinner. Identiteten deres er ikke kjent. Foto: House Oversight Committee Democrats<\/p>\n<p>Publisert: 18.12.2025 18:41 |\u00a0Oppdatert: 18.12.2025 20:09<\/p>\n<p class=\"paywall hyperion-css-1j42uic\"><strong>Se flere bilder nederst i saken.<\/strong><\/p>\n<p class=\"paywall hyperion-css-1j42uic\">Kontrollkomiteen i den amerikanske kongressen har torsdag sluppet nye bilder fra Epstein-dokumentene. Bildene kommer \u00e9n dag f\u00f8r Trump-administrasjonens frist for \u00e5 offentliggj\u00f8re filene.<\/p>\n<p class=\"paywall hyperion-css-1j42uic\">Totalt dreier det seg om 68 nye bilder. Bildene er en del av et arkiv p\u00e5 95.000 bilder fra Epsteins d\u00f8dsbo, som komiteen mottok forrige uke, if\u00f8lge <a aria-label=\"Demokratene\" class=\"default hyperion-css-1raymq9\" href=\"https:\/\/oversightdemocrats.house.gov\/news\/press-releases\/ranking-member-robert-garcia-statement-after-oversight-democrats-receive-95000\" target=\"_blank\" rel=\"noopener nofollow noreferrer\" data-test-tag=\"external-link\">Demokratene<\/a>.<\/p>\n<p class=\"paywall hyperion-css-1j42uic\">I de nye filene er det blant annet bilder av milliard\u00e6ren Bill Gates og den amerikanske filosofen Noam Chomsky, skjermdumper av private meldinger og ulike reisedokumenter.<\/p>\n<p class=\"paywall hyperion-css-1j42uic\">Den demokratiske representanten Robert Garcia sier at demokratene vil fortsette \u00e5 offentliggj\u00f8re bilder og dokumenter fra filene \u00abfor \u00e5 sikre \u00e5penhet for det amerikanske folket\u00bb.<\/p>\n<p class=\"paywall hyperion-css-1j42uic\">\u2013 Vi m\u00e5 f\u00e5 slutt p\u00e5 Det hvite hus&#8217; dekkoperasjon, og Justisdepartementet m\u00e5 offentliggj\u00f8re Epstein-filene n\u00e5, sa Garcia, if\u00f8lge <a aria-label=\"CBS\" class=\"default hyperion-css-1raymq9\" href=\"https:\/\/www.cbsnews.com\/live-updates\/epstein-files-photos-house-democrats-estate\/\" target=\"_blank\" rel=\"noopener nofollow noreferrer\" data-test-tag=\"external-link\">CBS<\/a>.<\/p>\n<p class=\"paywall hyperion-css-1j42uic\">Det hvite hus mener at Demokratene \u00abplukker ut\u00bb bilder fra materialet for \u00e5 fremme et falskt narrativ, skriver CBS.<\/p>\n<p>\u00ab1000 dollar pr. jente\u00bb<\/p>\n<p class=\"paywall hyperion-css-1j42uic\">I en av skjermdumpene er det tekstmeldinger fra en ukjent person. I meldingene skrives det om en 18 \u00e5r gammel person fra Russland. I meldingene skrives det om noen som ber om \u00ab1000 dollar pr. jente\u00bb og at vedkommende skal \u00absende jenter n\u00e5\u00bb.<\/p>\n<p class=\"paywall hyperion-css-1j42uic\">Meldingen inneholder sladdet personlig informasjon om en persons navn, alder, m\u00e5l, vekt og \u00abavreisested\u00bb, der det er oppf\u00f8rt en sladdet by og landet Russland.<\/p>\n<p><img decoding=\"async\" class=\"image-asset hyperion-css-u06ts1\" data-test-tag=\"image-asset\" src=\"https:\/\/www.europesays.com\/no\/wp-content\/uploads\/2025\/12\/2c4b50c6-2bcc-46a7-8923-bf6a2d50fcce\"  alt=\"En skjermdump av meldinger fra en ukjent avsender.\"  loading=\"eager\" fetchpriority=\"high\" style=\"aspect-ratio:620 \/ 822\"\/>En skjermdump av meldinger fra en ukjent avsender. Foto: House Oversight Committee DemocratsLolita-ekspressen<\/p>\n<p class=\"paywall hyperion-css-1j42uic\">Flere av bildene viser utdrag fra Vladimir Nabokovs \u00abLolita\u00bb, skrevet p\u00e5 ulike deler av en persons kropp. I bakgrunnen ligger et eksemplar av samme bok. Et av de andre bildene viser tekst skrevet p\u00e5 en kvinnes bryster.<\/p>\n<p class=\"paywall hyperion-css-1j42uic\">Referanser til ordet Lolita har fulgt Epstein-saken lenge. Blant annet er finansmannens privatfly senere omd\u00f8pt til \u00ab<a aria-label=\"Lolita-ekspressen\" class=\"default hyperion-css-1raymq9\" href=\"https:\/\/www.thetimes.com\/us\/news-today\/article\/jeffery-epstein-bill-clinton-hillary-trump-fzvkjddxj\" target=\"_blank\" rel=\"noopener nofollow noreferrer\" data-test-tag=\"external-link\">Lolita-ekspressen<\/a>\u00bb.<\/p>\n<p><img decoding=\"async\" class=\"image-asset hyperion-css-u06ts1\" data-test-tag=\"image-asset\" src=\"https:\/\/www.europesays.com\/no\/wp-content\/uploads\/2025\/12\/41a32c5c-9fc1-4088-a3e3-5368b0b9c125\"  alt=\"Dette er et av flere bilder som viser utdrag fra boken \u00abLolita\u00bb skrevet p\u00e5 en persons kropp.\"  loading=\"eager\" fetchpriority=\"high\" style=\"aspect-ratio:620 \/ 492\"\/>Dette er et av flere bilder som viser utdrag fra boken \u00abLolita\u00bb skrevet p\u00e5 en persons kropp. Foto: House Oversight Committee DemocratsTredje gang i desember<\/p>\n<p class=\"paywall hyperion-css-1j42uic\">Dette er tredje gang det er sluppet bilder fra Epstein-arkivene i desember. Flere profilerte mennesker er avbildet i bildene som ble offentliggjort <a data-test-tag=\"internal-link\" href=\"https:\/\/www.aftenposten.no\/verden\/i\/0pEldE\/nye-epstein-bilder-viser-trump-som-poserer-med-flere-kvinner\" class=\"hyperion-css-1raymq9\" rel=\"nofollow noopener\" target=\"\" aria-label=\"forrige uke\">forrige uke<\/a>.<\/p>\n<p class=\"paywall hyperion-css-1j42uic\">Blant dem er USAs Donald Trump, tidligere president Bill Clinton og filmregiss\u00f8r Woody Allen.<\/p>\n<p class=\"paywall hyperion-css-1j42uic\">Tidligere i <a data-test-tag=\"internal-link\" href=\"https:\/\/www.aftenposten.no\/verden\/i\/43jnyR\/slipper-nye-bilder-og-videoer-fra-epsteins-private-oey-forstyrrende-innblikk\" class=\"hyperion-css-1raymq9\" rel=\"nofollow noopener\" target=\"\" aria-label=\"desember\">desember<\/a> ble det sluppet bilder og videoer fra Epsteins private \u00f8y.<\/p>\n<p>En liten bygning p\u00e5 Epsteins private \u00f8y Little St. James i Karibia.<\/p>\n<p>1 av 5Foto: House Oversight Committee Democrats<\/p>\n","protected":false},"excerpt":{"rendered":"Kontrollkomiteen i Kongressen har sluppet 68 nye bilder fra Epstein-dokumentene. Bildene inkluderer meldinger om en 18-\u00e5ring fra Russland.&hellip;\n","protected":false},"author":2,"featured_media":116854,"comment_status":"","ping_status":"","sticky":false,"template":"","format":"standard","meta":{"footnotes":""},"categories":[12],"tags":[20,21,24,25,15,22,23,13,30,28,29,14,16,26,27,42,43,44,45],"class_list":{"0":"post-116853","1":"post","2":"type-post","3":"status-publish","4":"format-standard","5":"has-post-thumbnail","7":"category-verden","8":"tag-breaking-news","9":"tag-breakingnews","10":"tag-featured-news","11":"tag-featurednews","12":"tag-headlines","13":"tag-latest-news","14":"tag-latestnews","15":"tag-news","16":"tag-no","17":"tag-norge","18":"tag-norway","19":"tag-nyheter","20":"tag-overskrifter","21":"tag-top-stories","22":"tag-topstories","23":"tag-verden","24":"tag-world","25":"tag-world-news","26":"tag-worldnews"},"share_on_mastodon":{"url":"https:\/\/pubeurope.com\/@no\/115742363535782986","error":""},"_links":{"self":[{"href":"https:\/\/www.europesays.com\/no\/wp-json\/wp\/v2\/posts\/116853","targetHints":{"allow":["GET"]}}],"collection":[{"href":"https:\/\/www.europesays.com\/no\/wp-json\/wp\/v2\/posts"}],"about":[{"href":"https:\/\/www.europesays.com\/no\/wp-json\/wp\/v2\/types\/post"}],"author":[{"embeddable":true,"href":"https:\/\/www.europesays.com\/no\/wp-json\/wp\/v2\/users\/2"}],"replies":[{"embeddable":true,"href":"https:\/\/www.europesays.com\/no\/wp-json\/wp\/v2\/comments?post=116853"}],"version-history":[{"count":0,"href":"https:\/\/www.europesays.com\/no\/wp-json\/wp\/v2\/posts\/116853\/revisions"}],"wp:featuredmedia":[{"embeddable":true,"href":"https:\/\/www.europesays.com\/no\/wp-json\/wp\/v2\/media\/116854"}],"wp:attachment":[{"href":"https:\/\/www.europesays.com\/no\/wp-json\/wp\/v2\/media?parent=116853"}],"wp:term":[{"taxonomy":"category","embeddable":true,"href":"https:\/\/www.europesays.com\/no\/wp-json\/wp\/v2\/categories?post=116853"},{"taxonomy":"post_tag","embeddable":true,"href":"https:\/\/www.europesays.com\/no\/wp-json\/wp\/v2\/tags?post=116853"}],"curies":[{"name":"wp","href":"https:\/\/api.w.org\/{rel}","templated":true}]}}