{"id":116855,"date":"2025-12-18T20:04:33","date_gmt":"2025-12-18T20:04:33","guid":{"rendered":"https:\/\/www.europesays.com\/no\/116855\/"},"modified":"2025-12-18T20:04:33","modified_gmt":"2025-12-18T20:04:33","slug":"skolene-i-grenland-som-kommer-best-og-darligst-ut-pa-mobbing-rektor-ikke-hyggelige-tall-telemarksavisa","status":"publish","type":"post","link":"https:\/\/www.europesays.com\/no\/116855\/","title":{"rendered":"Skolene i Grenland som kommer best og d\u00e5rligst ut p\u00e5 mobbing \u2013 rektor: \u2013 Ikke hyggelige tall &#8211; Telemarksavisa"},"content":{"rendered":"<ol>\n<li><a href=\"https:\/\/news.google.com\/rss\/articles\/CBMivAFBVV95cUxOMGpjcTNBX2tULWs4UEhoOEJKYXQtQjkwTWRzS1paSWpEaDZaeEswUldNY2Q3XzA5NnBzREdvV0c1R3ZnNEhJSzRBYTl2Ni0tR2t0dTdrVUZJTVcweEZQTm1VTmN0d09Hb0trdU9zdXZTb1dudmxKMmNVVDBYR2JpTE5aRFBTLThkX202V3FNYm1IT0wwbE1OMkhfWEVxM3Z0Z3JRVkhTdVpqbFBucUlZUHBiLVhIbzRhdUN1YQ?oc=5\" target=\"_blank\" rel=\"nofollow noopener\">Skolene i Grenland som kommer best og d\u00e5rligst ut p\u00e5 mobbing \u2013 rektor: \u2013 Ikke hyggelige tall<\/a>&nbsp;&nbsp;Telemarksavisa<\/li>\n<li><a href=\"https:\/\/news.google.com\/rss\/articles\/CBMif0FVX3lxTE5hd0t0UFpMck14S0Rfa09lcG5WbXpKVG5iei0tWHZZSzZsb0RxZHVGV1BUUDJaX0U1SGl6WlNYc3AyVXRhRXFhVHl2YkRRbXp0bEx4cms2ZDFISXZXUHpPZFhPSFNEMW9ObWZhblgtLVBFTlMzWU5GWXIwazlDQkU?oc=5\" target=\"_blank\" rel=\"nofollow noopener\">Gj\u00f8r fortsatt alfor vondt for mange<\/a>&nbsp;&nbsp;smp.no<\/li>\n<li><a href=\"https:\/\/news.google.com\/rss\/articles\/CBMikgFBVV95cUxNQnlOQlJJRlAxM2MxaGVLaVRjUk5wVm1YRzluNkkyVWducEVLNXV1UFhDZTlMRE9HbjYzTGJxMV9ZVHlZNV8yNHl2ak85QVg1TERFNkk1RS15aG5QZkpsZGktR0tSOGJONEREajdQeU1ldFZjVUFnTHRHY2oyamdGbTg5WXowOENZdURROUgyX19RZw?oc=5\" target=\"_blank\" rel=\"nofollow noopener\">Nyhet, Haugjordet ungdomsskole | Snudde trenden: Men noen tall f\u00e5r innbyggerne ikke se<\/a>&nbsp;&nbsp;\u00d8stlandets Blad<\/li>\n<li><a href=\"https:\/\/news.google.com\/rss\/articles\/CBMiqgFBVV95cUxOT0ZYUm95Yi1ESHBtZjBxNkRHeWlUV1pVOUNQTGFjLU1DT0JuTGhXNzdDVXlsa0hnbGJjeWhQblplNEpNYkdQQ0RBRGR1cEUycFlPQmlPN0tFYmczLTJpd3RISmtYYTB1bll2a3RWMjRiUk00QmJZeXlocXFsTVpMRlhXQlYtOGxNc19haEhScW96ejBYVDduR0tZNnlIcUs1YU00aWJOV1hRdw?oc=5\" target=\"_blank\" rel=\"nofollow noopener\">Mobbing, Elevunders\u00f8kelsen | Stor oversikt: Her blir flest mobbet p\u00e5 videreg\u00e5ende skole<\/a>&nbsp;&nbsp;Nettavisen<\/li>\n<li><a href=\"https:\/\/news.google.com\/rss\/articles\/CBMiiAFBVV95cUxQX1JQVG8wcnJGS1BEUlEzMlc0dS10OWl2d1lHSVQ2TDZGX3otRmxqN3hIcm5NcG5penlYNmJTRUp5QkZUNDZNand6cWZfZTV4OGxuMjhLY2VVM0pZRVNNR284UUpXUXdZN2Zkb3pqVnVTS1ZtUGZmZ2hXUHpQMER6aFp3eWtGVmxW?oc=5\" target=\"_blank\" rel=\"nofollow noopener\">Skoleelev: \u00abJeg vet hvor vondt det gj\u00f8r\u00bb<\/a>&nbsp;&nbsp;varden.no<\/li>\n<\/ol>\n","protected":false},"excerpt":{"rendered":"Skolene i Grenland som kommer best og d\u00e5rligst ut p\u00e5 mobbing \u2013 rektor: \u2013 Ikke hyggelige tall&nbsp;&nbsp;Telemarksavisa Gj\u00f8r&hellip;\n","protected":false},"author":2,"featured_media":116856,"comment_status":"","ping_status":"","sticky":false,"template":"","format":"standard","meta":{"footnotes":""},"categories":[10],"tags":[20,21,24,25,15,22,23,13,30,28,29,14,16,26,27],"class_list":{"0":"post-116855","1":"post","2":"type-post","3":"status-publish","4":"format-standard","5":"has-post-thumbnail","7":"category-norge","8":"tag-breaking-news","9":"tag-breakingnews","10":"tag-featured-news","11":"tag-featurednews","12":"tag-headlines","13":"tag-latest-news","14":"tag-latestnews","15":"tag-news","16":"tag-no","17":"tag-norge","18":"tag-norway","19":"tag-nyheter","20":"tag-overskrifter","21":"tag-top-stories","22":"tag-topstories"},"share_on_mastodon":{"url":"https:\/\/pubeurope.com\/@no\/115742366982261523","error":""},"_links":{"self":[{"href":"https:\/\/www.europesays.com\/no\/wp-json\/wp\/v2\/posts\/116855","targetHints":{"allow":["GET"]}}],"collection":[{"href":"https:\/\/www.europesays.com\/no\/wp-json\/wp\/v2\/posts"}],"about":[{"href":"https:\/\/www.europesays.com\/no\/wp-json\/wp\/v2\/types\/post"}],"author":[{"embeddable":true,"href":"https:\/\/www.europesays.com\/no\/wp-json\/wp\/v2\/users\/2"}],"replies":[{"embeddable":true,"href":"https:\/\/www.europesays.com\/no\/wp-json\/wp\/v2\/comments?post=116855"}],"version-history":[{"count":0,"href":"https:\/\/www.europesays.com\/no\/wp-json\/wp\/v2\/posts\/116855\/revisions"}],"wp:featuredmedia":[{"embeddable":true,"href":"https:\/\/www.europesays.com\/no\/wp-json\/wp\/v2\/media\/116856"}],"wp:attachment":[{"href":"https:\/\/www.europesays.com\/no\/wp-json\/wp\/v2\/media?parent=116855"}],"wp:term":[{"taxonomy":"category","embeddable":true,"href":"https:\/\/www.europesays.com\/no\/wp-json\/wp\/v2\/categories?post=116855"},{"taxonomy":"post_tag","embeddable":true,"href":"https:\/\/www.europesays.com\/no\/wp-json\/wp\/v2\/tags?post=116855"}],"curies":[{"name":"wp","href":"https:\/\/api.w.org\/{rel}","templated":true}]}}