{"id":116859,"date":"2025-12-18T20:14:14","date_gmt":"2025-12-18T20:14:14","guid":{"rendered":"https:\/\/www.europesays.com\/no\/116859\/"},"modified":"2025-12-18T20:14:14","modified_gmt":"2025-12-18T20:14:14","slug":"ille-bra-podden-ny-podkastepisode-arskavalkade-2025-i-fredrikstad-hor-ille-bra-podden-na","status":"publish","type":"post","link":"https:\/\/www.europesays.com\/no\/116859\/","title":{"rendered":"Ille.bra-podden, Ny podkastepisode | \u00c5rskavalkade 2025 i Fredrikstad \u2013 h\u00f8r ille.bra-podden n\u00e5"},"content":{"rendered":"\n<p><b>***H\u00f8r podkasten ved \u00e5 starte playeren i vinduet over***<\/b><\/p>\n<p>Du verden s\u00e5 mye som har skjedd i dette \u00e5ret i v\u00e5rt distrikt. Stort sett hver eneste uka har ille.bra-podden tatt for seg saker som preger nyhetsbildet.<\/p>\n<p>N\u00e5 er tiden inne for \u00e5 oppsummere 2025. Det gj\u00f8res i to episoder, en f\u00f8r jul og en i romjula.<\/p>\n<p>Det utvidede panelet snakker i denne episoden om:<\/p>\n<p>Ogs\u00e5 blir det et par sp\u00e5dommer fra Anne-Lene Fr\u00f8landshagen, Stein Ove Korneliussen, Dag Ole Johansen, Elisabeth Skovly, Karoline Skr\u00f8der, Marianne Hol\u00f8ien og Trond \u00d8yvind Karterud.<\/p>\n<p>Vi beklager noe d\u00e5rligere lydkvalitet p\u00e5 slutten av episoden.<\/p>\n","protected":false},"excerpt":{"rendered":"***H\u00f8r podkasten ved \u00e5 starte playeren i vinduet over*** Du verden s\u00e5 mye som har skjedd i dette&hellip;\n","protected":false},"author":2,"featured_media":116860,"comment_status":"","ping_status":"","sticky":false,"template":"","format":"standard","meta":{"footnotes":""},"categories":[12],"tags":[36,20,21,24,25,1595,15,14098,22,23,14100,13,30,28,29,14099,14,16,1510,26,27,3119,42,43,44,45],"class_list":{"0":"post-116859","1":"post","2":"type-post","3":"status-publish","4":"format-standard","5":"has-post-thumbnail","7":"category-verden","8":"tag-art","9":"tag-breaking-news","10":"tag-breakingnews","11":"tag-featured-news","12":"tag-featurednews","13":"tag-fredrikstad-sentrum","14":"tag-headlines","15":"tag-ille-bra-podden","16":"tag-latest-news","17":"tag-latestnews","18":"tag-naeringsliv-og-okonomi","19":"tag-news","20":"tag-no","21":"tag-norge","22":"tag-norway","23":"tag-ny-podkastepisode","24":"tag-nyheter","25":"tag-overskrifter","26":"tag-story","27":"tag-top-stories","28":"tag-topstories","29":"tag-uteliv","30":"tag-verden","31":"tag-world","32":"tag-world-news","33":"tag-worldnews"},"share_on_mastodon":{"url":"https:\/\/pubeurope.com\/@no\/115742406601966085","error":""},"_links":{"self":[{"href":"https:\/\/www.europesays.com\/no\/wp-json\/wp\/v2\/posts\/116859","targetHints":{"allow":["GET"]}}],"collection":[{"href":"https:\/\/www.europesays.com\/no\/wp-json\/wp\/v2\/posts"}],"about":[{"href":"https:\/\/www.europesays.com\/no\/wp-json\/wp\/v2\/types\/post"}],"author":[{"embeddable":true,"href":"https:\/\/www.europesays.com\/no\/wp-json\/wp\/v2\/users\/2"}],"replies":[{"embeddable":true,"href":"https:\/\/www.europesays.com\/no\/wp-json\/wp\/v2\/comments?post=116859"}],"version-history":[{"count":0,"href":"https:\/\/www.europesays.com\/no\/wp-json\/wp\/v2\/posts\/116859\/revisions"}],"wp:featuredmedia":[{"embeddable":true,"href":"https:\/\/www.europesays.com\/no\/wp-json\/wp\/v2\/media\/116860"}],"wp:attachment":[{"href":"https:\/\/www.europesays.com\/no\/wp-json\/wp\/v2\/media?parent=116859"}],"wp:term":[{"taxonomy":"category","embeddable":true,"href":"https:\/\/www.europesays.com\/no\/wp-json\/wp\/v2\/categories?post=116859"},{"taxonomy":"post_tag","embeddable":true,"href":"https:\/\/www.europesays.com\/no\/wp-json\/wp\/v2\/tags?post=116859"}],"curies":[{"name":"wp","href":"https:\/\/api.w.org\/{rel}","templated":true}]}}